{"id":17366,"date":"2022-07-07T12:15:51","date_gmt":"2022-07-07T08:15:51","guid":{"rendered":"http:\/\/veteran.az\/?p=17366"},"modified":"2022-07-07T12:15:51","modified_gmt":"2022-07-07T08:15:51","slug":"az%c9%99rbaycan-respublikasi-prezidentinin-f%c9%99rmani","status":"publish","type":"post","link":"https:\/\/veteran.az\/?p=17366","title":{"rendered":"Az\u0259rbaycan Respublikas\u0131 Prezidentinin F\u0259rman\u0131"},"content":{"rendered":"\n<p><strong>\u201cAz\u0259rbaycan Respublikas\u0131n\u0131n \u018fm\u0259k v\u0259 \u018fhalinin Sosial M\u00fcdafi\u0259si Nazirliyi il\u0259 Pakistan \u0130slam Respublikas\u0131n\u0131n Xaricd\u0259 Ya\u015fayan Pakistanl\u0131larla \u0130\u015f v\u0259 \u0130nsan Resurslar\u0131n\u0131n \u0130nki\u015faf\u0131 Nazirliyi aras\u0131nda \u0259m\u0259k, m\u0259\u015f\u011fulluq v\u0259 sosial m\u00fcdafi\u0259 sah\u0259l\u0259rind\u0259 \u0259m\u0259kda\u015fl\u0131q haqq\u0131nda Anla\u015fma Memorandumu\u201dnun t\u0259sdiq edilm\u0259si bar\u0259d\u0259 Az\u0259rbaycan Respublikas\u0131 Prezidenti F\u0259rman imzalay\u0131b.<\/strong><\/p>\n\n\n\n<p>Az\u0259rbaycan Respublikas\u0131 Konstitusiyas\u0131n\u0131n 109-cu madd\u0259sinin 17-ci b\u0259ndini r\u0259hb\u0259r tutaraq q\u0259rara al\u0131ram:<\/p>\n\n\n\n<p>1. 2022-ci il may\u0131n 25-d\u0259 Bak\u0131 \u015f\u0259h\u0259rind\u0259 imzalanm\u0131\u015f \u201cAz\u0259rbaycan Respublikas\u0131n\u0131n \u018fm\u0259k v\u0259 \u018fhalinin Sosial M\u00fcdafi\u0259si Nazirliyi il\u0259 Pakistan \u0130slam Respublikas\u0131n\u0131n Xaricd\u0259 Ya\u015fayan Pakistanl\u0131larla \u0130\u015f v\u0259 \u0130nsan Resurslar\u0131n\u0131n \u0130nki\u015faf\u0131 Nazirliyi aras\u0131nda \u0259m\u0259k, m\u0259\u015f\u011fulluq v\u0259 sosial m\u00fcdafi\u0259 sah\u0259l\u0259rind\u0259 \u0259m\u0259kda\u015fl\u0131q haqq\u0131nda Anla\u015fma Memorandumu\u201d t\u0259sdiq edilsin.<\/p>\n\n\n\n<p>2. Bu F\u0259rman\u0131n 1-ci hiss\u0259sind\u0259 g\u00f6st\u0259ril\u0259n Anla\u015fma Memorandumu q\u00fcvv\u0259y\u0259 mindikd\u0259n sonra Az\u0259rbaycan Respublikas\u0131n\u0131n \u018fm\u0259k v\u0259 \u018fhalinin Sosial M\u00fcdafi\u0259si Nazirliyi onun m\u00fcdd\u0259alar\u0131n\u0131n h\u0259yata ke\u00e7irilm\u0259sini t\u0259min etsin.<\/p>\n\n\n\n<p>3. Az\u0259rbaycan Respublikas\u0131n\u0131n Xarici \u0130\u015fl\u0259r Nazirliyi Anla\u015fma Memorandumunun q\u00fcvv\u0259y\u0259 minm\u0259si \u00fc\u00e7\u00fcn z\u0259ruri olan d\u00f6vl\u0259tdaxili prosedurlar\u0131n yerin\u0259 yetirildiyi bar\u0259d\u0259 Pakistan \u0130slam Respublikas\u0131 H\u00f6kum\u0259tin\u0259 bildiri\u015f g\u00f6nd\u0259rsin.<\/p>\n","protected":false},"excerpt":{"rendered":"<p>\u201cAz\u0259rbaycan Respublikas\u0131n\u0131n \u018fm\u0259k v\u0259 \u018fhalinin Sosial M\u00fcdafi\u0259si Nazirliyi il\u0259 Pakistan \u0130slam Respublikas\u0131n\u0131n Xaricd\u0259 Ya\u015fayan Pakistanl\u0131larla&#8230;<\/p>\n","protected":false},"author":3,"featured_media":17214,"comment_status":"closed","ping_status":"closed","sticky":false,"template":"","format":"standard","meta":{"footnotes":""},"categories":[6],"tags":[],"class_list":["post-17366","post","type-post","status-publish","format-standard","has-post-thumbnail","hentry","category-cmiyyt"],"featured_image_urls":{"full":["https:\/\/veteran.az\/wp-content\/uploads\/2022\/06\/FotoJet-2022-06-27T133306.748.jpg",620,413,false],"thumbnail":["https:\/\/veteran.az\/wp-content\/uploads\/2022\/06\/FotoJet-2022-06-27T133306.748-150x150.jpg",150,150,true],"medium":["https:\/\/veteran.az\/wp-content\/uploads\/2022\/06\/FotoJet-2022-06-27T133306.748-300x200.jpg",300,200,true],"medium_large":["https:\/\/veteran.az\/wp-content\/uploads\/2022\/06\/FotoJet-2022-06-27T133306.748.jpg",620,413,false],"large":["https:\/\/veteran.az\/wp-content\/uploads\/2022\/06\/FotoJet-2022-06-27T133306.748.jpg",620,413,false],"1536x1536":["https:\/\/veteran.az\/wp-content\/uploads\/2022\/06\/FotoJet-2022-06-27T133306.748.jpg",620,413,false],"2048x2048":["https:\/\/veteran.az\/wp-content\/uploads\/2022\/06\/FotoJet-2022-06-27T133306.748.jpg",620,413,false],"covernews-slider-full":["https:\/\/veteran.az\/wp-content\/uploads\/2022\/06\/FotoJet-2022-06-27T133306.748.jpg",620,413,false],"covernews-slider-center":["https:\/\/veteran.az\/wp-content\/uploads\/2022\/06\/FotoJet-2022-06-27T133306.748.jpg",620,413,false],"covernews-featured":["https:\/\/veteran.az\/wp-content\/uploads\/2022\/06\/FotoJet-2022-06-27T133306.748.jpg",620,413,false],"covernews-medium":["https:\/\/veteran.az\/wp-content\/uploads\/2022\/06\/FotoJet-2022-06-27T133306.748-620x380.jpg",540,331,true],"covernews-medium-square":["https:\/\/veteran.az\/wp-content\/uploads\/2022\/06\/FotoJet-2022-06-27T133306.748.jpg",375,250,false]},"author_info":{"display_name":"Veteran.az","author_link":"https:\/\/veteran.az\/?author=3"},"category_info":"<a href=\"https:\/\/veteran.az\/?cat=6\" rel=\"category\">C\u0259miyy\u0259t<\/a>","tag_info":"C\u0259miyy\u0259t","comment_count":"0","_links":{"self":[{"href":"https:\/\/veteran.az\/index.php?rest_route=\/wp\/v2\/posts\/17366","targetHints":{"allow":["GET"]}}],"collection":[{"href":"https:\/\/veteran.az\/index.php?rest_route=\/wp\/v2\/posts"}],"about":[{"href":"https:\/\/veteran.az\/index.php?rest_route=\/wp\/v2\/types\/post"}],"author":[{"embeddable":true,"href":"https:\/\/veteran.az\/index.php?rest_route=\/wp\/v2\/users\/3"}],"replies":[{"embeddable":true,"href":"https:\/\/veteran.az\/index.php?rest_route=%2Fwp%2Fv2%2Fcomments&post=17366"}],"version-history":[{"count":1,"href":"https:\/\/veteran.az\/index.php?rest_route=\/wp\/v2\/posts\/17366\/revisions"}],"predecessor-version":[{"id":17367,"href":"https:\/\/veteran.az\/index.php?rest_route=\/wp\/v2\/posts\/17366\/revisions\/17367"}],"wp:featuredmedia":[{"embeddable":true,"href":"https:\/\/veteran.az\/index.php?rest_route=\/wp\/v2\/media\/17214"}],"wp:attachment":[{"href":"https:\/\/veteran.az\/index.php?rest_route=%2Fwp%2Fv2%2Fmedia&parent=17366"}],"wp:term":[{"taxonomy":"category","embeddable":true,"href":"https:\/\/veteran.az\/index.php?rest_route=%2Fwp%2Fv2%2Fcategories&post=17366"},{"taxonomy":"post_tag","embeddable":true,"href":"https:\/\/veteran.az\/index.php?rest_route=%2Fwp%2Fv2%2Ftags&post=17366"}],"curies":[{"name":"wp","href":"https:\/\/api.w.org\/{rel}","templated":true}]}}