{"id":1736,"date":"2019-10-10T22:01:54","date_gmt":"2019-10-10T18:01:54","guid":{"rendered":"http:\/\/veteran.az\/?p=1736"},"modified":"2019-10-10T22:01:57","modified_gmt":"2019-10-10T18:01:57","slug":"%c9%99mr-et-komandanim","status":"publish","type":"post","link":"https:\/\/veteran.az\/?p=1736","title":{"rendered":"\u018fMR ET, KOMANDANIM!"},"content":{"rendered":"\n<p>AVMV\u0130B s\u0259drinin s\u0259lahiyy\u0259tli n\u00fcmay\u0259nd\u0259si, AVMV\u0130B N\u0259simi rayon \u015f\u00f6b\u0259sinin s\u0259dri, &#171;Az\u0259rbaycan Bayra\u011f\u0131&#187; ordenli polkovnik Elmar H\u00fcseynov \u00f6lk\u0259 ba\u015f\u00e7\u0131s\u0131n\u0131n m\u0259lum Valday \u00e7\u0131x\u0131\u015f\u0131 il\u0259 ba\u011fl\u0131 m\u00fcnasib\u0259t bildirib: &#171;M\u0259n d\u0259 bir m\u00fcharib\u0259 adam\u0131 kimi Prezidentimiz, Ali Ba\u015f Komandan c\u0259nab \u0130lham \u018fliyevin Valday \u00e7\u0131x\u0131\u015f\u0131n\u0131 alq\u0131\u015flay\u0131ram.<\/p>\n\n\n\n<p>Erm\u0259nistan\u0131n ba\u015f nazirinin g\u00f6zl\u0259diyi cavab\u0131 Az\u0259rbaycan Prezidenti y\u0131\u011fcam \u015f\u0259kild\u0259 v\u0259 d\u0259qiq verdi. V\u0259 q\u00fcrurvericidir ki, \u00f6z\u00fcn\u0259 tam inamla, simas\u0131nda t\u0259b\u0259ss\u00fcml\u0259 ifad\u0259 etdi. \u0130lham \u018fliyev &#171;Qaraba\u011f Erm\u0259nistand\u0131r&#187; ifad\u0259sinin yalan oldu\u011funu g\u00f6st\u0259rdi. H\u0259min \u0259razinin statusu 1921-ci ild\u0259 Qafqaz b\u00fcrosunun q\u0259rar\u0131 il\u0259 &#171;Az\u0259rbaycan\u0131n t\u0259rkibind\u0259 qals\u0131n&#187; kimi m\u00fc\u0259yy\u0259n edilib. Nikol Pa\u015finyan da daxil olmaqla, b\u0259zi erm\u0259nil\u0259r is\u0259 &#171;Az\u0259rbaycana verilsin&#187; kimi yaz\u0131ld\u0131\u011f\u0131n\u0131 iddia edirl\u0259r. Bunlar konkret s\u0259n\u0259di d\u0259 t\u0259hrif etm\u0259y\u0259 utanm\u0131rlar. \u00c7\u00fcnki h\u0259qiq\u0259td\u0259n \u0259n\u0259n\u0259vi olaraq qorxurlar.<\/p>\n\n\n\n<p>Daha q\u0259diml\u0259r\u0259 m\u00fcraci\u0259t ed\u0259n Az\u0259rbaycan Prezidenti q\u0259tiyy\u0259tl\u0259 b\u0259yan edib ki, Da\u011fl\u0131q Qaraba\u011f tarixi, m\u0259d\u0259ni, demoqrafik, siyasi, geosiyasi v\u0259 b\u00fct\u00fcn dig\u0259r m\u0259nalarda daim Az\u0259rbaycan\u0131n olub v\u0259 ora indi d\u0259 Az\u0259rbaycand\u0131r. V\u0259 h\u0259min fikri Prezident tarix\u0259 d\u00fc\u015f\u0259n d\u0259qiqlikl\u0259 ifad\u0259 edib: &#171;Qaraba\u011f Az\u0259rbaycand\u0131r v\u0259 nida i\u015far\u0259si&#187; Erm\u0259ni m\u0259tbuat\u0131 bu fikrin Nikol Pa\u015finyan\u0131n &#171;n\u00f6qt\u0259sini \u0259zib ke\u00e7diyini&#187; yaz\u0131b. Do\u011frudan da \u00e7ox g\u00fccl\u00fc, d\u0259qiq, y\u0131\u011fcam v\u0259 eyni d\u0259r\u0259c\u0259d\u0259 obyektiv cavabd\u0131r.<\/p>\n\n\n\n<p>Biz bilirik ki, bu g\u00fcn d\u00fcnyada ged\u0259n m\u00fcr\u0259kk\u0259b siyasi prosesl\u0259rin, hegemon d\u00f6vl\u0259tl\u0259rin qar\u015f\u0131s\u0131nda s\u00f6z sahibi olmaq n\u0259 h\u0259r d\u00f6vl\u0259tin, n\u0259 d\u0259 ki, h\u0259r d\u00f6vl\u0259t ba\u015f\u00e7\u0131s\u0131n\u0131n h\u00fcn\u0259ri deyil.<\/p>\n\n\n\n<p>Az\u0259rbaycan Respublikas\u0131n\u0131n Prezidentinin bel\u0259 q\u0259ti, s\u0259rt, c\u0259sar\u0259tli \u00e7\u0131x\u0131\u015f\u0131 \u00e7ox m\u00fch\u00fcm m\u0259qamlardan x\u0259b\u0259r verir. D\u00fcnyada ba\u015f ver\u0259n m\u00fch\u00fcm iqtisadi proyektl\u0259rin, layih\u0259l\u0259rin i\u00e7ind\u0259 olan, vacib geosiyasi co\u011frafi m\u00f6vqed\u0259 yerl\u0259\u015f\u0259n Az\u0259rbaycan d\u00f6vl\u0259ti il\u0259 art\u0131q \u00e7oxdan hesablama\u011f\u0131n vaxt\u0131d\u0131r.<\/p>\n\n\n\n<p>B\u0259li, ist\u0259r siyasi, ist\u0259r iqtisadi, ist\u0259r m\u0259d\u0259ni v\u0259 sair sah\u0259l\u0259rd\u0259 d\u00f6vl\u0259timiz \u00f6z s\u00f6z\u00fcn\u00fc deyir. Q\u00fcdr\u0259tlu ordumuz var. Biz \u00f6z torpaqlar\u0131m\u0131z\u0131 i\u015f\u011faldan azad ed\u0259c\u0259yik. Buna he\u00e7 kimin \u015f\u00fcbh\u0259si olmas\u0131n. M\u00fcharib\u0259 adamlar\u0131 Ali Ba\u015f Komandan\u0131m\u0131z\u0131n yan\u0131ndad\u0131r v\u0259 bu istiqam\u0259td\u0259 veril\u0259c\u0259k \u0259mri g\u00f6zl\u0259yirl\u0259r&#187;.<\/p>\n\n\n\n<p>\u018fMR ET, KOMANDANIM!<\/p>\n","protected":false},"excerpt":{"rendered":"<p>AVMV\u0130B s\u0259drinin s\u0259lahiyy\u0259tli n\u00fcmay\u0259nd\u0259si, AVMV\u0130B N\u0259simi rayon \u015f\u00f6b\u0259sinin s\u0259dri, &#171;Az\u0259rbaycan Bayra\u011f\u0131&#187; ordenli polkovnik Elmar H\u00fcseynov&#8230;<\/p>\n","protected":false},"author":3,"featured_media":1737,"comment_status":"closed","ping_status":"closed","sticky":false,"template":"","format":"standard","meta":{"footnotes":""},"categories":[12],"tags":[],"class_list":["post-1736","post","type-post","status-publish","format-standard","has-post-thumbnail","hentry","category-veteran"],"featured_image_urls":{"full":["https:\/\/veteran.az\/wp-content\/uploads\/2019\/10\/1q.png",936,933,false],"thumbnail":["https:\/\/veteran.az\/wp-content\/uploads\/2019\/10\/1q-150x150.png",150,150,true],"medium":["https:\/\/veteran.az\/wp-content\/uploads\/2019\/10\/1q-300x300.png",300,300,true],"medium_large":["https:\/\/veteran.az\/wp-content\/uploads\/2019\/10\/1q-768x766.png",640,638,true],"large":["https:\/\/veteran.az\/wp-content\/uploads\/2019\/10\/1q.png",640,638,false],"1536x1536":["https:\/\/veteran.az\/wp-content\/uploads\/2019\/10\/1q.png",936,933,false],"2048x2048":["https:\/\/veteran.az\/wp-content\/uploads\/2019\/10\/1q.png",936,933,false],"covernews-slider-full":["https:\/\/veteran.az\/wp-content\/uploads\/2019\/10\/1q.png",717,715,false],"covernews-slider-center":["https:\/\/veteran.az\/wp-content\/uploads\/2019\/10\/1q-936x897.png",522,500,true],"covernews-featured":["https:\/\/veteran.az\/wp-content\/uploads\/2019\/10\/1q.png",936,933,false],"covernews-medium":["https:\/\/veteran.az\/wp-content\/uploads\/2019\/10\/1q-720x380.png",540,285,true],"covernews-medium-square":["https:\/\/veteran.az\/wp-content\/uploads\/2019\/10\/1q-675x450.png",375,250,true]},"author_info":{"display_name":"Veteran.az","author_link":"https:\/\/veteran.az\/?author=3"},"category_info":"<a href=\"https:\/\/veteran.az\/?cat=12\" rel=\"category\">Veteran d\u00fcnyas\u0131<\/a>","tag_info":"Veteran d\u00fcnyas\u0131","comment_count":"0","_links":{"self":[{"href":"https:\/\/veteran.az\/index.php?rest_route=\/wp\/v2\/posts\/1736","targetHints":{"allow":["GET"]}}],"collection":[{"href":"https:\/\/veteran.az\/index.php?rest_route=\/wp\/v2\/posts"}],"about":[{"href":"https:\/\/veteran.az\/index.php?rest_route=\/wp\/v2\/types\/post"}],"author":[{"embeddable":true,"href":"https:\/\/veteran.az\/index.php?rest_route=\/wp\/v2\/users\/3"}],"replies":[{"embeddable":true,"href":"https:\/\/veteran.az\/index.php?rest_route=%2Fwp%2Fv2%2Fcomments&post=1736"}],"version-history":[{"count":1,"href":"https:\/\/veteran.az\/index.php?rest_route=\/wp\/v2\/posts\/1736\/revisions"}],"predecessor-version":[{"id":1738,"href":"https:\/\/veteran.az\/index.php?rest_route=\/wp\/v2\/posts\/1736\/revisions\/1738"}],"wp:featuredmedia":[{"embeddable":true,"href":"https:\/\/veteran.az\/index.php?rest_route=\/wp\/v2\/media\/1737"}],"wp:attachment":[{"href":"https:\/\/veteran.az\/index.php?rest_route=%2Fwp%2Fv2%2Fmedia&parent=1736"}],"wp:term":[{"taxonomy":"category","embeddable":true,"href":"https:\/\/veteran.az\/index.php?rest_route=%2Fwp%2Fv2%2Fcategories&post=1736"},{"taxonomy":"post_tag","embeddable":true,"href":"https:\/\/veteran.az\/index.php?rest_route=%2Fwp%2Fv2%2Ftags&post=1736"}],"curies":[{"name":"wp","href":"https:\/\/api.w.org\/{rel}","templated":true}]}}