{"id":17331,"date":"2022-07-05T10:03:44","date_gmt":"2022-07-05T06:03:44","guid":{"rendered":"http:\/\/veteran.az\/?p=17331"},"modified":"2022-07-05T10:30:15","modified_gmt":"2022-07-05T06:30:15","slug":"isgaldan-azad-edil%c9%99n-adada-ukrayna-bayragi-qaldirildi","status":"publish","type":"post","link":"https:\/\/veteran.az\/?p=17331","title":{"rendered":"\u0130\u015f\u011faldan azad edil\u0259n adada Ukrayna bayra\u011f\u0131 QALDIRILIBMI?"},"content":{"rendered":"\n<p><strong>Zmeyin\u0131 adas\u0131 r\u0259sm\u0259n Ukraynan\u0131n yurisdiksiyas\u0131na qaytar\u0131l\u0131b.<\/strong><\/p>\n\n\n\n<p>UN\u0130AN x\u0259b\u0259r verir ki, bu bar\u0259d\u0259 Ukraynan\u0131n C\u0259nub M\u00fcdafi\u0259 Q\u00fcvv\u0259l\u0259rinin m\u0259tbuat m\u0259rk\u0259zinin r\u0259hb\u0259ri Natalya Qumenyuk bildirib.<\/p>\n\n\n\n<p>\u201cZmeyin\u0131 adas\u0131nda Ukrayna bayra\u011f\u0131 qald\u0131r\u0131l\u0131b. H\u0259rbi \u0259m\u0259liyyat ba\u015fa \u00e7at\u0131b v\u0259 haz\u0131rda \u0259razi Ukraynan\u0131n yurisdiksiyas\u0131na qaytar\u0131l\u0131b\u201d, &#8212; dey\u0259 o qeyd edib.<\/p>\n\n\n\n<p>UN\u0130AN-\u0131n x\u0259b\u0259r verdiyi kimi, 2022-ci ilin fevral\u0131nda geni\u015fmiqyasl\u0131 i\u015f\u011fal\u0131n ilk g\u00fcnl\u0259rind\u0259 rusiyal\u0131 h\u0259rb\u00e7il\u0259r Ukraynan\u0131n Qara d\u0259nizd\u0259ki Zmeyin\u0131 adas\u0131n\u0131 \u0259l\u0259 ke\u00e7irmi\u015fdil\u0259r.<\/p>\n\n\n\n<p>\u0130yunun 30-da is\u0259 Rusiya \u00f6z qo\u015funlar\u0131n\u0131n Zmeyin\u0131 adas\u0131ndan \u00e7\u0131xar\u0131lmas\u0131n\u0131 t\u0259sdiql\u0259yib.<\/p>\n\n\n\n<p><strong>Ba\u015fqa bir m\u0259nb\u0259 is\u0259 bu fakt\u0131 t\u0259kzib edib. Zmeyni adas\u0131nda Ukrayna bayra\u011f\u0131 qald\u0131r\u0131lmay\u0131b, sad\u0259c\u0259 helikopterd\u0259n at\u0131l\u0131b.<\/strong><\/p>\n\n\n\n<p>Bu s\u00f6zl\u0259ri Ukraynan\u0131n m\u00fcdafi\u0259 q\u00fcvv\u0259l\u0259rinin m\u0259tbuat m\u0259rk\u0259zinin r\u0259hb\u0259ri Nataliya Qumenyuk bildirib.<\/p>\n\n\n\n<p>\u201cBayraq helikopterl\u0259 adaya g\u0259tirilib. Qo\u015funlar g\u0259ldikd\u0259n sonra ucald\u0131lacaq. Bayra\u011f\u0131n ucald\u0131lmas\u0131 il\u0259 ba\u011fl\u0131 s\u00f6zl\u0259rimi is\u0259 metaforik \u015f\u0259kild\u0259 anlamaq g\u0259r\u0259kdir. He\u00e7 kim adaya enm\u0259yib. Ona g\u00f6r\u0259 d\u0259 kim bayra\u011f\u0131 asacaq?! Media \u00fc\u00e7\u00fcn fotolara g\u00f6r\u0259 insanlar\u0131n h\u0259yat\u0131 il\u0259 he\u00e7 kim risk etm\u0259y\u0259c\u0259k\u201d, &#8212; dey\u0259 o bildirib.<\/p>\n","protected":false},"excerpt":{"rendered":"<p>Zmeyin\u0131 adas\u0131 r\u0259sm\u0259n Ukraynan\u0131n yurisdiksiyas\u0131na qaytar\u0131l\u0131b. UN\u0130AN x\u0259b\u0259r verir ki, bu bar\u0259d\u0259 Ukraynan\u0131n C\u0259nub M\u00fcdafi\u0259&#8230;<\/p>\n","protected":false},"author":3,"featured_media":17332,"comment_status":"closed","ping_status":"closed","sticky":false,"template":"","format":"standard","meta":{"footnotes":""},"categories":[7],"tags":[],"class_list":["post-17331","post","type-post","status-publish","format-standard","has-post-thumbnail","hentry","category-dunya"],"featured_image_urls":{"full":["https:\/\/veteran.az\/wp-content\/uploads\/2022\/07\/1656960057_fotojet-2022-07-04t153403.636.jpg",620,413,false],"thumbnail":["https:\/\/veteran.az\/wp-content\/uploads\/2022\/07\/1656960057_fotojet-2022-07-04t153403.636-150x150.jpg",150,150,true],"medium":["https:\/\/veteran.az\/wp-content\/uploads\/2022\/07\/1656960057_fotojet-2022-07-04t153403.636-300x200.jpg",300,200,true],"medium_large":["https:\/\/veteran.az\/wp-content\/uploads\/2022\/07\/1656960057_fotojet-2022-07-04t153403.636.jpg",620,413,false],"large":["https:\/\/veteran.az\/wp-content\/uploads\/2022\/07\/1656960057_fotojet-2022-07-04t153403.636.jpg",620,413,false],"1536x1536":["https:\/\/veteran.az\/wp-content\/uploads\/2022\/07\/1656960057_fotojet-2022-07-04t153403.636.jpg",620,413,false],"2048x2048":["https:\/\/veteran.az\/wp-content\/uploads\/2022\/07\/1656960057_fotojet-2022-07-04t153403.636.jpg",620,413,false],"covernews-slider-full":["https:\/\/veteran.az\/wp-content\/uploads\/2022\/07\/1656960057_fotojet-2022-07-04t153403.636.jpg",620,413,false],"covernews-slider-center":["https:\/\/veteran.az\/wp-content\/uploads\/2022\/07\/1656960057_fotojet-2022-07-04t153403.636.jpg",620,413,false],"covernews-featured":["https:\/\/veteran.az\/wp-content\/uploads\/2022\/07\/1656960057_fotojet-2022-07-04t153403.636.jpg",620,413,false],"covernews-medium":["https:\/\/veteran.az\/wp-content\/uploads\/2022\/07\/1656960057_fotojet-2022-07-04t153403.636-620x380.jpg",540,331,true],"covernews-medium-square":["https:\/\/veteran.az\/wp-content\/uploads\/2022\/07\/1656960057_fotojet-2022-07-04t153403.636.jpg",375,250,false]},"author_info":{"display_name":"Veteran.az","author_link":"https:\/\/veteran.az\/?author=3"},"category_info":"<a href=\"https:\/\/veteran.az\/?cat=7\" rel=\"category\">D\u00fcnya<\/a>","tag_info":"D\u00fcnya","comment_count":"0","_links":{"self":[{"href":"https:\/\/veteran.az\/index.php?rest_route=\/wp\/v2\/posts\/17331","targetHints":{"allow":["GET"]}}],"collection":[{"href":"https:\/\/veteran.az\/index.php?rest_route=\/wp\/v2\/posts"}],"about":[{"href":"https:\/\/veteran.az\/index.php?rest_route=\/wp\/v2\/types\/post"}],"author":[{"embeddable":true,"href":"https:\/\/veteran.az\/index.php?rest_route=\/wp\/v2\/users\/3"}],"replies":[{"embeddable":true,"href":"https:\/\/veteran.az\/index.php?rest_route=%2Fwp%2Fv2%2Fcomments&post=17331"}],"version-history":[{"count":2,"href":"https:\/\/veteran.az\/index.php?rest_route=\/wp\/v2\/posts\/17331\/revisions"}],"predecessor-version":[{"id":17338,"href":"https:\/\/veteran.az\/index.php?rest_route=\/wp\/v2\/posts\/17331\/revisions\/17338"}],"wp:featuredmedia":[{"embeddable":true,"href":"https:\/\/veteran.az\/index.php?rest_route=\/wp\/v2\/media\/17332"}],"wp:attachment":[{"href":"https:\/\/veteran.az\/index.php?rest_route=%2Fwp%2Fv2%2Fmedia&parent=17331"}],"wp:term":[{"taxonomy":"category","embeddable":true,"href":"https:\/\/veteran.az\/index.php?rest_route=%2Fwp%2Fv2%2Fcategories&post=17331"},{"taxonomy":"post_tag","embeddable":true,"href":"https:\/\/veteran.az\/index.php?rest_route=%2Fwp%2Fv2%2Ftags&post=17331"}],"curies":[{"name":"wp","href":"https:\/\/api.w.org\/{rel}","templated":true}]}}