{"id":17281,"date":"2022-07-02T11:03:10","date_gmt":"2022-07-02T07:03:10","guid":{"rendered":"http:\/\/veteran.az\/?p=17281"},"modified":"2022-07-02T11:03:10","modified_gmt":"2022-07-02T07:03:10","slug":"polis-qaraqalpaqlilarin-aksiyasini-dagitdi","status":"publish","type":"post","link":"https:\/\/veteran.az\/?p=17281","title":{"rendered":"Polis qaraqalpaql\u0131lar\u0131n aksiyas\u0131n\u0131 da\u011f\u0131td\u0131"},"content":{"rendered":"\n<p><strong>\u00d6zb\u0259kistan Daxili \u0130\u015fl\u0259r Nazirliyi Qaraqalpaq vilay\u0259tinin m\u0259rk\u0259zi Nukus \u015f\u0259h\u0259rind\u0259 qanunsuz aksiyan\u0131n qar\u015f\u0131s\u0131n\u0131n al\u0131nmas\u0131 il\u0259 ba\u011fl\u0131 m\u0259lumat yay\u0131b.<\/strong><\/p>\n\n\n\n<p>M\u0259lumatda art\u0131q asayi\u015fin b\u0259rpa olundu\u011fu bildirilir.<\/p>\n\n\n\n<p>Qeyd olunur ki, iyulun birind\u0259 saat 15.00-dan ba\u015flayaraq Qaraqalpaqstan\u0131n b\u0259zi sakinl\u0259ri respublikada ke\u00e7iril\u0259n konstitusiya islahatlar\u0131n\u0131n yanl\u0131\u015f t\u0259fsir edilm\u0259si s\u0259b\u0259bind\u0259n Nukus \u015f\u0259h\u0259rind\u0259 y\u00fcr\u00fc\u015f t\u0259\u015fkil edibl\u0259r. Bunun ard\u0131nca onlar k\u0259ndli bazar\u0131na y\u0131\u011f\u0131\u015faraq qanunsuz n\u00fcmayi\u015f ke\u00e7iribl\u0259r. \u0130ctimai asayi\u015fin b\u0259rpa olunmas\u0131 v\u0259 qanun pozuntusunun qar\u015f\u0131s\u0131n\u0131 almaq \u00fc\u00e7\u00fcn bazara h\u00fcquq-m\u00fchafiz\u0259 orqanlar\u0131n\u0131n \u015f\u0259xsi hey\u0259t v\u0259 texnikas\u0131 c\u0259lb olunub. Haz\u0131rda \u015f\u0259h\u0259rd\u0259 ictimai asayi\u015f b\u0259rpa olunub.<\/p>\n\n\n\n<p>Qeyd ed\u0259k ki, Qaraqalpaqstan \u00d6zb\u0259kistan\u0131n t\u0259rkibind\u0259 muxtar respublikad\u0131r. \u00d6lk\u0259nin \u015f\u0259rqind\u0259 yerl\u0259\u015f\u0259n muxtar qurum \u00d6zb\u0259kistan \u0259razisinin 40%-ni \u0259hat\u0259 edir. \u00d6zb\u0259k v\u0259 qaraaqalpaq dill\u0259ri muxtar respublikan\u0131n r\u0259smi dill\u0259ridir.<\/p>\n\n\n\n<p>\u00c7\u0259r\u015f\u0259nb\u0259 g\u00fcn\u00fc ke\u00e7iridiyi iclasda \u00d6zb\u0259kistan M\u0259rk\u0259zi Se\u00e7ki Komissiyas\u0131 konstitusiyaya d\u00fcz\u0259li\u015fl\u0259 ba\u011fl\u0131 referenduma dair m\u0259s\u0259l\u0259ni m\u00fczakir\u0259 edib. 1992-ci ild\u0259 q\u0259bul edilmi\u015f haz\u0131rki \u018fsas Qanuna iki y\u00fcz\u0259d\u0259k d\u0259yi\u015fiklik t\u0259klif edilib. Yeni layih\u0259y\u0259 g\u00f6r\u0259, Qaraqalpaqstan\u0131n referendum yolu il\u0259 \u00d6zb\u0259kistan\u0131n t\u0259rkibind\u0259n ayr\u0131la bilm\u0259sin\u0259 dair madd\u0259 konstitusiyadan \u00e7\u0131xar\u0131l\u0131r.<\/p>\n\n\n\n<hr class=\"wp-block-separator\"\/>\n\n\n\n<p>M\u0259nb\u0259: Teleqraf.com<\/p>\n","protected":false},"excerpt":{"rendered":"<p>\u00d6zb\u0259kistan Daxili \u0130\u015fl\u0259r Nazirliyi Qaraqalpaq vilay\u0259tinin m\u0259rk\u0259zi Nukus \u015f\u0259h\u0259rind\u0259 qanunsuz aksiyan\u0131n qar\u015f\u0131s\u0131n\u0131n al\u0131nmas\u0131 il\u0259 ba\u011fl\u0131&#8230;<\/p>\n","protected":false},"author":3,"featured_media":17282,"comment_status":"closed","ping_status":"closed","sticky":false,"template":"","format":"standard","meta":{"footnotes":""},"categories":[7],"tags":[],"class_list":["post-17281","post","type-post","status-publish","format-standard","has-post-thumbnail","hentry","category-dunya"],"featured_image_urls":{"full":["https:\/\/veteran.az\/wp-content\/uploads\/2022\/07\/ozbekist.jpg",900,600,false],"thumbnail":["https:\/\/veteran.az\/wp-content\/uploads\/2022\/07\/ozbekist-150x150.jpg",150,150,true],"medium":["https:\/\/veteran.az\/wp-content\/uploads\/2022\/07\/ozbekist-300x200.jpg",300,200,true],"medium_large":["https:\/\/veteran.az\/wp-content\/uploads\/2022\/07\/ozbekist-768x512.jpg",640,427,true],"large":["https:\/\/veteran.az\/wp-content\/uploads\/2022\/07\/ozbekist.jpg",640,427,false],"1536x1536":["https:\/\/veteran.az\/wp-content\/uploads\/2022\/07\/ozbekist.jpg",900,600,false],"2048x2048":["https:\/\/veteran.az\/wp-content\/uploads\/2022\/07\/ozbekist.jpg",900,600,false],"covernews-slider-full":["https:\/\/veteran.az\/wp-content\/uploads\/2022\/07\/ozbekist.jpg",900,600,false],"covernews-slider-center":["https:\/\/veteran.az\/wp-content\/uploads\/2022\/07\/ozbekist.jpg",750,500,false],"covernews-featured":["https:\/\/veteran.az\/wp-content\/uploads\/2022\/07\/ozbekist.jpg",900,600,false],"covernews-medium":["https:\/\/veteran.az\/wp-content\/uploads\/2022\/07\/ozbekist-720x380.jpg",540,285,true],"covernews-medium-square":["https:\/\/veteran.az\/wp-content\/uploads\/2022\/07\/ozbekist-675x450.jpg",375,250,true]},"author_info":{"display_name":"Veteran.az","author_link":"https:\/\/veteran.az\/?author=3"},"category_info":"<a href=\"https:\/\/veteran.az\/?cat=7\" rel=\"category\">D\u00fcnya<\/a>","tag_info":"D\u00fcnya","comment_count":"0","_links":{"self":[{"href":"https:\/\/veteran.az\/index.php?rest_route=\/wp\/v2\/posts\/17281","targetHints":{"allow":["GET"]}}],"collection":[{"href":"https:\/\/veteran.az\/index.php?rest_route=\/wp\/v2\/posts"}],"about":[{"href":"https:\/\/veteran.az\/index.php?rest_route=\/wp\/v2\/types\/post"}],"author":[{"embeddable":true,"href":"https:\/\/veteran.az\/index.php?rest_route=\/wp\/v2\/users\/3"}],"replies":[{"embeddable":true,"href":"https:\/\/veteran.az\/index.php?rest_route=%2Fwp%2Fv2%2Fcomments&post=17281"}],"version-history":[{"count":1,"href":"https:\/\/veteran.az\/index.php?rest_route=\/wp\/v2\/posts\/17281\/revisions"}],"predecessor-version":[{"id":17283,"href":"https:\/\/veteran.az\/index.php?rest_route=\/wp\/v2\/posts\/17281\/revisions\/17283"}],"wp:featuredmedia":[{"embeddable":true,"href":"https:\/\/veteran.az\/index.php?rest_route=\/wp\/v2\/media\/17282"}],"wp:attachment":[{"href":"https:\/\/veteran.az\/index.php?rest_route=%2Fwp%2Fv2%2Fmedia&parent=17281"}],"wp:term":[{"taxonomy":"category","embeddable":true,"href":"https:\/\/veteran.az\/index.php?rest_route=%2Fwp%2Fv2%2Fcategories&post=17281"},{"taxonomy":"post_tag","embeddable":true,"href":"https:\/\/veteran.az\/index.php?rest_route=%2Fwp%2Fv2%2Ftags&post=17281"}],"curies":[{"name":"wp","href":"https:\/\/api.w.org\/{rel}","templated":true}]}}