{"id":17265,"date":"2022-07-01T11:35:54","date_gmt":"2022-07-01T07:35:54","guid":{"rendered":"http:\/\/veteran.az\/?p=17265"},"modified":"2022-07-01T11:35:54","modified_gmt":"2022-07-01T07:35:54","slug":"ilham-%c9%99liyev-ozb%c9%99kistan-senatinin-s%c9%99drini-q%c9%99bul-edib","status":"publish","type":"post","link":"https:\/\/veteran.az\/?p=17265","title":{"rendered":"\u0130lham \u018fliyev \u00d6zb\u0259kistan Senat\u0131n\u0131n s\u0259drini q\u0259bul edib"},"content":{"rendered":"\n<p><strong>\u0130yunun 30-da Az\u0259rbaycan Respublikas\u0131n\u0131n Prezidenti\u00a0\u0130lham \u018fliyev\u00a0\u00d6zb\u0259kistan Respublikas\u0131 Ali M\u0259clisi Senat\u0131n\u0131n s\u0259dri T\u0259nzil\u0259 Narbayevan\u0131 q\u0259bul edib.<\/strong><\/p>\n\n\n\n<p>AZ\u018fRTAC x\u0259b\u0259r verir ki, T\u0259nzil\u0259 Narbayeva \u00d6zb\u0259kistan Prezidenti \u015eavkat Mirziyoyevin salamlar\u0131n\u0131 v\u0259 \u0259n xo\u015f arzular\u0131n\u0131 Az\u0259rbaycan Prezidentin\u0259 \u00e7atd\u0131r\u0131b.<\/p>\n\n\n\n<p>D\u00f6vl\u0259timizin ba\u015f\u00e7\u0131s\u0131 salamlara g\u00f6r\u0259 minn\u0259tdarl\u0131\u011f\u0131n\u0131 bildirdi, onun da salamlar\u0131n\u0131 \u015eavkat Mirziyoyeva \u00e7atd\u0131rma\u011f\u0131 xahi\u015f edib.<\/p>\n\n\n\n<p>Prezident \u0130lham \u018fliyev \u00d6zb\u0259kistana d\u00f6vl\u0259t s\u0259f\u0259rinin n\u0259tic\u0259l\u0259rind\u0259n \u00e7ox m\u0259mnun oldu\u011funu vur\u011fulay\u0131b, g\u00f6st\u0259ril\u0259n y\u00fcks\u0259k qonaqp\u0259rv\u0259rliy\u0259 g\u00f6r\u0259 t\u0259\u015f\u0259kk\u00fcr\u00fcn\u00fc bildirib, s\u0259f\u0259rin \u00e7ox m\u0259zmunlu oldu\u011funu qeyd edib. S\u0259f\u0259r zaman\u0131 raz\u0131la\u015fd\u0131r\u0131ld\u0131\u011f\u0131 kimi, aidiyy\u0259ti d\u00f6vl\u0259t qurumlar\u0131na tap\u015f\u0131r\u0131qlar\u0131n verildiyini, \u0259ld\u0259 edilmi\u015f raz\u0131la\u015fmalar\u0131n h\u0259yata ke\u00e7irilm\u0259si \u00fc\u00e7\u00fcn bu m\u0259s\u0259l\u0259l\u0259rin m\u00fcnt\u0259z\u0259m olaraq n\u0259zar\u0259td\u0259 saxlan\u0131laca\u011f\u0131n\u0131 deyib. D\u00f6vl\u0259timizin ba\u015f\u00e7\u0131s\u0131 s\u0259f\u0259rin \u00f6lk\u0259l\u0259rimiz aras\u0131nda dostluq v\u0259 qarda\u015fl\u0131q \u0259laq\u0259l\u0259rinin n\u0259 d\u0259r\u0259c\u0259d\u0259 g\u00fccl\u00fc oldu\u011funu bir daha n\u00fcmayi\u015f etdirdiyini bildirib.<\/p>\n\n\n\n<p>Bak\u0131da ke\u00e7iril\u0259n Qo\u015fulmama H\u0259r\u0259kat\u0131 Parlament \u015e\u0259b\u0259k\u0259sinin konfrans\u0131n\u0131n \u0259h\u0259miyy\u0259tin\u0259 toxunan Prezident \u0130lham \u018fliyev BMT-d\u0259n sonra ikinci b\u00f6y\u00fck t\u0259\u015fkilat olan Qo\u015fulmama H\u0259r\u0259kat\u0131 \u00e7\u0259r\u00e7iv\u0259sind\u0259 \u0259m\u0259kda\u015fl\u0131\u011f\u0131n vacibliyini vur\u011fulay\u0131b, haz\u0131rda H\u0259r\u0259kat\u0131n t\u0259sisatlanmas\u0131 istiqam\u0259tind\u0259 Az\u0259rbaycan t\u0259r\u0259find\u0259n bir s\u0131ra t\u0259\u015f\u0259bb\u00fcsl\u0259rin h\u0259yata ke\u00e7irildiyini qeyd edib.<\/p>\n\n\n\n<p>T\u0259nzil\u0259 Narbayeva Prezident \u0130lham \u018fliyevin \u00d6zb\u0259kistana d\u00f6vl\u0259t s\u0259f\u0259rinin Prezident \u015eavkat Mirziyoyev\u0259 v\u0259 \u00d6zb\u0259kistan xalq\u0131na d\u0259rin t\u0259\u0259ss\u00fcrat hissi ba\u011f\u0131\u015flad\u0131\u011f\u0131n\u0131 x\u00fcsusi olaraq vur\u011fulay\u0131b. Bu s\u0259f\u0259rin n\u0259tic\u0259si olaraq \u00d6zb\u0259kistan r\u0259hb\u0259rliyi t\u0259r\u0259find\u0259n m\u00fcvafiq qurumlara g\u00f6st\u0259ri\u015fl\u0259rin verildiyini bildirib.<\/p>\n\n\n\n<p>Az\u0259rbaycan xalq\u0131n\u0131n \u00fcmummilli lideri Heyd\u0259r \u018fliyevin \u0259ziz xatir\u0259sini d\u0259rin ehtiramla yad ed\u0259n T\u0259nzil\u0259 Narbayeva Ulu \u00d6nd\u0259rin \u00d6zb\u0259kistan il\u0259 Az\u0259rbaycan aras\u0131nda dostluq \u0259laq\u0259l\u0259rinin inki\u015faf\u0131na b\u00f6y\u00fck t\u00f6hf\u0259 verdiyini qeyd edib, Prezident \u0130lham \u018fliyevin onun siyas\u0259tini u\u011furla davam etdirdiyini deyib.<\/p>\n\n\n\n<p>Az\u0259rbaycan\u0131n \u0259razi b\u00fct\u00f6vl\u00fcy\u00fcn\u00fcn t\u0259min olunmas\u0131n\u0131 qeyd ed\u0259n \u00d6zb\u0259kistan Senat\u0131n\u0131n s\u0259dri \u00f6lk\u0259miz\u0259 s\u0259f\u0259ri \u00e7\u0259r\u00e7iv\u0259sind\u0259 \u015eu\u015faya ged\u0259c\u0259kl\u0259rini vur\u011fulay\u0131b. Qonaq bu g\u00fcn Az\u0259rbaycan\u0131n d\u00fcnyada siyasi, iqtisadi v\u0259 humanitar xarakterli t\u0259dbirl\u0259rin ke\u00e7irildiyi m\u0259kana \u00e7evrildiyini qeyd edib.<\/p>\n\n\n\n<p>T\u0259nzil\u0259 Narbayeva Qo\u015fulmama H\u0259r\u0259kat\u0131 Parlament \u015e\u0259b\u0259k\u0259sinin Bak\u0131 konfrans\u0131n\u0131n m\u00fcv\u0259ff\u0259qiyy\u0259tl\u0259 ke\u00e7irildiyini dey\u0259r\u0259k bu t\u0259dbir\u0259 d\u0259v\u0259t\u0259 g\u00f6r\u0259 t\u0259\u015f\u0259kk\u00fcr\u00fcn\u00fc bildirib. O, bu t\u0259dbirin ke\u00e7irilm\u0259si il\u0259 ba\u011fl\u0131 t\u0259\u015f\u0259bb\u00fcs\u00fcn m\u00fc\u0259llifinin m\u0259hz Prezident \u0130lham \u018fliyev oldu\u011funu x\u00fcsusi vur\u011fulay\u0131b, Az\u0259rbaycan\u0131n \u00e7ox s\u0259m\u0259r\u0259li \u015f\u0259kild\u0259 H\u0259r\u0259kata s\u0259drlik etdiyini s\u00f6yl\u0259yib.<\/p>\n\n\n\n<p>S\u00f6hb\u0259t zaman\u0131 \u00f6lk\u0259l\u0259rimiz aras\u0131nda parlamentl\u0259raras\u0131 \u0259laq\u0259l\u0259rin vacibliyi qeyd olunub. Parlamentl\u0259rin d\u00f6vl\u0259t ba\u015f\u00e7\u0131lar\u0131 t\u0259r\u0259find\u0259n \u0259ld\u0259 olunmu\u015f raz\u0131la\u015fmalar\u0131n h\u0259yata ke\u00e7irilm\u0259si prosesin\u0259 d\u0259st\u0259k ver\u0259c\u0259yi x\u00fcsusi vur\u011fulan\u0131b.<\/p>\n\n\n\n<p>Qonaq \u00f6lk\u0259miz\u0259 h\u0259r s\u0259f\u0259rl\u0259rind\u0259 Bak\u0131da b\u00f6y\u00fck inki\u015faf prosesl\u0259rinin \u015fahidi olduqlar\u0131n\u0131 bildirib.<\/p>\n","protected":false},"excerpt":{"rendered":"<p>\u0130yunun 30-da Az\u0259rbaycan Respublikas\u0131n\u0131n Prezidenti\u00a0\u0130lham \u018fliyev\u00a0\u00d6zb\u0259kistan Respublikas\u0131 Ali M\u0259clisi Senat\u0131n\u0131n s\u0259dri T\u0259nzil\u0259 Narbayevan\u0131 q\u0259bul edib&#8230;.<\/p>\n","protected":false},"author":3,"featured_media":17266,"comment_status":"closed","ping_status":"closed","sticky":false,"template":"","format":"standard","meta":{"footnotes":""},"categories":[6],"tags":[],"class_list":["post-17265","post","type-post","status-publish","format-standard","has-post-thumbnail","hentry","category-cmiyyt"],"featured_image_urls":{"full":["https:\/\/veteran.az\/wp-content\/uploads\/2022\/07\/16565825421221738464_1000x669.jpg",620,413,false],"thumbnail":["https:\/\/veteran.az\/wp-content\/uploads\/2022\/07\/16565825421221738464_1000x669-150x150.jpg",150,150,true],"medium":["https:\/\/veteran.az\/wp-content\/uploads\/2022\/07\/16565825421221738464_1000x669-300x200.jpg",300,200,true],"medium_large":["https:\/\/veteran.az\/wp-content\/uploads\/2022\/07\/16565825421221738464_1000x669.jpg",620,413,false],"large":["https:\/\/veteran.az\/wp-content\/uploads\/2022\/07\/16565825421221738464_1000x669.jpg",620,413,false],"1536x1536":["https:\/\/veteran.az\/wp-content\/uploads\/2022\/07\/16565825421221738464_1000x669.jpg",620,413,false],"2048x2048":["https:\/\/veteran.az\/wp-content\/uploads\/2022\/07\/16565825421221738464_1000x669.jpg",620,413,false],"covernews-slider-full":["https:\/\/veteran.az\/wp-content\/uploads\/2022\/07\/16565825421221738464_1000x669.jpg",620,413,false],"covernews-slider-center":["https:\/\/veteran.az\/wp-content\/uploads\/2022\/07\/16565825421221738464_1000x669.jpg",620,413,false],"covernews-featured":["https:\/\/veteran.az\/wp-content\/uploads\/2022\/07\/16565825421221738464_1000x669.jpg",620,413,false],"covernews-medium":["https:\/\/veteran.az\/wp-content\/uploads\/2022\/07\/16565825421221738464_1000x669-620x380.jpg",540,331,true],"covernews-medium-square":["https:\/\/veteran.az\/wp-content\/uploads\/2022\/07\/16565825421221738464_1000x669.jpg",375,250,false]},"author_info":{"display_name":"Veteran.az","author_link":"https:\/\/veteran.az\/?author=3"},"category_info":"<a href=\"https:\/\/veteran.az\/?cat=6\" rel=\"category\">C\u0259miyy\u0259t<\/a>","tag_info":"C\u0259miyy\u0259t","comment_count":"0","_links":{"self":[{"href":"https:\/\/veteran.az\/index.php?rest_route=\/wp\/v2\/posts\/17265","targetHints":{"allow":["GET"]}}],"collection":[{"href":"https:\/\/veteran.az\/index.php?rest_route=\/wp\/v2\/posts"}],"about":[{"href":"https:\/\/veteran.az\/index.php?rest_route=\/wp\/v2\/types\/post"}],"author":[{"embeddable":true,"href":"https:\/\/veteran.az\/index.php?rest_route=\/wp\/v2\/users\/3"}],"replies":[{"embeddable":true,"href":"https:\/\/veteran.az\/index.php?rest_route=%2Fwp%2Fv2%2Fcomments&post=17265"}],"version-history":[{"count":1,"href":"https:\/\/veteran.az\/index.php?rest_route=\/wp\/v2\/posts\/17265\/revisions"}],"predecessor-version":[{"id":17267,"href":"https:\/\/veteran.az\/index.php?rest_route=\/wp\/v2\/posts\/17265\/revisions\/17267"}],"wp:featuredmedia":[{"embeddable":true,"href":"https:\/\/veteran.az\/index.php?rest_route=\/wp\/v2\/media\/17266"}],"wp:attachment":[{"href":"https:\/\/veteran.az\/index.php?rest_route=%2Fwp%2Fv2%2Fmedia&parent=17265"}],"wp:term":[{"taxonomy":"category","embeddable":true,"href":"https:\/\/veteran.az\/index.php?rest_route=%2Fwp%2Fv2%2Fcategories&post=17265"},{"taxonomy":"post_tag","embeddable":true,"href":"https:\/\/veteran.az\/index.php?rest_route=%2Fwp%2Fv2%2Ftags&post=17265"}],"curies":[{"name":"wp","href":"https:\/\/api.w.org\/{rel}","templated":true}]}}