{"id":17262,"date":"2022-07-01T10:53:18","date_gmt":"2022-07-01T06:53:18","guid":{"rendered":"http:\/\/veteran.az\/?p=17262"},"modified":"2022-07-01T10:53:19","modified_gmt":"2022-07-01T06:53:19","slug":"arayik-arutyunyan-qarabag-erm%c9%99nil%c9%99rini-satqinliqda-ittiham-etdi","status":"publish","type":"post","link":"https:\/\/veteran.az\/?p=17262","title":{"rendered":"Arayik Arutyunyan Qaraba\u011f erm\u0259nil\u0259rini satq\u0131nl\u0131qda \u0130TT\u0130HAM ETD\u0130"},"content":{"rendered":"\n<p><strong>Qaraba\u011f separat\u00e7\u0131lar\u0131n\u0131n ba\u015f\u00e7\u0131s\u0131 Arayik Arutyunyan iyunun 30-da Xank\u0259ndid\u0259 ke\u00e7iril\u0259n toplant\u0131da erm\u0259nil\u0259rin La\u00e7\u0131n \u015f\u0259h\u0259rini t\u0259rk etm\u0259y\u0259 m\u0259cbur olacaqlar\u0131n\u0131 bildirib.<\/strong><\/p>\n\n\n\n<p>Erm\u0259nistan K\u0130V-l\u0259rinin verdiyi m\u0259lumata g\u00f6r\u0259, separat\u00e7\u0131lar\u0131n toplant\u0131s\u0131nda \u201cLa\u00e7\u0131n d\u0259hlizi\u201d \u0259sas m\u00fczakir\u0259 m\u00f6vzusu olub. Arayik Arutyunyan bildirib ki, Xank\u0259ndini Erm\u0259nistanla birl\u0259\u015fdir\u0259c\u0259k \u201cLa\u00e7\u0131n d\u0259hlizi\u201dn\u0259 \u00e7\u0259kil\u0259n alternativ yolun istifad\u0259y\u0259 verilm\u0259sil\u0259 erm\u0259nil\u0259r La\u00e7\u0131n \u015f\u0259h\u0259rini t\u0259rk ed\u0259c\u0259kl\u0259r.<\/p>\n\n\n\n<p>O, La\u00e7\u0131n\u0131n Sus v\u0259 Zabux k\u0259ndl\u0259rind\u0259 m\u0259skunla\u015fan erm\u0259nil\u0259rl\u0259 ba\u011fl\u0131 v\u0259ziyy\u0259tin d\u0259 yax\u015f\u0131 olmad\u0131\u011f\u0131n\u0131 vur\u011fulay\u0131b.<br>&nbsp;<br>\u201cH\u0259r \u015fey\u0259 baxmayaraq, biz La\u00e7\u0131ndan yan ke\u00e7m\u0259liyik. Biz he\u00e7 kim\u0259 dem\u0259mi\u015fik ki, La\u00e7\u0131ndan \u00e7\u0131x\u0131n, amma m\u0259n hesab edir\u0259m ki, soyda\u015flar\u0131m\u0131z \u00e7\u0259tin ki, La\u00e7\u0131nda qal\u0131b ya\u015fama\u011fa davam etsin\u201d.<\/p>\n\n\n\n<p>O, La\u00e7\u0131n\u0131n Zabux k\u0259ndind\u0259 qanunsuz m\u0259skinla\u015fan erm\u0259nil\u0259rl\u0259 ba\u011fl\u0131 Rusiya t\u0259r\u0259fil\u0259 dan\u0131\u015f\u0131qlar apar\u0131ld\u0131\u011f\u0131n\u0131 da qeyd edib.<\/p>\n\n\n\n<p>Yeni yoldan dan\u0131\u015fan Arutyunyan \u201cg\u0259l\u0259c\u0259k t\u0259hl\u00fck\u0259sizlik m\u0259s\u0259l\u0259l\u0259rin\u0259 \u0259saslanaraq, fikrimizc\u0259, \u0259n yax\u015f\u0131 variant\u0131 se\u00e7dik. Burada a\u00e7maq ist\u0259m\u0259diyim sirl\u0259r var\u201d deyib.<\/p>\n\n\n\n<p>Separat\u00e7\u0131lar\u0131n suallar\u0131n\u0131 cavabland\u0131ran A. Arutyunyan erm\u0259nil\u0259ri satq\u0131nl\u0131qda da ittiham edib:<br>\u00a0<br>\u201cT\u0259\u0259ss\u00fcfl\u0259r olsun ki, \u0259traf\u0131m\u0131zda el\u0259 bir xain \u015f\u0259b\u0259k\u0259 var ki, az\u0259rbaycanl\u0131lar h\u0259tta m\u0259nim kabinetd\u0259n \u00e7\u0131x\u0131b \u201cparlament\u0259\u201d n\u0259 vaxt g\u0259ldiyimi bilirl\u0259r\u201d.<\/p>\n\n\n\n<p>Xat\u0131rladaq ki, Az\u0259rbaycan Avtomobil Yollar\u0131 D\u00f6vl\u0259t Agentliyi Qaraba\u011f b\u00f6lg\u0259sind\u0259n Erm\u0259nistana ged\u0259n, La\u00e7\u0131n \u015f\u0259h\u0259rind\u0259n yan ke\u00e7\u0259n yeni yolun 2022-ci ilin sonunad\u0259k istifad\u0259y\u0259 veril\u0259c\u0259yini b\u0259yan edib.<\/p>\n\n\n\n<p>32 kilometrlik yeni yola Rusiya s\u00fclhm\u0259raml\u0131lar\u0131 n\u0259zar\u0259t ed\u0259c\u0259k.&nbsp;<\/p>\n\n\n\n<p>Qaraba\u011f b\u00f6lg\u0259sind\u0259n Erm\u0259nistana ged\u0259n, La\u00e7\u0131n \u015f\u0259h\u0259rind\u0259n yan ke\u00e7\u0259n yeni yol istifad\u0259y\u0259 veril\u0259nd\u0259n sonra La\u00e7\u0131n \u015f\u0259h\u0259ri v\u0259 rayonun haz\u0131rda ruslar\u0131n n\u0259zar\u0259tind\u0259 qalm\u0131\u015f k\u0259ndl\u0259ri Az\u0259rbaycan\u0131n n\u0259zar\u0259tin\u0259 qaytar\u0131lacaq.<\/p>\n\n\n\n<p>S\u00f6hb\u0259t &#171;La\u00e7\u0131n d\u0259hlizi&#187; adland\u0131r\u0131lan 5 kilometr enind\u0259ki zolaqda yerl\u0259\u015f\u0259n La\u00e7\u0131n \u015f\u0259h\u0259ri v\u0259 rayonun 6 k\u0259ndi &#8212; Qar\u0131kaha, A\u011fanus, F\u0259t\u0259lip\u0259y\u0259, K\u0259ravuz, Sus, Zabuxdan gedir.&nbsp;<\/p>\n","protected":false},"excerpt":{"rendered":"<p>Qaraba\u011f separat\u00e7\u0131lar\u0131n\u0131n ba\u015f\u00e7\u0131s\u0131 Arayik Arutyunyan iyunun 30-da Xank\u0259ndid\u0259 ke\u00e7iril\u0259n toplant\u0131da erm\u0259nil\u0259rin La\u00e7\u0131n \u015f\u0259h\u0259rini t\u0259rk etm\u0259y\u0259&#8230;<\/p>\n","protected":false},"author":3,"featured_media":0,"comment_status":"closed","ping_status":"closed","sticky":false,"template":"","format":"standard","meta":{"footnotes":""},"categories":[9],"tags":[],"class_list":["post-17262","post","type-post","status-publish","format-standard","hentry","category-sq"],"featured_image_urls":{"full":"","thumbnail":"","medium":"","medium_large":"","large":"","1536x1536":"","2048x2048":"","covernews-slider-full":"","covernews-slider-center":"","covernews-featured":"","covernews-medium":"","covernews-medium-square":""},"author_info":{"display_name":"Veteran.az","author_link":"https:\/\/veteran.az\/?author=3"},"category_info":"<a href=\"https:\/\/veteran.az\/?cat=9\" rel=\"category\">Silahl\u0131 Q\u00fcvv\u0259l\u0259r<\/a>","tag_info":"Silahl\u0131 Q\u00fcvv\u0259l\u0259r","comment_count":"0","_links":{"self":[{"href":"https:\/\/veteran.az\/index.php?rest_route=\/wp\/v2\/posts\/17262","targetHints":{"allow":["GET"]}}],"collection":[{"href":"https:\/\/veteran.az\/index.php?rest_route=\/wp\/v2\/posts"}],"about":[{"href":"https:\/\/veteran.az\/index.php?rest_route=\/wp\/v2\/types\/post"}],"author":[{"embeddable":true,"href":"https:\/\/veteran.az\/index.php?rest_route=\/wp\/v2\/users\/3"}],"replies":[{"embeddable":true,"href":"https:\/\/veteran.az\/index.php?rest_route=%2Fwp%2Fv2%2Fcomments&post=17262"}],"version-history":[{"count":1,"href":"https:\/\/veteran.az\/index.php?rest_route=\/wp\/v2\/posts\/17262\/revisions"}],"predecessor-version":[{"id":17264,"href":"https:\/\/veteran.az\/index.php?rest_route=\/wp\/v2\/posts\/17262\/revisions\/17264"}],"wp:attachment":[{"href":"https:\/\/veteran.az\/index.php?rest_route=%2Fwp%2Fv2%2Fmedia&parent=17262"}],"wp:term":[{"taxonomy":"category","embeddable":true,"href":"https:\/\/veteran.az\/index.php?rest_route=%2Fwp%2Fv2%2Fcategories&post=17262"},{"taxonomy":"post_tag","embeddable":true,"href":"https:\/\/veteran.az\/index.php?rest_route=%2Fwp%2Fv2%2Ftags&post=17262"}],"curies":[{"name":"wp","href":"https:\/\/api.w.org\/{rel}","templated":true}]}}