{"id":17208,"date":"2022-06-28T10:37:45","date_gmt":"2022-06-28T06:37:45","guid":{"rendered":"http:\/\/veteran.az\/?p=17208"},"modified":"2022-06-28T10:37:46","modified_gmt":"2022-06-28T06:37:46","slug":"pasinyan-az%c9%99rbaycan-qarabagda-yeni-muharib%c9%99y%c9%99-hazirlasir","status":"publish","type":"post","link":"https:\/\/veteran.az\/?p=17208","title":{"rendered":"Pa\u015finyan: \u201cAz\u0259rbaycan Qaraba\u011fda yeni m\u00fcharib\u0259y\u0259 haz\u0131rla\u015f\u0131r\u201d"},"content":{"rendered":"\n<p><strong>Erm\u0259nistan\u0131n ba\u015f naziri Nikol Pa\u015finyan d\u00fcn\u0259n m\u0259tbuat konfrans\u0131nda sensasion iddia il\u0259 \u00e7\u0131x\u0131\u015f edib. <\/strong><\/p>\n\n\n\n<p>Pa\u015finyan iddia edib ki,\u00a0 Bak\u0131 m\u00fcharib\u0259y\u0259 haz\u0131rla\u015f\u0131r.<\/p>\n\n\n\n<p>Pa\u015finyan bildirib ki, Az\u0259rbaycan t\u0259r\u0259fi Erm\u0259nistan\u0131n T\u0259hl\u00fck\u0259sizlik \u015euras\u0131n\u0131n katibi Armen Qriqoryan v\u0259 Az\u0259rbaycan prezidentinin m\u00fc\u015faviri Hikm\u0259t Hac\u0131yevin iyunun 27-d\u0259 Br\u00fcsseld\u0259 g\u00f6r\u00fc\u015f\u00fcn\u00fcn t\u0259\u015fkili il\u0259 ba\u011fl\u0131 erm\u0259ni t\u0259r\u0259finin t\u0259klifind\u0259n imtina edib. O deyib ki, bu s\u0259b\u0259bd\u0259n o, Bak\u0131n\u0131n Erm\u0259nistan\u0131n guya s\u00fclh sazi\u015fi \u00fczr\u0259 dan\u0131\u015f\u0131qlar\u0131 l\u0259ngitm\u0259si il\u0259 ba\u011fl\u0131 ittihamlar\u0131n\u0131 bir az q\u0259rib\u0259 hesab edir. \u201cBundan \u0259vv\u0259l d\u0259 analoji hal olub, Az\u0259rbaycan bu i\u015fi boykot edib v\u0259 sazi\u015fl\u0259rd\u0259 i\u015ftirak etm\u0259yib\u201d.<\/p>\n\n\n\n<p>Pa\u015finyan iddia edib ki, bundan \u0259vv\u0259l Erm\u0259nistan X\u0130N r\u0259smi Bak\u0131n\u0131n b\u0259yanatlar\u0131na cavab olaraq g\u0259l\u0259c\u0259k prosesl\u0259 ba\u011fl\u0131 raz\u0131l\u0131q \u0259ld\u0259 etm\u0259k \u00fc\u00e7\u00fcn xarici i\u015fl\u0259r orqanlar\u0131 r\u0259hb\u0259rl\u0259rinin g\u00f6r\u00fc\u015f\u00fcn\u00fcn ke\u00e7irilm\u0259sini t\u0259klif edib. \u201c\u018fvv\u0259lki g\u00f6r\u00fc\u015fd\u0259 q\u0259rara al\u0131n\u0131b ki, Erm\u0259nistan v\u0259 Az\u0259rbaycan r\u0259smil\u0259ri \u0259laq\u0259 saxlas\u0131nlar v\u0259 \u0259laq\u0259 saxlas\u0131nlar\u201d.<\/p>\n\n\n\n<p>Amma Pa\u015finyan\u0131n iddialar\u0131 bununla bitm\u0259yib. M\u0259s\u0259l\u0259n, onun yeni iddalar\u0131ndan biri d\u0259 odur ki, Az\u0259rbaycan Qaraba\u011fdak\u0131 rus s\u00fclhm\u0259raml\u0131lar\u0131n\u0131 g\u00f6zd\u0259n salma\u011fa \u00e7al\u0131\u015f\u0131r v\u0259 bu s\u0259b\u0259bd\u0259n d\u0259 erm\u0259ni diversantlar\u0131 bil\u0259r\u0259kd\u0259n geri qaytarm\u0131r. \u201c\u018fsir g\u00f6t\u00fcr\u00fclm\u0259si t\u0259sdiql\u0259n\u0259n insanlar\u0131n 90%-i Rusiya s\u00fclhm\u0259raml\u0131lar\u0131n\u0131n yerl\u0259\u015fdirilm\u0259sind\u0259n sonra v\u0259 onlar\u0131n m\u0259suliyy\u0259t zonas\u0131nda \u0259sir g\u00f6t\u00fcr\u00fcl\u00fcb\u201d.<\/p>\n\n\n\n<p>Onun s\u00f6zl\u0259rin\u0259 g\u00f6r\u0259, Erm\u0259nistan Rusiya il\u0259 g\u00f6r\u00fc\u015fl\u0259rd\u0259 d\u0259f\u0259l\u0259rl\u0259 bu m\u0259s\u0259l\u0259ni qald\u0131r\u0131b. \u201cM\u0259s\u0259l\u0259ni Rusiya d\u00f6vl\u0259tinin ba\u015f\u00e7\u0131s\u0131 Vladimir Putin v\u0259 s\u00fclhm\u0259raml\u0131 kontingentin komandiri il\u0259 \u015f\u0259xs\u0259n m\u00fczakir\u0259 etmi\u015f\u0259m. Erm\u0259nistan, Rusiya v\u0259 beyn\u0259lxalq ictimaiyy\u0259t b\u00fct\u00fcn \u0259sirl\u0259ri qaytar\u0131lmas\u0131 \u00fc\u00e7\u00fcn add\u0131mlar atmal\u0131d\u0131r\u201d.<\/p>\n\n\n\n<p>Erm\u0259nistan\u0131n ba\u015f naziri a\u00e7\u0131qlamas\u0131nda onu da deyib ki, guya, Az\u0259rbaycan\u0131n ritorikas\u0131 problemli olub v\u0259 qal\u0131r. \u201cBak\u0131 \u0130r\u0259van\u0131n konstruktiv m\u00f6vqe tutmaq c\u0259hdl\u0259rin\u0259 aqressiv b\u0259yanatlarla cavab verir. Prezident \u0130lham \u018fliyev bildirdi ki, Nax\u00e7\u0131vanda Az\u0259rbaycan \u00fc\u00e7\u00fcn kommunikasiyalar\u0131n a\u00e7\u0131lmas\u0131 Erm\u0259nistan\u0131n qanuni \u00f6hd\u0259liyidir. Lakin \u00fc\u00e7t\u0259r\u0259fli b\u0259yanat Az\u0259rbaycan v\u0259 Erm\u0259nistan\u0131n kommunikasiyalar\u0131n a\u00e7\u0131lmas\u0131na nail olmaq \u00fc\u00e7\u00fcn h\u00fcquqi \u00f6hd\u0259liyini m\u00fc\u0259yy\u0259n edir. Erm\u0259nistan is\u0259 \u00f6z n\u00f6vb\u0259sind\u0259 kommunikasiyalar\u0131n a\u00e7\u0131lmas\u0131nda maraql\u0131 oldu\u011funu b\u0259yan edib. M\u0259n Br\u00fcsseld\u0259, el\u0259c\u0259 d\u0259 Erm\u0259nistan h\u00f6kum\u0259tinin iclas\u0131nda d\u0259mir yolunun tikintisin\u0259 ba\u015flama\u011fa haz\u0131r oldu\u011fum bar\u0259d\u0259 dan\u0131\u015fd\u0131m, lakin Bak\u0131 bu t\u0259klifd\u0259n imtina etdi. \u018fld\u0259 olunan raz\u0131la\u015fmalar\u0131n ka\u011f\u0131z \u00fcz\u0259rind\u0259 t\u0259sbit edilm\u0259si t\u0259klifi var idi. S\u0259n\u0259d layih\u0259sini t\u0259qdim etdi. Komissiyan\u0131n rusiyal\u0131 h\u0259ms\u0259dri Erm\u0259nistan t\u0259r\u0259fi onu imzalama\u011fa haz\u0131r oldu\u011funu bildirdi, Az\u0259rbaycan t\u0259r\u0259fi bundan imtina etdi\u201d.<\/p>\n\n\n\n<p>Ba\u015f nazir vur\u011fulay\u0131b ki, o, Bak\u0131n\u0131n yana\u015fmas\u0131n\u0131n q\u0259buledilm\u0259zliyini d\u0259f\u0259l\u0259rl\u0259 b\u0259yan edib. \u201cBak\u0131 bildirir ki, Az\u0259rbaycandan Nax\u00e7\u0131van Muxtar Respublikas\u0131na ged\u0259n yolun La\u00e7\u0131n d\u0259hlizi il\u0259 analoqu olaraq f\u0259aliyy\u0259t g\u00f6st\u0259rm\u0259lidir\u201d.<\/p>\n\n\n\n<p>Pa\u015finyan Az\u0259rbaycan\u0131 yeni m\u00fcharib\u0259y\u0259 haz\u0131rla\u015fmaqda ittiham edib. Erm\u0259ni ba\u015f nazir iddia edib ki, Bak\u0131 Erm\u0259nistan\u0131n \u00fc\u00e7t\u0259r\u0259fli b\u0259yanatla ba\u011fl\u0131 \u00f6hd\u0259likl\u0259rini yerin\u0259 yetirm\u0259k ist\u0259m\u0259diyi g\u00f6r\u00fcnt\u00fcs\u00fc yaratmaq c\u0259hdl\u0259ri il\u0259 Erm\u0259nistan v\u0259 Qaraba\u011fa qar\u015f\u0131 yeni m\u00fcharib\u0259ni qanunil\u0259\u015fdirm\u0259y\u0259 \u00e7al\u0131\u015f\u0131r.<\/p>\n\n\n\n<p>Ba\u015f nazir delimitasiya v\u0259 demarkasiya m\u0259s\u0259l\u0259l\u0259ri \u00fczr\u0259 komissiyan\u0131n iclas\u0131n\u0131n ke\u00e7irilm\u0259si il\u0259 ba\u011fl\u0131 ilkin raz\u0131l\u0131\u011f\u0131n \u0259ld\u0259 edildiyi iki hal\u0131 qeyd edib. \u201cH\u0259r iki d\u0259f\u0259 Bak\u0131 ya imtina etdi, ya da t\u0259xir\u0259 sal\u0131nmas\u0131n\u0131 t\u0259l\u0259b etdi. Eyni \u015fey n\u0259qliyyat kommunikasiyalar\u0131 m\u00f6vzusuna da aiddir: Az\u0259rbaycan bel\u0259 bir g\u00f6r\u00fcnt\u00fc yarad\u0131r ki, Erm\u0259nistan n\u0259qliyyat kommunikasiyalar\u0131n\u0131n bloklanmas\u0131na qar\u015f\u0131d\u0131r v\u0259 bu, \u00fc\u00e7t\u0259r\u0259fli b\u0259yanat\u0131n m\u00fcdd\u0259alar\u0131n\u0131 pozur\u201d.<\/p>\n\n\n\n<p>Erm\u0259ni ba\u015f nazir reall\u0131\u011f\u0131n tamam ba\u015fqa oldu\u011funu da dilin\u0259 g\u0259tirib. Onun s\u00f6zl\u0259rin\u0259 g\u00f6r\u0259, Bak\u0131 Erm\u0259nistan\u0131n 30 il \u0259rzind\u0259 apard\u0131\u011f\u0131 blokada siyas\u0259tini s\u0259m\u0259r\u0259li hesab edir v\u0259 regional n\u0259qliyyat kommunikasiyalar\u0131n\u0131n a\u00e7\u0131lmas\u0131n\u0131 bil\u0259r\u0259kd\u0259n gecikdirir. \u201cErm\u0259nistan raz\u0131la\u015fmalar\u0131n h\u0259yata ke\u00e7irilm\u0259sind\u0259 maraql\u0131d\u0131r, \u00e7\u00fcnki kommunikasiyalar\u0131n a\u00e7\u0131lmas\u0131 \u00f6lk\u0259miz\u0259 \u0130ranla, Rusiya il\u0259 d\u0259mir yolu \u0259laq\u0259si \u0259ld\u0259 etm\u0259y\u0259 imkan ver\u0259c\u0259k, S\u00fcnik b\u00f6lg\u0259si Erm\u0259nistan\u0131n qalan hiss\u0259si il\u0259 d\u0259mir yolu \u0259laq\u0259si \u0259ld\u0259 ed\u0259c\u0259k. Erm\u0259nistan Yerasx \u2013 Me\u011fri istiqam\u0259tind\u0259 d\u0259 alternativ yol alacaq\u201d.<\/p>\n\n\n\n<p>P.S. Qeyd ed\u0259k ki, Nikol Pa\u015finyan\u0131n bu a\u00e7\u0131qlamalar\u0131 \u00f6z\u00fcn\u0259 b\u0259ra\u0259t qazand\u0131rmaqdan ba\u015fqa bir \u015fey deyil. M\u00fcharib\u0259d\u0259n sonra Bak\u0131 d\u0259f\u0259l\u0259rl\u0259 \u0130r\u0259vana m\u00fcraci\u0259t edib ki, s\u00fclh sazi\u015fi imzalama\u011fa haz\u0131rd\u0131r. H\u0259tta bununla ba\u011fl\u0131 5 b\u0259ndlik t\u0259klifini d\u0259 g\u00f6nd\u0259rib. Lakin Erm\u0259nistan h\u0259min t\u0259klifl\u0259ri q\u0259bul etdiyini des\u0259 d\u0259, onlara \u0259m\u0259l etm\u0259kd\u0259n boyun qa\u00e7\u0131r\u0131r. Bundan ba\u015fqa, Erm\u0259nistan h\u0259l\u0259 d\u0259 Qaraba\u011fdak\u0131 h\u0259rbi bil\u0259\u015fm\u0259l\u0259rini \u00e7\u0131xarmay\u0131b. Bu da 10 noyabr raz\u0131la\u015fmas\u0131n\u0131n 4-c\u00fc b\u0259ndinin pozulmas\u0131 dem\u0259kdir. Eyni zamanda, Nax\u00e7\u0131vanla Az\u0259rbaycan\u0131 birl\u0259\u015fdir\u0259c\u0259k d\u0259hlizin a\u00e7\u0131lmas\u0131na m\u00fcxt\u0259lif don geyindir\u0259r\u0259k, onu icra etm\u0259kd\u0259n imtina edir. \u0130ndi is\u0259 Az\u0259rbaycan\u0131 \u0259sass\u0131z yer\u0259 ittiham edir ki, guya, dan\u0131\u015f\u0131qlar\u0131 pozan Bak\u0131d\u0131r.<\/p>\n\n\n\n<p>Erm\u0259nistan bu prosesd\u0259 vaxt udma\u011fa, silahlanma\u011fa \u00e7al\u0131\u015f\u0131r. Bu g\u00fcn kimi ayd\u0131nd\u0131r. El\u0259 m\u00fcharib\u0259nin ba\u015flamas\u0131nda da birba\u015fa \u00f6zl\u0259ri maraql\u0131d\u0131r. Onlar d\u00fc\u015f\u00fcn\u00fcrl\u0259r ki, b\u0259lk\u0259 itirdikl\u0259rini qaytard\u0131lar. Lakin anlam\u0131rlar ki, Az\u0259rbaycan\u0131n bir da\u011f-komando briqadas\u0131 onlar\u0131n b\u00fct\u00fcn ordusunu yerl\u0259 yeksan etm\u0259k g\u00fcc\u00fcnd\u0259dir.<\/p>\n\n\n\n<p>M\u0259nb\u0259: JAMAZ.\u0130NFO<\/p>\n","protected":false},"excerpt":{"rendered":"<p>Erm\u0259nistan\u0131n ba\u015f naziri Nikol Pa\u015finyan d\u00fcn\u0259n m\u0259tbuat konfrans\u0131nda sensasion iddia il\u0259 \u00e7\u0131x\u0131\u015f edib. Pa\u015finyan iddia&#8230;<\/p>\n","protected":false},"author":3,"featured_media":0,"comment_status":"closed","ping_status":"closed","sticky":false,"template":"","format":"standard","meta":{"footnotes":""},"categories":[9],"tags":[],"class_list":["post-17208","post","type-post","status-publish","format-standard","hentry","category-sq"],"featured_image_urls":{"full":"","thumbnail":"","medium":"","medium_large":"","large":"","1536x1536":"","2048x2048":"","covernews-slider-full":"","covernews-slider-center":"","covernews-featured":"","covernews-medium":"","covernews-medium-square":""},"author_info":{"display_name":"Veteran.az","author_link":"https:\/\/veteran.az\/?author=3"},"category_info":"<a href=\"https:\/\/veteran.az\/?cat=9\" rel=\"category\">Silahl\u0131 Q\u00fcvv\u0259l\u0259r<\/a>","tag_info":"Silahl\u0131 Q\u00fcvv\u0259l\u0259r","comment_count":"0","_links":{"self":[{"href":"https:\/\/veteran.az\/index.php?rest_route=\/wp\/v2\/posts\/17208","targetHints":{"allow":["GET"]}}],"collection":[{"href":"https:\/\/veteran.az\/index.php?rest_route=\/wp\/v2\/posts"}],"about":[{"href":"https:\/\/veteran.az\/index.php?rest_route=\/wp\/v2\/types\/post"}],"author":[{"embeddable":true,"href":"https:\/\/veteran.az\/index.php?rest_route=\/wp\/v2\/users\/3"}],"replies":[{"embeddable":true,"href":"https:\/\/veteran.az\/index.php?rest_route=%2Fwp%2Fv2%2Fcomments&post=17208"}],"version-history":[{"count":1,"href":"https:\/\/veteran.az\/index.php?rest_route=\/wp\/v2\/posts\/17208\/revisions"}],"predecessor-version":[{"id":17210,"href":"https:\/\/veteran.az\/index.php?rest_route=\/wp\/v2\/posts\/17208\/revisions\/17210"}],"wp:attachment":[{"href":"https:\/\/veteran.az\/index.php?rest_route=%2Fwp%2Fv2%2Fmedia&parent=17208"}],"wp:term":[{"taxonomy":"category","embeddable":true,"href":"https:\/\/veteran.az\/index.php?rest_route=%2Fwp%2Fv2%2Fcategories&post=17208"},{"taxonomy":"post_tag","embeddable":true,"href":"https:\/\/veteran.az\/index.php?rest_route=%2Fwp%2Fv2%2Ftags&post=17208"}],"curies":[{"name":"wp","href":"https:\/\/api.w.org\/{rel}","templated":true}]}}