{"id":17195,"date":"2022-06-28T02:17:45","date_gmt":"2022-06-27T22:17:45","guid":{"rendered":"http:\/\/veteran.az\/?p=17195"},"modified":"2022-06-28T02:17:45","modified_gmt":"2022-06-27T22:17:45","slug":"ilham-%c9%99liyev-islam-%c9%99m%c9%99kdasliq-t%c9%99skilatinin-bas-katibini-q%c9%99bul-edib","status":"publish","type":"post","link":"https:\/\/veteran.az\/?p=17195","title":{"rendered":"\u0130lham \u018fliyev \u0130slam \u018fm\u0259kda\u015fl\u0131q T\u0259\u015fkilat\u0131n\u0131n Ba\u015f katibini q\u0259bul edib"},"content":{"rendered":"\n<p><strong>Az\u0259rbaycan Respublikas\u0131n\u0131n Prezidenti \u0130lham \u018fliyev iyunun 27-d\u0259 \u0130slam \u018fm\u0259kda\u015fl\u0131q T\u0259\u015fkilat\u0131n\u0131n (\u0130\u018fT) Ba\u015f katibi Hissein Brahim Tahan\u0131 q\u0259bul edib.<\/strong><\/p>\n\n\n\n<p>Prezident \u0130lham \u018fliyev Az\u0259rbaycan\u0131n xarici siyas\u0259t prioritetl\u0259rind\u0259 m\u00fcs\u0259lman \u00f6lk\u0259l\u0259ri il\u0259 \u0259m\u0259kda\u015fl\u0131\u011f\u0131n x\u00fcsusi yer tutdu\u011funu qeyd ed\u0259r\u0259k, bu \u0259m\u0259kda\u015fl\u0131\u011f\u0131n h\u0259m ikit\u0259r\u0259fli, h\u0259m d\u0259 beyn\u0259lxalq t\u0259\u015fkilatlar \u00e7\u0259r\u00e7iv\u0259sind\u0259 u\u011furla apar\u0131ld\u0131\u011f\u0131n\u0131 bildirdi. D\u00f6vl\u0259timizin ba\u015f\u00e7\u0131s\u0131 \u00f6lk\u0259mizin \u0130\u018fT il\u0259 s\u0259m\u0259r\u0259li \u0259m\u0259kda\u015fl\u0131q h\u0259yata ke\u00e7irdiyini vur\u011fulayaraq Az\u0259rbaycan\u0131n islam h\u0259mr\u0259yliyinin g\u00fccl\u0259ndirilm\u0259si i\u015find\u0259 \u00e7ox f\u0259al \u00e7al\u0131\u015fd\u0131\u011f\u0131n\u0131 qeyd etdi.<\/p>\n\n\n\n<p>Prezident \u0130lham \u018fliyev bildirdi ki, Az\u0259rbaycan Qo\u015fulmama H\u0259r\u0259kat\u0131na \u00fczv olan bir \u00e7ox m\u00fcs\u0259lman \u00f6lk\u0259l\u0259ri il\u0259 d\u0259 s\u0131x \u0259m\u0259kda\u015fl\u0131q edir. Bununla \u0259laq\u0259dar d\u00f6vl\u0259timizin ba\u015f\u00e7\u0131s\u0131 bu g\u00fcnl\u0259rd\u0259 Bak\u0131da Qo\u015fulmama H\u0259r\u0259kat\u0131n\u0131n Parlament \u015e\u0259b\u0259k\u0259sinin t\u0259sis edil\u0259c\u0259yini m\u0259mnunluqla vur\u011fulad\u0131.<\/p>\n\n\n\n<p>Prezident \u0130lham \u018fliyev h\u0259m \u0130kinci Qaraba\u011f m\u00fcharib\u0259si zaman\u0131, h\u0259m d\u0259 postm\u00fcharib\u0259 d\u00f6vr\u00fcnd\u0259 \u0130slam \u018fm\u0259kda\u015fl\u0131q T\u0259\u015fkilat\u0131n\u0131n Az\u0259rbaycan\u0131n haqq i\u015fini, \u0259razi b\u00fct\u00f6vl\u00fcy\u00fcn\u00fc d\u0259st\u0259kl\u0259m\u0259sini y\u00fcks\u0259k qiym\u0259tl\u0259ndirdi. D\u00f6vl\u0259timizin ba\u015f\u00e7\u0131s\u0131 i\u015f\u011fal ill\u0259rind\u0259 erm\u0259nil\u0259r t\u0259r\u0259find\u0259n tarixi v\u0259 m\u0259d\u0259ni abid\u0259l\u0259rimizin, o c\u00fcml\u0259d\u0259n m\u0259scidl\u0259rimizin v\u0259h\u015fic\u0259sin\u0259 darmada\u011f\u0131n edildiyini bildir\u0259r\u0259k bunu xalq\u0131m\u0131za qar\u015f\u0131 m\u0259d\u0259ni soyq\u0131r\u0131m\u0131, b\u00fct\u00fcn m\u00fcs\u0259lman \u00f6lk\u0259l\u0259rin\u0259 qar\u015f\u0131 t\u0259hqir kimi d\u0259y\u0259rl\u0259ndirdi.<\/p>\n\n\n\n<p>Az\u0259rbaycan Prezidenti i\u015f\u011faldan azad edilmi\u015f \u0259razil\u0259rimizd\u0259 apar\u0131lan geni\u015fmiqyasl\u0131 b\u0259rpa v\u0259 yenid\u0259nqurma layih\u0259l\u0259rind\u0259n, o c\u00fcml\u0259d\u0259n dini abid\u0259l\u0259rimizin b\u0259rpas\u0131 istiqam\u0259tind\u0259 g\u00f6r\u00fcl\u0259n i\u015fl\u0259rd\u0259n dan\u0131\u015fd\u0131.<\/p>\n\n\n\n<p>\u0130slam \u018fm\u0259kda\u015fl\u0131q T\u0259\u015fkilat\u0131n\u0131n Ba\u015f katibi Az\u0259rbaycana s\u0259f\u0259rind\u0259n m\u0259mnunluq hissi ke\u00e7irdiyini qeyd etdi. Hissein Brahim Taha Az\u0259rbaycan\u0131n \u0130\u018fT \u00fc\u00e7\u00fcn \u00e7ox \u00f6n\u0259mli \u00f6lk\u0259 oldu\u011funu bildir\u0259r\u0259k d\u00f6vl\u0259timizin ba\u015f\u00e7\u0131s\u0131n\u0131n lider kimi f\u0259aliyy\u0259tini y\u00fcks\u0259k qiym\u0259tl\u0259ndirdi. Qeyd etdi ki, \u0130\u018fT Prezident \u0130lham \u018fliyevin \u00fczv \u00f6lk\u0259l\u0259r aras\u0131nda h\u0259mr\u0259yliyin g\u00fccl\u0259ndirilm\u0259si istiqam\u0259tind\u0259ki m\u00f6vqeyinin d\u00fcnya miqyas\u0131nda t\u0259\u015fviq edilm\u0259si \u00fc\u00e7\u00fcn yorulmaz s\u0259yl\u0259r g\u00f6st\u0259rir.<\/p>\n\n\n\n<p>Prezident \u0130lham \u018fliyev BMT t\u0259r\u0259find\u0259n d\u0259 t\u0259qdir edil\u0259n v\u0259 \u0130slam \u018fm\u0259kda\u015fl\u0131q T\u0259\u015fkilat\u0131 il\u0259 Avropa \u015euras\u0131n\u0131n birg\u0259 \u0259m\u0259kda\u015fl\u0131\u011f\u0131n\u0131n t\u0259zah\u00fcr\u00fc olan Bak\u0131 Prosesinin m\u0259d\u0259niyy\u0259tl\u0259raras\u0131 dialoqa verdiyi t\u00f6hf\u0259ni x\u00fcsusi qeyd etdi.<\/p>\n\n\n\n<p>G\u00f6r\u00fc\u015fd\u0259 \u0130slam \u018fm\u0259kda\u015fl\u0131q T\u0259\u015fkilat\u0131na \u00fczv \u00f6lk\u0259l\u0259r aras\u0131nda h\u0259mr\u0259yliyin \u00f6n\u0259mi vur\u011fuland\u0131, \u0259m\u0259kda\u015fl\u0131\u011f\u0131n perspektivl\u0259ri \u0259traf\u0131nda fikir m\u00fcbadil\u0259si apar\u0131ld\u0131. D\u00fcnyan\u0131n b\u0259zi regionlar\u0131nda islamofobiya meyill\u0259rinin artd\u0131\u011f\u0131 bildirildi v\u0259 onun qar\u015f\u0131s\u0131n\u0131n al\u0131nmas\u0131 istiqam\u0259tind\u0259 birg\u0259 f\u0259aliyy\u0259tin apar\u0131lmas\u0131n\u0131n vacibliyi vur\u011fuland\u0131.<\/p>\n","protected":false},"excerpt":{"rendered":"<p>Az\u0259rbaycan Respublikas\u0131n\u0131n Prezidenti \u0130lham \u018fliyev iyunun 27-d\u0259 \u0130slam \u018fm\u0259kda\u015fl\u0131q T\u0259\u015fkilat\u0131n\u0131n (\u0130\u018fT) Ba\u015f katibi Hissein Brahim&#8230;<\/p>\n","protected":false},"author":3,"featured_media":17196,"comment_status":"closed","ping_status":"closed","sticky":false,"template":"","format":"standard","meta":{"footnotes":""},"categories":[6],"tags":[],"class_list":["post-17195","post","type-post","status-publish","format-standard","has-post-thumbnail","hentry","category-cmiyyt"],"featured_image_urls":{"full":["https:\/\/veteran.az\/wp-content\/uploads\/2022\/06\/14b628a39a040222562784b0812360d5_9272959.jpg",2360,1196,false],"thumbnail":["https:\/\/veteran.az\/wp-content\/uploads\/2022\/06\/14b628a39a040222562784b0812360d5_9272959-150x150.jpg",150,150,true],"medium":["https:\/\/veteran.az\/wp-content\/uploads\/2022\/06\/14b628a39a040222562784b0812360d5_9272959-300x152.jpg",300,152,true],"medium_large":["https:\/\/veteran.az\/wp-content\/uploads\/2022\/06\/14b628a39a040222562784b0812360d5_9272959-768x389.jpg",640,324,true],"large":["https:\/\/veteran.az\/wp-content\/uploads\/2022\/06\/14b628a39a040222562784b0812360d5_9272959-1024x519.jpg",640,324,true],"1536x1536":["https:\/\/veteran.az\/wp-content\/uploads\/2022\/06\/14b628a39a040222562784b0812360d5_9272959-1536x778.jpg",1536,778,true],"2048x2048":["https:\/\/veteran.az\/wp-content\/uploads\/2022\/06\/14b628a39a040222562784b0812360d5_9272959-2048x1038.jpg",2048,1038,true],"covernews-slider-full":["https:\/\/veteran.az\/wp-content\/uploads\/2022\/06\/14b628a39a040222562784b0812360d5_9272959-1536x1020.jpg",1077,715,true],"covernews-slider-center":["https:\/\/veteran.az\/wp-content\/uploads\/2022\/06\/14b628a39a040222562784b0812360d5_9272959-936x897.jpg",522,500,true],"covernews-featured":["https:\/\/veteran.az\/wp-content\/uploads\/2022\/06\/14b628a39a040222562784b0812360d5_9272959-1024x519.jpg",1024,519,true],"covernews-medium":["https:\/\/veteran.az\/wp-content\/uploads\/2022\/06\/14b628a39a040222562784b0812360d5_9272959-720x380.jpg",540,285,true],"covernews-medium-square":["https:\/\/veteran.az\/wp-content\/uploads\/2022\/06\/14b628a39a040222562784b0812360d5_9272959-675x450.jpg",375,250,true]},"author_info":{"display_name":"Veteran.az","author_link":"https:\/\/veteran.az\/?author=3"},"category_info":"<a href=\"https:\/\/veteran.az\/?cat=6\" rel=\"category\">C\u0259miyy\u0259t<\/a>","tag_info":"C\u0259miyy\u0259t","comment_count":"0","_links":{"self":[{"href":"https:\/\/veteran.az\/index.php?rest_route=\/wp\/v2\/posts\/17195","targetHints":{"allow":["GET"]}}],"collection":[{"href":"https:\/\/veteran.az\/index.php?rest_route=\/wp\/v2\/posts"}],"about":[{"href":"https:\/\/veteran.az\/index.php?rest_route=\/wp\/v2\/types\/post"}],"author":[{"embeddable":true,"href":"https:\/\/veteran.az\/index.php?rest_route=\/wp\/v2\/users\/3"}],"replies":[{"embeddable":true,"href":"https:\/\/veteran.az\/index.php?rest_route=%2Fwp%2Fv2%2Fcomments&post=17195"}],"version-history":[{"count":1,"href":"https:\/\/veteran.az\/index.php?rest_route=\/wp\/v2\/posts\/17195\/revisions"}],"predecessor-version":[{"id":17197,"href":"https:\/\/veteran.az\/index.php?rest_route=\/wp\/v2\/posts\/17195\/revisions\/17197"}],"wp:featuredmedia":[{"embeddable":true,"href":"https:\/\/veteran.az\/index.php?rest_route=\/wp\/v2\/media\/17196"}],"wp:attachment":[{"href":"https:\/\/veteran.az\/index.php?rest_route=%2Fwp%2Fv2%2Fmedia&parent=17195"}],"wp:term":[{"taxonomy":"category","embeddable":true,"href":"https:\/\/veteran.az\/index.php?rest_route=%2Fwp%2Fv2%2Fcategories&post=17195"},{"taxonomy":"post_tag","embeddable":true,"href":"https:\/\/veteran.az\/index.php?rest_route=%2Fwp%2Fv2%2Ftags&post=17195"}],"curies":[{"name":"wp","href":"https:\/\/api.w.org\/{rel}","templated":true}]}}