{"id":17149,"date":"2022-06-27T00:27:23","date_gmt":"2022-06-26T20:27:23","guid":{"rendered":"http:\/\/veteran.az\/?p=17149"},"modified":"2022-06-27T00:28:02","modified_gmt":"2022-06-26T20:28:02","slug":"mudafi%c9%99-nazirliyinin-r%c9%99hb%c9%99rliyi-s%c9%99hidl%c9%99rimizi-ziyar%c9%99t-etdi","status":"publish","type":"post","link":"https:\/\/veteran.az\/?p=17149","title":{"rendered":"M\u00fcdafi\u0259 Nazirliyinin r\u0259hb\u0259rliyi \u015f\u0259hidl\u0259rimizi ziyar\u0259t etdi"},"content":{"rendered":"\n<p><strong>Silahl\u0131 Q\u00fcvv\u0259l\u0259r G\u00fcn\u00fc m\u00fcnasib\u0259til\u0259 iyunun 26-da m\u00fcdafi\u0259 nazirinin birinci m\u00fcavini &#8212; Az\u0259rbaycan Ordusunun Ba\u015f Q\u0259rargah r\u0259isi general-polkovnik K\u0259rim V\u0259liyev v\u0259 nazirliyin dig\u0259r r\u0259hb\u0259r hey\u0259ti F\u0259xri xiyaban\u0131 v\u0259 \u0130kinci \u015e\u0259hidl\u0259r xiyaban\u0131n\u0131 ziyar\u0259t edibl\u0259r.<\/strong><\/p>\n\n\n\n<p><strong>Veteran.az&nbsp;<\/strong>M\u00fcdafi\u0259 Nazirliyinin sayt\u0131na istinad\u0259n bildirir ki, \u0259vv\u0259lc\u0259 xalq\u0131m\u0131z\u0131n \u00fcmummilli lideri Heyd\u0259r \u018fliyevin abid\u0259si \u00f6n\u00fcn\u0259 g\u00fcl d\u0259st\u0259l\u0259ri qoyulub, Ulu \u00d6nd\u0259rin xatir\u0259si h\u00f6rm\u0259t v\u0259 ehtiramla yad edilib.<\/p>\n\n\n\n<figure class=\"wp-block-image size-large\"><img decoding=\"async\" src=\"http:\/\/veteran.az\/wp-content\/uploads\/2022\/06\/62b861927613662b8619276137165625077062b861927613462b8619276135-1024x683.jpg\" alt=\"\" class=\"wp-image-17150\"\/><\/figure>\n\n\n\n<p>Sonra M\u00fcdafi\u0259 Nazirliyinin r\u0259hb\u0259rliyi \u0130kinci \u015e\u0259hidl\u0259r xiyaban\u0131na g\u0259l\u0259r\u0259k \u00f6lk\u0259mizin suverenliyi v\u0259 \u0259razi b\u00fct\u00f6vl\u00fcy\u00fc u\u011frunda ged\u0259n d\u00f6y\u00fc\u015fl\u0259rd\u0259 canlar\u0131ndan ke\u00e7mi\u015f \u015f\u0259hidl\u0259rimizin m\u0259zarlar\u0131n\u0131 ziyar\u0259t ed\u0259r\u0259k \u00fcz\u0259rin\u0259 g\u00fcl d\u0259st\u0259l\u0259ri qoyub.<\/p>\n\n\n\n<p>Ziyar\u0259t vaxt\u0131 general-polkovnik K\u0259rim V\u0259liyev \u015f\u0259hidl\u0259rin ail\u0259 \u00fczvl\u0259ri v\u0259 yax\u0131nlar\u0131 il\u0259 g\u00f6r\u00fc\u015f\u0259r\u0259k onlar\u0131n qay\u011f\u0131lar\u0131 il\u0259 maraqlan\u0131b, m\u00fcraci\u0259tl\u0259rini dinl\u0259yib v\u0259 aidiyy\u0259ti \u00fczr\u0259 m\u00fcvafiq g\u00f6st\u0259ri\u015fl\u0259r verib.<\/p>\n\n\n\n<figure class=\"wp-block-image size-large\"><img decoding=\"async\" src=\"http:\/\/veteran.az\/wp-content\/uploads\/2022\/06\/62b861926f8b862b861926f8b9165625077062b861926f8b662b861926f8b7-1024x683.jpg\" alt=\"\" class=\"wp-image-17151\"\/><\/figure>\n\n\n\n<figure class=\"wp-block-embed is-type-video is-provider-youtube wp-block-embed-youtube wp-embed-aspect-16-9 wp-has-aspect-ratio\"><div class=\"wp-block-embed__wrapper\">\n<iframe loading=\"lazy\" title=\"M\u00fcdafi\u0259 Nazirliyinin r\u0259hb\u0259rliyi F\u0259xri xiyaban\u0131 v\u0259 \u0130kinci \u015e\u0259hidl\u0259r xiyaban\u0131n\u0131 ziyar\u0259t edib\" width=\"640\" height=\"360\" src=\"https:\/\/www.youtube.com\/embed\/txaUAN_jIuY?feature=oembed\" frameborder=\"0\" allow=\"accelerometer; autoplay; clipboard-write; encrypted-media; gyroscope; picture-in-picture; web-share\" referrerpolicy=\"strict-origin-when-cross-origin\" allowfullscreen><\/iframe>\n<\/div><\/figure>\n","protected":false},"excerpt":{"rendered":"<p>Silahl\u0131 Q\u00fcvv\u0259l\u0259r G\u00fcn\u00fc m\u00fcnasib\u0259til\u0259 iyunun 26-da m\u00fcdafi\u0259 nazirinin birinci m\u00fcavini &#8212; Az\u0259rbaycan Ordusunun Ba\u015f Q\u0259rargah&#8230;<\/p>\n","protected":false},"author":3,"featured_media":0,"comment_status":"closed","ping_status":"closed","sticky":false,"template":"","format":"standard","meta":{"footnotes":""},"categories":[6],"tags":[],"class_list":["post-17149","post","type-post","status-publish","format-standard","hentry","category-cmiyyt"],"featured_image_urls":{"full":"","thumbnail":"","medium":"","medium_large":"","large":"","1536x1536":"","2048x2048":"","covernews-slider-full":"","covernews-slider-center":"","covernews-featured":"","covernews-medium":"","covernews-medium-square":""},"author_info":{"display_name":"Veteran.az","author_link":"https:\/\/veteran.az\/?author=3"},"category_info":"<a href=\"https:\/\/veteran.az\/?cat=6\" rel=\"category\">C\u0259miyy\u0259t<\/a>","tag_info":"C\u0259miyy\u0259t","comment_count":"0","_links":{"self":[{"href":"https:\/\/veteran.az\/index.php?rest_route=\/wp\/v2\/posts\/17149","targetHints":{"allow":["GET"]}}],"collection":[{"href":"https:\/\/veteran.az\/index.php?rest_route=\/wp\/v2\/posts"}],"about":[{"href":"https:\/\/veteran.az\/index.php?rest_route=\/wp\/v2\/types\/post"}],"author":[{"embeddable":true,"href":"https:\/\/veteran.az\/index.php?rest_route=\/wp\/v2\/users\/3"}],"replies":[{"embeddable":true,"href":"https:\/\/veteran.az\/index.php?rest_route=%2Fwp%2Fv2%2Fcomments&post=17149"}],"version-history":[{"count":2,"href":"https:\/\/veteran.az\/index.php?rest_route=\/wp\/v2\/posts\/17149\/revisions"}],"predecessor-version":[{"id":17154,"href":"https:\/\/veteran.az\/index.php?rest_route=\/wp\/v2\/posts\/17149\/revisions\/17154"}],"wp:attachment":[{"href":"https:\/\/veteran.az\/index.php?rest_route=%2Fwp%2Fv2%2Fmedia&parent=17149"}],"wp:term":[{"taxonomy":"category","embeddable":true,"href":"https:\/\/veteran.az\/index.php?rest_route=%2Fwp%2Fv2%2Fcategories&post=17149"},{"taxonomy":"post_tag","embeddable":true,"href":"https:\/\/veteran.az\/index.php?rest_route=%2Fwp%2Fv2%2Ftags&post=17149"}],"curies":[{"name":"wp","href":"https:\/\/api.w.org\/{rel}","templated":true}]}}