{"id":17085,"date":"2022-06-24T10:04:08","date_gmt":"2022-06-24T06:04:08","guid":{"rendered":"http:\/\/veteran.az\/?p=17085"},"modified":"2022-06-24T10:04:09","modified_gmt":"2022-06-24T06:04:09","slug":"qarabag-az%c9%99rbaycanindir-bunu-oradaki-erm%c9%99nil%c9%99r-d%c9%99-bilir-abramyan","status":"publish","type":"post","link":"https:\/\/veteran.az\/?p=17085","title":{"rendered":"\u201c&#8230;Qaraba\u011f Az\u0259rbaycan\u0131nd\u0131r, bunu oradak\u0131 erm\u0259nil\u0259r d\u0259 bilir\u201d &#8212; Abramyan"},"content":{"rendered":"\n<p><strong>\u201cQaraba\u011fda insanlar ayd\u0131n \u015f\u0259kild\u0259 bilirl\u0259r ki, h\u00f6kum\u0259tin ideya v\u0259 proqramlar\u0131nda Qaraba\u011f v\u0259 oradak\u0131 erm\u0259nil\u0259r Az\u0259rbaycan\u0131n t\u0259rkib hiss\u0259si olaraq gedir\u201d.<\/strong><br><br>Bu s\u00f6zl\u0259ri Erm\u0259nistan parlamentinin \u201c\u015e\u0259r\u0259f duyuram\u201d fraksiyas\u0131ndan olan deputat Tiqran Abramyan Facebook s\u0259hif\u0259sind\u0259 yaz\u0131b.<\/p>\n\n\n\n<p>\u201c\u0130nsanlar m\u0259nd\u0259n tez-tez soru\u015furlar: niy\u0259 h\u00f6kum\u0259t r\u0259smil\u0259ri Qaraba\u011fa s\u0259f\u0259r etmirl\u0259r? Bu sual sanki daim havadan as\u0131l\u0131 qal\u0131b. Bir t\u0259r\u0259fd\u0259n, dey\u0259s\u0259n, bu sual\u0131n cavab\u0131 b\u0259llidir, dig\u0259r t\u0259r\u0259fd\u0259n d\u0259 m\u00f6vzu daim m\u00fcxt\u0259lif intensivlikl\u0259 m\u00fczakir\u0259 olunur.<br><br>Buna g\u00f6r\u0259 d\u0259 Qaraba\u011fa niy\u0259 g\u0259lsinl\u0259r ki? Onlar \u00fc\u00e7\u00fcn n\u0259 Qaraba\u011f var, n\u0259 d\u0259 Erm\u0259nistan. Onlar \u00fc\u00e7\u00fcn S\u00fcnik d\u0259 yoxdur, h\u0259tta bir m\u00fcdd\u0259t sonra Erm\u0259nistan da olmayacaq\u201d,-dey\u0259 erm\u0259ni deputat yaz\u0131b.<\/p>\n\n\n\n<p>M\u0259nb\u0259: Musavat.com<\/p>\n","protected":false},"excerpt":{"rendered":"<p>\u201cQaraba\u011fda insanlar ayd\u0131n \u015f\u0259kild\u0259 bilirl\u0259r ki, h\u00f6kum\u0259tin ideya v\u0259 proqramlar\u0131nda Qaraba\u011f v\u0259 oradak\u0131 erm\u0259nil\u0259r Az\u0259rbaycan\u0131n&#8230;<\/p>\n","protected":false},"author":3,"featured_media":0,"comment_status":"closed","ping_status":"closed","sticky":false,"template":"","format":"standard","meta":{"footnotes":""},"categories":[9],"tags":[],"class_list":["post-17085","post","type-post","status-publish","format-standard","hentry","category-sq"],"featured_image_urls":{"full":"","thumbnail":"","medium":"","medium_large":"","large":"","1536x1536":"","2048x2048":"","covernews-slider-full":"","covernews-slider-center":"","covernews-featured":"","covernews-medium":"","covernews-medium-square":""},"author_info":{"display_name":"Veteran.az","author_link":"https:\/\/veteran.az\/?author=3"},"category_info":"<a href=\"https:\/\/veteran.az\/?cat=9\" rel=\"category\">Silahl\u0131 Q\u00fcvv\u0259l\u0259r<\/a>","tag_info":"Silahl\u0131 Q\u00fcvv\u0259l\u0259r","comment_count":"0","_links":{"self":[{"href":"https:\/\/veteran.az\/index.php?rest_route=\/wp\/v2\/posts\/17085","targetHints":{"allow":["GET"]}}],"collection":[{"href":"https:\/\/veteran.az\/index.php?rest_route=\/wp\/v2\/posts"}],"about":[{"href":"https:\/\/veteran.az\/index.php?rest_route=\/wp\/v2\/types\/post"}],"author":[{"embeddable":true,"href":"https:\/\/veteran.az\/index.php?rest_route=\/wp\/v2\/users\/3"}],"replies":[{"embeddable":true,"href":"https:\/\/veteran.az\/index.php?rest_route=%2Fwp%2Fv2%2Fcomments&post=17085"}],"version-history":[{"count":1,"href":"https:\/\/veteran.az\/index.php?rest_route=\/wp\/v2\/posts\/17085\/revisions"}],"predecessor-version":[{"id":17087,"href":"https:\/\/veteran.az\/index.php?rest_route=\/wp\/v2\/posts\/17085\/revisions\/17087"}],"wp:attachment":[{"href":"https:\/\/veteran.az\/index.php?rest_route=%2Fwp%2Fv2%2Fmedia&parent=17085"}],"wp:term":[{"taxonomy":"category","embeddable":true,"href":"https:\/\/veteran.az\/index.php?rest_route=%2Fwp%2Fv2%2Fcategories&post=17085"},{"taxonomy":"post_tag","embeddable":true,"href":"https:\/\/veteran.az\/index.php?rest_route=%2Fwp%2Fv2%2Ftags&post=17085"}],"curies":[{"name":"wp","href":"https:\/\/api.w.org\/{rel}","templated":true}]}}