{"id":17063,"date":"2022-06-21T15:15:02","date_gmt":"2022-06-21T11:15:02","guid":{"rendered":"http:\/\/veteran.az\/?p=17063"},"modified":"2022-06-21T15:15:02","modified_gmt":"2022-06-21T11:15:02","slug":"vilay%c9%99t-eyvazov-sirvanda-v%c9%99t%c9%99ndaslari-q%c9%99bul-etdi","status":"publish","type":"post","link":"https:\/\/veteran.az\/?p=17063","title":{"rendered":"Vilay\u0259t Eyvazov \u015eirvanda v\u0259t\u0259nda\u015flar\u0131 q\u0259bul etdi"},"content":{"rendered":"\n<p><strong>Daxili i\u015fl\u0259r naziri general-polkovnik Vilay\u0259t Eyvazov iyunun 21-d\u0259 \u015eirvan \u015e\u0259h\u0259r Polis \u015e\u00f6b\u0259sind\u0259 n\u00f6vb\u0259ti v\u0259t\u0259nda\u015f q\u0259bulu ke\u00e7irib.<\/strong><\/p>\n\n\n\n<p>D\u0130N-d\u0259n veril\u0259n m\u0259lumata g\u00f6r\u0259, nazir \u0259vv\u0259lc\u0259 \u015eirvan \u015f\u0259h\u0259rind\u0259ki \u00fcmummilli lider Heyd\u0259r \u018fliyevin abid\u0259sini ziyar\u0259t ed\u0259r\u0259k \u0259ziz xatir\u0259sini b\u00f6y\u00fck h\u00f6rm\u0259t v\u0259 ehtiramla yad edib, \u00f6n\u00fcn\u0259 g\u00fcl d\u0259st\u0259si qoyub.<br><br>Sonra \u015e\u0259h\u0259r Polis \u015e\u00f6b\u0259sinin inzibati binas\u0131nda \u015eirvan, Sabirabad, Salyan, Neft\u00e7ala, Hac\u0131qabul, Bil\u0259suvar, C\u0259bray\u0131l, \u0130mi\u015fli, Z\u0259rdab v\u0259 Saatl\u0131 rayonlar\u0131ndan g\u0259l\u0259n 93 v\u0259t\u0259nda\u015f\u0131n m\u00fcraci\u0259tini dinl\u0259y\u0259n nazir onlar\u0131n probleml\u0259rinin h\u0259lli \u00fc\u00e7\u00fcn nazirliyin aidiyy\u0259ti ba\u015f idar\u0259 v\u0259 idar\u0259 r\u0259isl\u0259rin\u0259 tap\u015f\u0131r\u0131qlar verib.<br>M\u00fcraci\u0259tl\u0259rin \u0259ks\u0259riyy\u0259ti yerind\u0259c\u0259 h\u0259llini tap\u0131b.<br><br>Q\u0259bula g\u0259l\u0259n v\u0259t\u0259nda\u015flar onlar\u0131n \u0259riz\u0259 v\u0259 m\u00fcraci\u0259tl\u0259rin\u0259 operativ yana\u015f\u0131lmas\u0131na, o c\u00fcml\u0259d\u0259n g\u00f6st\u0259ril\u0259n diqq\u0259t\u0259 v\u0259 h\u0259ssas m\u00fcnasib\u0259t\u0259 g\u00f6r\u0259 \u00f6lk\u0259 Prezidentin\u0259 minn\u0259tdarl\u0131q edibl\u0259r.<br><br>B\u00f6lg\u0259y\u0259 s\u0259f\u0259ri \u00e7\u0259r\u00e7iv\u0259sind\u0259 general-polkovnik V.Eyvazov polis orqanlar\u0131nda vakant olan s\u0131ravi v\u0259 ki\u00e7ik r\u0259is hey\u0259ti v\u0259zif\u0259l\u0259rin\u0259 q\u0259bulla ba\u011fl\u0131 s\u0131ra bax\u0131\u015f\u0131 ke\u00e7irib.<br>S\u0131ra bax\u0131\u015f\u0131nda \u015eirvan \u015f\u0259h\u0259ri v\u0259 \u0259traf rayonlarda ya\u015fayan, polis orqanlar\u0131nda xidm\u0259t etm\u0259k arzusunda olan g\u0259ncl\u0259r i\u015ftirak edib.<br><br>Xidm\u0259t\u0259 q\u0259bulun \u015f\u0259rtl\u0259rin\u0259 uy\u011fun g\u0259l\u0259n 95 n\u0259f\u0259r se\u00e7im turunun n\u00f6vb\u0259ti m\u0259rh\u0259l\u0259sin\u0259 burax\u0131l\u0131b. Onlardan 18-i V\u0259t\u0259n m\u00fcharib\u0259si i\u015ftirak\u00e7\u0131s\u0131, 1-i is\u0259 \u015f\u0259hid ail\u0259sinin \u00fczv\u00fcd\u00fcr.<br><br>Sonra daxili i\u015fl\u0259r naziri, general-polkovnik V.Eyvazov qeyd olunan \u015f\u0259h\u0259r v\u0259 rayonlar\u0131n polis r\u0259isl\u0259ri il\u0259 \u0259m\u0259liyyat m\u00fc\u015favir\u0259si ke\u00e7ir\u0259r\u0259k, onlardan b\u00f6lg\u0259d\u0259 ictimai asayi\u015fin v\u0259 t\u0259hl\u00fck\u0259sizliyin daha da m\u00f6hk\u0259ml\u0259ndirilm\u0259sini, v\u0259t\u0259nda\u015f m\u00fcraci\u0259tl\u0259rin\u0259 obyektiv bax\u0131lmas\u0131n\u0131 v\u0259 q\u0259bulu i\u015finin d\u00fczg\u00fcn t\u0259\u015fkilini t\u0259l\u0259b edib.<\/p>\n","protected":false},"excerpt":{"rendered":"<p>Daxili i\u015fl\u0259r naziri general-polkovnik Vilay\u0259t Eyvazov iyunun 21-d\u0259 \u015eirvan \u015e\u0259h\u0259r Polis \u015e\u00f6b\u0259sind\u0259 n\u00f6vb\u0259ti v\u0259t\u0259nda\u015f q\u0259bulu&#8230;<\/p>\n","protected":false},"author":3,"featured_media":17064,"comment_status":"closed","ping_status":"closed","sticky":false,"template":"","format":"standard","meta":{"footnotes":""},"categories":[6],"tags":[],"class_list":["post-17063","post","type-post","status-publish","format-standard","has-post-thumbnail","hentry","category-cmiyyt"],"featured_image_urls":{"full":["https:\/\/veteran.az\/wp-content\/uploads\/2022\/06\/4367f354d8bce15dfd3ca9ab0d58282f.jpg",955,600,false],"thumbnail":["https:\/\/veteran.az\/wp-content\/uploads\/2022\/06\/4367f354d8bce15dfd3ca9ab0d58282f-150x150.jpg",150,150,true],"medium":["https:\/\/veteran.az\/wp-content\/uploads\/2022\/06\/4367f354d8bce15dfd3ca9ab0d58282f-300x188.jpg",300,188,true],"medium_large":["https:\/\/veteran.az\/wp-content\/uploads\/2022\/06\/4367f354d8bce15dfd3ca9ab0d58282f-768x483.jpg",640,403,true],"large":["https:\/\/veteran.az\/wp-content\/uploads\/2022\/06\/4367f354d8bce15dfd3ca9ab0d58282f.jpg",640,402,false],"1536x1536":["https:\/\/veteran.az\/wp-content\/uploads\/2022\/06\/4367f354d8bce15dfd3ca9ab0d58282f.jpg",955,600,false],"2048x2048":["https:\/\/veteran.az\/wp-content\/uploads\/2022\/06\/4367f354d8bce15dfd3ca9ab0d58282f.jpg",955,600,false],"covernews-slider-full":["https:\/\/veteran.az\/wp-content\/uploads\/2022\/06\/4367f354d8bce15dfd3ca9ab0d58282f.jpg",955,600,false],"covernews-slider-center":["https:\/\/veteran.az\/wp-content\/uploads\/2022\/06\/4367f354d8bce15dfd3ca9ab0d58282f-936x600.jpg",780,500,true],"covernews-featured":["https:\/\/veteran.az\/wp-content\/uploads\/2022\/06\/4367f354d8bce15dfd3ca9ab0d58282f.jpg",955,600,false],"covernews-medium":["https:\/\/veteran.az\/wp-content\/uploads\/2022\/06\/4367f354d8bce15dfd3ca9ab0d58282f-720x380.jpg",540,285,true],"covernews-medium-square":["https:\/\/veteran.az\/wp-content\/uploads\/2022\/06\/4367f354d8bce15dfd3ca9ab0d58282f-675x450.jpg",375,250,true]},"author_info":{"display_name":"Veteran.az","author_link":"https:\/\/veteran.az\/?author=3"},"category_info":"<a href=\"https:\/\/veteran.az\/?cat=6\" rel=\"category\">C\u0259miyy\u0259t<\/a>","tag_info":"C\u0259miyy\u0259t","comment_count":"0","_links":{"self":[{"href":"https:\/\/veteran.az\/index.php?rest_route=\/wp\/v2\/posts\/17063","targetHints":{"allow":["GET"]}}],"collection":[{"href":"https:\/\/veteran.az\/index.php?rest_route=\/wp\/v2\/posts"}],"about":[{"href":"https:\/\/veteran.az\/index.php?rest_route=\/wp\/v2\/types\/post"}],"author":[{"embeddable":true,"href":"https:\/\/veteran.az\/index.php?rest_route=\/wp\/v2\/users\/3"}],"replies":[{"embeddable":true,"href":"https:\/\/veteran.az\/index.php?rest_route=%2Fwp%2Fv2%2Fcomments&post=17063"}],"version-history":[{"count":1,"href":"https:\/\/veteran.az\/index.php?rest_route=\/wp\/v2\/posts\/17063\/revisions"}],"predecessor-version":[{"id":17065,"href":"https:\/\/veteran.az\/index.php?rest_route=\/wp\/v2\/posts\/17063\/revisions\/17065"}],"wp:featuredmedia":[{"embeddable":true,"href":"https:\/\/veteran.az\/index.php?rest_route=\/wp\/v2\/media\/17064"}],"wp:attachment":[{"href":"https:\/\/veteran.az\/index.php?rest_route=%2Fwp%2Fv2%2Fmedia&parent=17063"}],"wp:term":[{"taxonomy":"category","embeddable":true,"href":"https:\/\/veteran.az\/index.php?rest_route=%2Fwp%2Fv2%2Fcategories&post=17063"},{"taxonomy":"post_tag","embeddable":true,"href":"https:\/\/veteran.az\/index.php?rest_route=%2Fwp%2Fv2%2Ftags&post=17063"}],"curies":[{"name":"wp","href":"https:\/\/api.w.org\/{rel}","templated":true}]}}