{"id":17057,"date":"2022-06-21T14:03:32","date_gmt":"2022-06-21T10:03:32","guid":{"rendered":"http:\/\/veteran.az\/?p=17057"},"modified":"2022-06-21T14:03:32","modified_gmt":"2022-06-21T10:03:32","slug":"ilham-%c9%99liyev-dask%c9%99ndd%c9%99-must%c9%99qillik-abid%c9%99sini-ziyar%c9%99t-etdi","status":"publish","type":"post","link":"https:\/\/veteran.az\/?p=17057","title":{"rendered":"\u0130lham \u018fliyev Da\u015fk\u0259ndd\u0259 M\u00fcst\u0259qillik abid\u0259sini ziyar\u0259t etdi"},"content":{"rendered":"\n<p><strong>\u0130yunun 21-d\u0259 Az\u0259rbaycan Respublikas\u0131n\u0131n Prezidenti \u0130lham \u018fliyev v\u0259 \u00d6zb\u0259kistan Respublikas\u0131n\u0131n Prezidenti \u015eavkat Mirziyoyev Da\u015fk\u0259ndd\u0259 M\u00fcst\u0259qillik abid\u0259sini ziyar\u0259t edibl\u0259r.<\/strong><\/p>\n\n\n\n<p> Prezident \u0130lham \u018fliyev abid\u0259nin \u00f6n\u00fcn\u0259 \u0259klil qoyub.<\/p>\n\n\n\n<figure class=\"wp-block-image size-large\"><img loading=\"lazy\" decoding=\"async\" width=\"962\" height=\"600\" src=\"http:\/\/veteran.az\/wp-content\/uploads\/2022\/06\/375fdbff052c1f67ba512f47c033ca40.jpg\" alt=\"\" class=\"wp-image-17060\" srcset=\"https:\/\/veteran.az\/wp-content\/uploads\/2022\/06\/375fdbff052c1f67ba512f47c033ca40.jpg 962w, https:\/\/veteran.az\/wp-content\/uploads\/2022\/06\/375fdbff052c1f67ba512f47c033ca40-300x187.jpg 300w, https:\/\/veteran.az\/wp-content\/uploads\/2022\/06\/375fdbff052c1f67ba512f47c033ca40-768x479.jpg 768w\" sizes=\"auto, (max-width: 962px) 100vw, 962px\" \/><\/figure>\n\n\n\n<p>M\u0259lumat verilib ki, \u00d6zb\u0259kistan\u0131n m\u00fcst\u0259qilliyinin 30 illiyi m\u00fcnasib\u0259til\u0259 ucald\u0131lan abid\u0259 \u00f6zb\u0259k xalq\u0131n\u0131n \u00fc\u00e7 min illik tarixini \u0259ks etdirir. Yeni abid\u0259 paytaxt yax\u0131nl\u0131\u011f\u0131nda yerl\u0259\u015f\u0259n, \u00f6lk\u0259nin m\u00fcst\u0259qilliyinin ild\u00f6n\u00fcm\u00fcn\u0259 h\u0259sr olunan \u201cYangi Uzbekiston\u201d (\u201cYeni \u00d6zb\u0259kistan\u201d) kompleksinin m\u0259rk\u0259zind\u0259 yerl\u0259\u015fir. Altm\u0131\u015f metr h\u00fcnd\u00fcrl\u00fcy\u00fcnd\u0259ki abid\u0259 g\u00f6rk\u0259mli \u015f\u0259xsiyy\u0259tl\u0259rin h\u0259yat v\u0259 f\u0259aliyy\u0259ti il\u0259 \u0259lam\u0259tdar olan d\u00f6vr\u00fc \u0259ks etdirir.<\/p>\n\n\n\n<figure class=\"wp-block-image size-large\"><img loading=\"lazy\" decoding=\"async\" width=\"800\" height=\"552\" src=\"http:\/\/veteran.az\/wp-content\/uploads\/2022\/06\/0566c2a334deee53c836ac9b5a8c42f3.jpg\" alt=\"\" class=\"wp-image-17058\" srcset=\"https:\/\/veteran.az\/wp-content\/uploads\/2022\/06\/0566c2a334deee53c836ac9b5a8c42f3.jpg 800w, https:\/\/veteran.az\/wp-content\/uploads\/2022\/06\/0566c2a334deee53c836ac9b5a8c42f3-300x207.jpg 300w, https:\/\/veteran.az\/wp-content\/uploads\/2022\/06\/0566c2a334deee53c836ac9b5a8c42f3-768x530.jpg 768w\" sizes=\"auto, (max-width: 800px) 100vw, 800px\" \/><\/figure>\n\n\n\n<p>Abid\u0259 \u00d6zb\u0259kistan Prezidenti \u015eavkat Mirziyoyevin tap\u015f\u0131r\u0131\u011f\u0131 il\u0259 layih\u0259l\u0259ndirilib. Bu abid\u0259d\u0259 \u00d6zb\u0259kistan tarixind\u0259 q\u0259dim vaxtlardan m\u00fcasir d\u00f6vr\u0259d\u0259k ba\u015f ver\u0259n m\u00fch\u00fcm hadis\u0259l\u0259r t\u0259svir edilib. Kompleksd\u0259 \u0259sas\u0259n s\u0259rk\u0259rd\u0259 v\u0259 d\u00f6y\u00fc\u015f\u00e7\u00fcl\u0259rin, alim v\u0259 m\u00fct\u0259f\u0259kkirl\u0259rin, maarif\u00e7il\u0259rin obrazlar\u0131 \u0259ks olunub. M\u00fcst\u0259qillik abid\u0259sini s\u00fclh, azadl\u0131q, xeyirxahl\u0131q v\u0259 xo\u015fb\u0259xtliyi t\u0259r\u0259nn\u00fcm ed\u0259n, qanadlar\u0131 geni\u015f a\u00e7\u0131lm\u0131\u015f Humay qu\u015funun obraz\u0131 tamamlay\u0131r.<\/p>\n\n\n\n<p>Sonra prezidentl\u0259r xatir\u0259 \u015f\u0259kli \u00e7\u0259kdiribl\u0259r.<\/p>\n\n\n\n<figure class=\"wp-block-image size-large\"><img loading=\"lazy\" decoding=\"async\" width=\"800\" height=\"532\" src=\"http:\/\/veteran.az\/wp-content\/uploads\/2022\/06\/cab90cc64115a22f6f813d0e63ef5a5f.jpg\" alt=\"\" class=\"wp-image-17059\" srcset=\"https:\/\/veteran.az\/wp-content\/uploads\/2022\/06\/cab90cc64115a22f6f813d0e63ef5a5f.jpg 800w, https:\/\/veteran.az\/wp-content\/uploads\/2022\/06\/cab90cc64115a22f6f813d0e63ef5a5f-300x200.jpg 300w, https:\/\/veteran.az\/wp-content\/uploads\/2022\/06\/cab90cc64115a22f6f813d0e63ef5a5f-768x511.jpg 768w, https:\/\/veteran.az\/wp-content\/uploads\/2022\/06\/cab90cc64115a22f6f813d0e63ef5a5f-675x450.jpg 675w\" sizes=\"auto, (max-width: 800px) 100vw, 800px\" \/><\/figure>\n","protected":false},"excerpt":{"rendered":"<p>\u0130yunun 21-d\u0259 Az\u0259rbaycan Respublikas\u0131n\u0131n Prezidenti \u0130lham \u018fliyev v\u0259 \u00d6zb\u0259kistan Respublikas\u0131n\u0131n Prezidenti \u015eavkat Mirziyoyev Da\u015fk\u0259ndd\u0259 M\u00fcst\u0259qillik&#8230;<\/p>\n","protected":false},"author":3,"featured_media":17061,"comment_status":"closed","ping_status":"closed","sticky":false,"template":"","format":"standard","meta":{"footnotes":""},"categories":[6],"tags":[],"class_list":["post-17057","post","type-post","status-publish","format-standard","has-post-thumbnail","hentry","category-cmiyyt"],"featured_image_urls":{"full":["https:\/\/veteran.az\/wp-content\/uploads\/2022\/06\/33eff2476f6fd686723940043f14176d.jpg",800,611,false],"thumbnail":["https:\/\/veteran.az\/wp-content\/uploads\/2022\/06\/33eff2476f6fd686723940043f14176d-150x150.jpg",150,150,true],"medium":["https:\/\/veteran.az\/wp-content\/uploads\/2022\/06\/33eff2476f6fd686723940043f14176d-300x229.jpg",300,229,true],"medium_large":["https:\/\/veteran.az\/wp-content\/uploads\/2022\/06\/33eff2476f6fd686723940043f14176d-768x587.jpg",640,489,true],"large":["https:\/\/veteran.az\/wp-content\/uploads\/2022\/06\/33eff2476f6fd686723940043f14176d.jpg",640,489,false],"1536x1536":["https:\/\/veteran.az\/wp-content\/uploads\/2022\/06\/33eff2476f6fd686723940043f14176d.jpg",800,611,false],"2048x2048":["https:\/\/veteran.az\/wp-content\/uploads\/2022\/06\/33eff2476f6fd686723940043f14176d.jpg",800,611,false],"covernews-slider-full":["https:\/\/veteran.az\/wp-content\/uploads\/2022\/06\/33eff2476f6fd686723940043f14176d.jpg",800,611,false],"covernews-slider-center":["https:\/\/veteran.az\/wp-content\/uploads\/2022\/06\/33eff2476f6fd686723940043f14176d.jpg",655,500,false],"covernews-featured":["https:\/\/veteran.az\/wp-content\/uploads\/2022\/06\/33eff2476f6fd686723940043f14176d.jpg",800,611,false],"covernews-medium":["https:\/\/veteran.az\/wp-content\/uploads\/2022\/06\/33eff2476f6fd686723940043f14176d-720x380.jpg",540,285,true],"covernews-medium-square":["https:\/\/veteran.az\/wp-content\/uploads\/2022\/06\/33eff2476f6fd686723940043f14176d-675x450.jpg",375,250,true]},"author_info":{"display_name":"Veteran.az","author_link":"https:\/\/veteran.az\/?author=3"},"category_info":"<a href=\"https:\/\/veteran.az\/?cat=6\" rel=\"category\">C\u0259miyy\u0259t<\/a>","tag_info":"C\u0259miyy\u0259t","comment_count":"0","_links":{"self":[{"href":"https:\/\/veteran.az\/index.php?rest_route=\/wp\/v2\/posts\/17057","targetHints":{"allow":["GET"]}}],"collection":[{"href":"https:\/\/veteran.az\/index.php?rest_route=\/wp\/v2\/posts"}],"about":[{"href":"https:\/\/veteran.az\/index.php?rest_route=\/wp\/v2\/types\/post"}],"author":[{"embeddable":true,"href":"https:\/\/veteran.az\/index.php?rest_route=\/wp\/v2\/users\/3"}],"replies":[{"embeddable":true,"href":"https:\/\/veteran.az\/index.php?rest_route=%2Fwp%2Fv2%2Fcomments&post=17057"}],"version-history":[{"count":1,"href":"https:\/\/veteran.az\/index.php?rest_route=\/wp\/v2\/posts\/17057\/revisions"}],"predecessor-version":[{"id":17062,"href":"https:\/\/veteran.az\/index.php?rest_route=\/wp\/v2\/posts\/17057\/revisions\/17062"}],"wp:featuredmedia":[{"embeddable":true,"href":"https:\/\/veteran.az\/index.php?rest_route=\/wp\/v2\/media\/17061"}],"wp:attachment":[{"href":"https:\/\/veteran.az\/index.php?rest_route=%2Fwp%2Fv2%2Fmedia&parent=17057"}],"wp:term":[{"taxonomy":"category","embeddable":true,"href":"https:\/\/veteran.az\/index.php?rest_route=%2Fwp%2Fv2%2Fcategories&post=17057"},{"taxonomy":"post_tag","embeddable":true,"href":"https:\/\/veteran.az\/index.php?rest_route=%2Fwp%2Fv2%2Ftags&post=17057"}],"curies":[{"name":"wp","href":"https:\/\/api.w.org\/{rel}","templated":true}]}}