{"id":1698,"date":"2019-10-06T14:24:09","date_gmt":"2019-10-06T10:24:09","guid":{"rendered":"http:\/\/veteran.az\/?p=1698"},"modified":"2019-10-06T14:49:36","modified_gmt":"2019-10-06T10:49:36","slug":"doyuscul%c9%99r-ali-bas-komandanin-cixisini-r%c9%99gb%c9%99tl%c9%99-muzakir%c9%99-etdil%c9%99r","status":"publish","type":"post","link":"https:\/\/veteran.az\/?p=1698","title":{"rendered":"D\u00f6y\u00fc\u015f\u00e7\u00fcl\u0259r Ali Ba\u015f Komandan\u0131n \u00e7\u0131x\u0131\u015f\u0131n\u0131 r\u0259\u011fb\u0259tl\u0259 m\u00fczakir\u0259 etdil\u0259r"},"content":{"rendered":"\n<p>AVMV\u0130B s\u0259drinin t\u0259\u015fkilati m\u0259s\u0259l\u0259l\u0259r \u00fczr\u0259 m\u00fcavini Vahid Abdur\u0259hmanov bildirib ki, Ali Ba\u015f Komandan c\u0259nab \u0130lham \u018fliyevin m\u0259lum \u00e7\u0131x\u0131\u015f\u0131, n\u0259inki \u00f6lk\u0259mizd\u0259, h\u0259tta \u00f6lk\u0259 xaricind\u0259 g\u00fccl\u00fc effekt yarad\u0131b. \u00d6lk\u0259mizd\u0259 h\u0259r k\u0259s bu \u00e7\u0131x\u0131\u015f\u0131 r\u0259\u011fb\u0259tl\u0259 qar\u015f\u0131layaraq, sosial \u015f\u0259b\u0259k\u0259l\u0259rd\u0259 izl\u0259m\u0259kd\u0259 v\u0259 payla\u015fmaqdad\u0131rlar. Biz\u0259 y\u00fczl\u0259rl\u0259 m\u00fcharib\u0259 veteran\u0131 m\u00fcraci\u0259t ed\u0259r\u0259k onlar\u0131n d\u0259st\u0259yini v\u0259 minn\u0259tdarl\u0131\u011f\u0131n\u0131 c\u0259nab prezident\u0259 \u00e7atd\u0131rma\u011f\u0131m\u0131z\u0131 ist\u0259yirl\u0259r.<\/p>\n\n\n\n<p>M\u00fcharib\u0259 veteranlar\u0131 d\u00fc\u015fm\u0259nin \u00f6lk\u0259mizin h\u00fcdudlar\u0131ndan qovularaq \u00e7\u0131xar\u0131lmas\u0131 \u00fc\u00e7\u00fcn Ali Ba\u015f Komandan\u0131n \u0259mrin\u0259 haz\u0131r olduqlar\u0131n\u0131 v\u0259 d\u00fc\u015fm\u0259nin anlad\u0131\u011f\u0131 t\u0259k \u015feyin m\u0259rmi oldu\u011funu bildirirl\u0259r. Erm\u0259ni fa\u015fizmi Az\u0259rbaycan\u0131n humanizmini anlamaqdan \u00e7ox uzaqd\u0131r. C\u0259nab prezident \u0130lham \u018fliyevin s\u00f6yl\u0259diyi: &#171;\u018fg\u0259r erm\u0259ni \u0259sg\u0259ri \u00f6lm\u0259k ist\u0259mirs\u0259, r\u0259dd olub \u00f6lk\u0259mizi t\u0259rk etsin!&#187;-s\u00f6zl\u0259rini \u015f\u00fcar ed\u0259r\u0259k torpaqlar\u0131m\u0131zdan sonuncu d\u00fc\u015fm\u0259n \u0259sg\u0259rini qovmaq \u00fc\u00e7\u00fcn m\u00fcbariz\u0259y\u0259 ba\u015flamal\u0131y\u0131q. D\u00fc\u015fm\u0259n vaxt uzand\u0131qca s\u0259rs\u0259m fikirl\u0259r s\u00f6yl\u0259m\u0259y\u0259 v\u0259 anti Az\u0259rbaycan f\u0259aliyy\u0259tl\u0259rini geni\u015fl\u0259ndirm\u0259y\u0259 \u00e7al\u0131\u015f\u0131r.<\/p>\n\n\n\n<p>V. Abdur\u0259hmanov sayt\u0131m\u0131z vasit\u0259siyl\u0259, Ali Ba\u015f Komandana \u00e7ox minlik veteranlar ordusunun d\u0259rin t\u0259\u015f\u0259kk\u00fcrl\u0259rini \u00e7atd\u0131rd\u0131 v\u0259 h\u0259r bir veteran\u0131n Komandan\u0131n &#171;h\u00fccum&#187; \u0259mrin\u0259 m\u00fcnt\u0259zir oldu\u011funu bildirdi.<\/p>\n\n\n\n<p>\u018fMR\u0130N\u0130Z\u018f HAZIRIQ, KOMANDANIM!<\/p>\n\n\n\n<p><strong>E. S\u0259lim<\/strong><\/p>\n","protected":false},"excerpt":{"rendered":"<p>AVMV\u0130B s\u0259drinin t\u0259\u015fkilati m\u0259s\u0259l\u0259l\u0259r \u00fczr\u0259 m\u00fcavini Vahid Abdur\u0259hmanov bildirib ki, Ali Ba\u015f Komandan c\u0259nab \u0130lham&#8230;<\/p>\n","protected":false},"author":3,"featured_media":1328,"comment_status":"closed","ping_status":"closed","sticky":false,"template":"","format":"standard","meta":{"footnotes":""},"categories":[12],"tags":[],"class_list":["post-1698","post","type-post","status-publish","format-standard","has-post-thumbnail","hentry","category-veteran"],"featured_image_urls":{"full":["https:\/\/veteran.az\/wp-content\/uploads\/2019\/09\/gbhnj.png",540,543,false],"thumbnail":["https:\/\/veteran.az\/wp-content\/uploads\/2019\/09\/gbhnj-150x150.png",150,150,true],"medium":["https:\/\/veteran.az\/wp-content\/uploads\/2019\/09\/gbhnj-298x300.png",298,300,true],"medium_large":["https:\/\/veteran.az\/wp-content\/uploads\/2019\/09\/gbhnj.png",540,543,false],"large":["https:\/\/veteran.az\/wp-content\/uploads\/2019\/09\/gbhnj.png",540,543,false],"1536x1536":["https:\/\/veteran.az\/wp-content\/uploads\/2019\/09\/gbhnj.png",540,543,false],"2048x2048":["https:\/\/veteran.az\/wp-content\/uploads\/2019\/09\/gbhnj.png",540,543,false],"covernews-slider-full":["https:\/\/veteran.az\/wp-content\/uploads\/2019\/09\/gbhnj.png",540,543,false],"covernews-slider-center":["https:\/\/veteran.az\/wp-content\/uploads\/2019\/09\/gbhnj.png",497,500,false],"covernews-featured":["https:\/\/veteran.az\/wp-content\/uploads\/2019\/09\/gbhnj.png",540,543,false],"covernews-medium":["https:\/\/veteran.az\/wp-content\/uploads\/2019\/09\/gbhnj-540x380.png",483,340,true],"covernews-medium-square":["https:\/\/veteran.az\/wp-content\/uploads\/2019\/09\/gbhnj-540x450.png",300,250,true]},"author_info":{"display_name":"Veteran.az","author_link":"https:\/\/veteran.az\/?author=3"},"category_info":"<a href=\"https:\/\/veteran.az\/?cat=12\" rel=\"category\">Veteran d\u00fcnyas\u0131<\/a>","tag_info":"Veteran d\u00fcnyas\u0131","comment_count":"0","_links":{"self":[{"href":"https:\/\/veteran.az\/index.php?rest_route=\/wp\/v2\/posts\/1698","targetHints":{"allow":["GET"]}}],"collection":[{"href":"https:\/\/veteran.az\/index.php?rest_route=\/wp\/v2\/posts"}],"about":[{"href":"https:\/\/veteran.az\/index.php?rest_route=\/wp\/v2\/types\/post"}],"author":[{"embeddable":true,"href":"https:\/\/veteran.az\/index.php?rest_route=\/wp\/v2\/users\/3"}],"replies":[{"embeddable":true,"href":"https:\/\/veteran.az\/index.php?rest_route=%2Fwp%2Fv2%2Fcomments&post=1698"}],"version-history":[{"count":2,"href":"https:\/\/veteran.az\/index.php?rest_route=\/wp\/v2\/posts\/1698\/revisions"}],"predecessor-version":[{"id":1709,"href":"https:\/\/veteran.az\/index.php?rest_route=\/wp\/v2\/posts\/1698\/revisions\/1709"}],"wp:featuredmedia":[{"embeddable":true,"href":"https:\/\/veteran.az\/index.php?rest_route=\/wp\/v2\/media\/1328"}],"wp:attachment":[{"href":"https:\/\/veteran.az\/index.php?rest_route=%2Fwp%2Fv2%2Fmedia&parent=1698"}],"wp:term":[{"taxonomy":"category","embeddable":true,"href":"https:\/\/veteran.az\/index.php?rest_route=%2Fwp%2Fv2%2Fcategories&post=1698"},{"taxonomy":"post_tag","embeddable":true,"href":"https:\/\/veteran.az\/index.php?rest_route=%2Fwp%2Fv2%2Ftags&post=1698"}],"curies":[{"name":"wp","href":"https:\/\/api.w.org\/{rel}","templated":true}]}}