{"id":16902,"date":"2022-06-08T23:59:04","date_gmt":"2022-06-08T19:59:04","guid":{"rendered":"http:\/\/veteran.az\/?p=16902"},"modified":"2022-06-08T23:59:05","modified_gmt":"2022-06-08T19:59:05","slug":"avropa-parlamenti-ukraynaya-ai-uzvluyun%c9%99-namiz%c9%99d-statusunun-verilm%c9%99sin%c9%99-cagirib","status":"publish","type":"post","link":"https:\/\/veteran.az\/?p=16902","title":{"rendered":"Avropa Parlamenti Ukraynaya A\u0130 \u00fczvl\u00fcy\u00fcn\u0259 namiz\u0259d statusunun verilm\u0259sin\u0259 \u00e7a\u011f\u0131r\u0131b"},"content":{"rendered":"\n<p><strong>Avropa Parlamentinin (AP) \u00fczvl\u0259ri Avropa Komissiyas\u0131 v\u0259 A\u0130 \u015euras\u0131n\u0131 Ukraynaya d\u0259st\u0259yi g\u00fccl\u0259ndirm\u0259y\u0259 v\u0259 onun A\u0130 \u00fczvl\u00fcy\u00fcn\u0259 namiz\u0259d statusunu t\u0259min etm\u0259y\u0259 \u00e7a\u011f\u0131r\u0131blar.<\/strong><\/p>\n\n\n\n<p>Bu bar\u0259d\u0259 \u00e7\u0259r\u015f\u0259nb\u0259 g\u00fcn\u00fc Avropa Parlamentinin plenar iclas\u0131nda q\u0259bul edilmi\u015f A\u0130-nin xarici v\u0259 m\u00fcdafi\u0259 siyas\u0259tinin d\u0259yi\u015fdirilm\u0259si il\u0259 ba\u011fl\u0131 q\u0259tnam\u0259d\u0259 deyilir.<\/p>\n\n\n\n<p>Bundan \u0259lav\u0259, parlamentaril\u0259r Avropa \u00f6lk\u0259l\u0259rini Ukraynaya laz\u0131m olan silahlar\u0131 d\u0259rhal verm\u0259y\u0259, habel\u0259 maliyy\u0259 v\u0259 humanitar yard\u0131m\u0131 art\u0131rma\u011fa, el\u0259c\u0259 d\u0259 h\u0259rbi \u0259m\u0259liyyatlar ba\u015fa \u00e7atd\u0131qdan sonra \u00f6lk\u0259nin yenid\u0259n qurulmas\u0131na maksimum t\u00f6hf\u0259 verm\u0259y\u0259 haz\u0131r olma\u011fa s\u0259sl\u0259yil\u0259r.<\/p>\n\n\n\n<p>H\u0259m\u00e7inin, q\u0259tnam\u0259 m\u00fc\u0259llifl\u0259ri Ukraynan\u0131n b\u0259rpas\u0131 v\u0259 t\u0259zminat m\u0259qs\u0259dil\u0259 dondurulmu\u015f Rusiya aktivl\u0259rinin m\u00fcsadir\u0259 edilm\u0259si \u00fc\u00e7\u00fcn h\u00fcquqi mexanizm yaratma\u011f\u0131 t\u0259klif edibl\u0259r.<\/p>\n","protected":false},"excerpt":{"rendered":"<p>Avropa Parlamentinin (AP) \u00fczvl\u0259ri Avropa Komissiyas\u0131 v\u0259 A\u0130 \u015euras\u0131n\u0131 Ukraynaya d\u0259st\u0259yi g\u00fccl\u0259ndirm\u0259y\u0259 v\u0259 onun A\u0130&#8230;<\/p>\n","protected":false},"author":3,"featured_media":0,"comment_status":"closed","ping_status":"closed","sticky":false,"template":"","format":"standard","meta":{"footnotes":""},"categories":[7],"tags":[],"class_list":["post-16902","post","type-post","status-publish","format-standard","hentry","category-dunya"],"featured_image_urls":{"full":"","thumbnail":"","medium":"","medium_large":"","large":"","1536x1536":"","2048x2048":"","covernews-slider-full":"","covernews-slider-center":"","covernews-featured":"","covernews-medium":"","covernews-medium-square":""},"author_info":{"display_name":"Veteran.az","author_link":"https:\/\/veteran.az\/?author=3"},"category_info":"<a href=\"https:\/\/veteran.az\/?cat=7\" rel=\"category\">D\u00fcnya<\/a>","tag_info":"D\u00fcnya","comment_count":"0","_links":{"self":[{"href":"https:\/\/veteran.az\/index.php?rest_route=\/wp\/v2\/posts\/16902","targetHints":{"allow":["GET"]}}],"collection":[{"href":"https:\/\/veteran.az\/index.php?rest_route=\/wp\/v2\/posts"}],"about":[{"href":"https:\/\/veteran.az\/index.php?rest_route=\/wp\/v2\/types\/post"}],"author":[{"embeddable":true,"href":"https:\/\/veteran.az\/index.php?rest_route=\/wp\/v2\/users\/3"}],"replies":[{"embeddable":true,"href":"https:\/\/veteran.az\/index.php?rest_route=%2Fwp%2Fv2%2Fcomments&post=16902"}],"version-history":[{"count":1,"href":"https:\/\/veteran.az\/index.php?rest_route=\/wp\/v2\/posts\/16902\/revisions"}],"predecessor-version":[{"id":16904,"href":"https:\/\/veteran.az\/index.php?rest_route=\/wp\/v2\/posts\/16902\/revisions\/16904"}],"wp:attachment":[{"href":"https:\/\/veteran.az\/index.php?rest_route=%2Fwp%2Fv2%2Fmedia&parent=16902"}],"wp:term":[{"taxonomy":"category","embeddable":true,"href":"https:\/\/veteran.az\/index.php?rest_route=%2Fwp%2Fv2%2Fcategories&post=16902"},{"taxonomy":"post_tag","embeddable":true,"href":"https:\/\/veteran.az\/index.php?rest_route=%2Fwp%2Fv2%2Ftags&post=16902"}],"curies":[{"name":"wp","href":"https:\/\/api.w.org\/{rel}","templated":true}]}}