{"id":16884,"date":"2022-06-08T00:06:34","date_gmt":"2022-06-07T20:06:34","guid":{"rendered":"http:\/\/veteran.az\/?p=16884"},"modified":"2022-06-08T00:06:35","modified_gmt":"2022-06-07T20:06:35","slug":"pkk-ypg-nin-killeri-xususi-%c9%99m%c9%99liyyatla-turkiy%c9%99y%c9%99-g%c9%99tirildi","status":"publish","type":"post","link":"https:\/\/veteran.az\/?p=16884","title":{"rendered":"PKK\/YPG-nin killeri x\u00fcsusi \u0259m\u0259liyyatla T\u00fcrkiy\u0259y\u0259 g\u0259tirildi"},"content":{"rendered":"\n<p><strong>Terror t\u0259\u015fkilat\u0131 PKK\/YPG-nin killeri\u00a0kimi tan\u0131nan \u201cRojda\u201d l\u0259q\u0259bli Dilbirin Ka\u00e7ar T\u00fcrkiy\u0259 Milli K\u0259\u015ffiyyat T\u0259\u015fkilat\u0131n\u0131n (M\u0130T) Suriyadak\u0131 \u0259m\u0259liyyat\u0131 il\u0259 T\u00fcrkiy\u0259y\u0259 g\u0259tirilib.<\/strong><\/p>\n\n\n\n<p>T\u0259hl\u00fck\u0259sizlik m\u0259nb\u0259l\u0259rind\u0259n \u0259ld\u0259 edil\u0259n m\u0259lumata g\u00f6r\u0259, 2015-ci ild\u0259 Siirtd\u0259 terror t\u0259\u015fkilat\u0131na qo\u015fulan Ka\u00e7ar 1 il\u0259 yax\u0131n Cudi v\u0259 Qabar b\u00f6lg\u0259l\u0259rind\u0259 f\u0259aliyy\u0259t g\u00f6st\u0259rdikd\u0259n sonra 2016-c\u0131 ild\u0259 Suriyaya g\u00f6nd\u0259rilib.<\/p>\n\n\n\n<p>\u0130raq\u0131n Sincar rayonunda killer&nbsp;kimi t\u0259lim&nbsp;ke\u00e7\u0259n Ka\u00e7ar 2018-ci ilin yanvar ay\u0131nda ke\u00e7iril\u0259n \u201cZeytun buda\u011f\u0131\u201d v\u0259 2019-cu ilin oktyabr\u0131nda \u201cS\u00fclh \u00e7e\u015fm\u0259si\u201d \u0259m\u0259liyyatlar\u0131 zaman\u0131 terror t\u0259\u015fkilat\u0131 \u00fc\u00e7\u00fcn m\u00fcxt\u0259lif aksiyalarda i\u015ftirak edib.<\/p>\n\n\n\n<p>T\u00fcrkiy\u0259nin m\u00fcmk\u00fcn \u0259m\u0259liyyat\u0131na qar\u015f\u0131 Aynularap b\u00f6lg\u0259sin\u0259 g\u00fccl\u0259ndirici q\u00fcvv\u0259 kimi g\u00f6nd\u0259ril\u0259n komandan\u0131n qondarma komandirinin Ka\u00e7ar oldu\u011fu m\u00fc\u0259yy\u0259nl\u0259\u015fib.<\/p>\n\n\n\n<p>M\u0259nb\u0259: Oxu.az<\/p>\n","protected":false},"excerpt":{"rendered":"<p>Terror t\u0259\u015fkilat\u0131 PKK\/YPG-nin killeri\u00a0kimi tan\u0131nan \u201cRojda\u201d l\u0259q\u0259bli Dilbirin Ka\u00e7ar T\u00fcrkiy\u0259 Milli K\u0259\u015ffiyyat T\u0259\u015fkilat\u0131n\u0131n (M\u0130T) Suriyadak\u0131&#8230;<\/p>\n","protected":false},"author":3,"featured_media":0,"comment_status":"closed","ping_status":"closed","sticky":false,"template":"","format":"standard","meta":{"footnotes":""},"categories":[6],"tags":[],"class_list":["post-16884","post","type-post","status-publish","format-standard","hentry","category-cmiyyt"],"featured_image_urls":{"full":"","thumbnail":"","medium":"","medium_large":"","large":"","1536x1536":"","2048x2048":"","covernews-slider-full":"","covernews-slider-center":"","covernews-featured":"","covernews-medium":"","covernews-medium-square":""},"author_info":{"display_name":"Veteran.az","author_link":"https:\/\/veteran.az\/?author=3"},"category_info":"<a href=\"https:\/\/veteran.az\/?cat=6\" rel=\"category\">C\u0259miyy\u0259t<\/a>","tag_info":"C\u0259miyy\u0259t","comment_count":"0","_links":{"self":[{"href":"https:\/\/veteran.az\/index.php?rest_route=\/wp\/v2\/posts\/16884","targetHints":{"allow":["GET"]}}],"collection":[{"href":"https:\/\/veteran.az\/index.php?rest_route=\/wp\/v2\/posts"}],"about":[{"href":"https:\/\/veteran.az\/index.php?rest_route=\/wp\/v2\/types\/post"}],"author":[{"embeddable":true,"href":"https:\/\/veteran.az\/index.php?rest_route=\/wp\/v2\/users\/3"}],"replies":[{"embeddable":true,"href":"https:\/\/veteran.az\/index.php?rest_route=%2Fwp%2Fv2%2Fcomments&post=16884"}],"version-history":[{"count":1,"href":"https:\/\/veteran.az\/index.php?rest_route=\/wp\/v2\/posts\/16884\/revisions"}],"predecessor-version":[{"id":16886,"href":"https:\/\/veteran.az\/index.php?rest_route=\/wp\/v2\/posts\/16884\/revisions\/16886"}],"wp:attachment":[{"href":"https:\/\/veteran.az\/index.php?rest_route=%2Fwp%2Fv2%2Fmedia&parent=16884"}],"wp:term":[{"taxonomy":"category","embeddable":true,"href":"https:\/\/veteran.az\/index.php?rest_route=%2Fwp%2Fv2%2Fcategories&post=16884"},{"taxonomy":"post_tag","embeddable":true,"href":"https:\/\/veteran.az\/index.php?rest_route=%2Fwp%2Fv2%2Ftags&post=16884"}],"curies":[{"name":"wp","href":"https:\/\/api.w.org\/{rel}","templated":true}]}}