{"id":16774,"date":"2022-05-30T13:35:25","date_gmt":"2022-05-30T09:35:25","guid":{"rendered":"http:\/\/veteran.az\/?p=16774"},"modified":"2022-05-30T13:35:26","modified_gmt":"2022-05-30T09:35:26","slug":"%c9%99rdogan-yeni-savas-anonsu-verdi-aso-dan-d%c9%99st%c9%99k-g%c9%99ldi-minl%c9%99rc%c9%99-doyuscumuz-var","status":"publish","type":"post","link":"https:\/\/veteran.az\/?p=16774","title":{"rendered":"\u018frdo\u011fan yeni sava\u015f anonsu verdi: ASO-dan d\u0259st\u0259k g\u0259ldi: &#171;Minl\u0259rc\u0259 d\u00f6y\u00fc\u015f\u00e7\u00fcm\u00fcz var&#187;"},"content":{"rendered":"\n<p><strong>T\u00fcrkiy\u0259 prezidenti \u018frdo\u011fan\u0131n Suriyada n\u00f6vb\u0259ti \u0259m\u0259liyyat\u0131n anonsunu verm\u0259sind\u0259n sonra b\u00f6lg\u0259d\u0259 h\u0259r\u0259k\u0259tlilik art\u0131b.<\/strong><\/p>\n\n\n\n<p>Bu bar\u0259d\u0259\u00a0&#171;Reuters&#187; m\u0259lumat yay\u0131b.<\/p>\n\n\n\n<p>Bildirilib ki, T\u00fcrkiy\u0259 ordusunun m\u00f6vqel\u0259rini v\u0259 \u0259razisini tez-tez at\u0259\u015f\u0259 tutan PKK\/YPG q\u00fcvv\u0259l\u0259rinin Suriyada yerl\u0259\u015fdiyi b\u0259zi \u0259razil\u0259r\u0259 planlanan h\u00fccuma ad\u0131\u00e7\u0259kil\u0259n&nbsp; \u00f6lk\u0259d\u0259ki silahl\u0131 m\u00fcxalif qruplardan da ciddi d\u0259st\u0259k veril\u0259c\u0259k.<\/p>\n\n\n\n<p>Bu bar\u0131d\u0131 &#171;Reuters&#187;\u0259 dan\u0131\u015fan m\u00fcxalif Suriya&nbsp;Milli Ordusunun (ASO)&nbsp;s\u0259lhaiyy\u0259tlil\u0259ri T\u00fcrkiy\u0259nin tetor qrupu olan YPG-y\u0259 qar\u015f\u0131 \u0259m\u0259liyyat\u0131na d\u0259st\u0259k veril\u0259c\u0259yini b\u0259yan edibl\u0259r.<\/p>\n\n\n\n<p>Suriya&nbsp;Milli Ordusundan&nbsp;Abd\u00fclsalam Abd\u00fclrezak deyib ki, \u018frdo\u011fan\u0131n a\u00e7\u0131qlamas\u0131ndan sonra b\u00f6lg\u0259d\u0259ki birlikl\u0259rin\u0259 t\u0259limat verilib:&nbsp;<strong>&#171;Biz\u0259 haz\u0131r olma\u011f\u0131m\u0131z \u00fc\u00e7\u00fcn bir-iki&nbsp;g\u00fcn b\u0259s edir. T\u00fcrkiy\u0259&nbsp;ordusunun yan\u0131na qat\u0131lacak minl\u0259rc\u0259 d\u00f6y\u00fc\u015f\u00e7\u00fcm\u00fcz var&#187;<\/strong>.<\/p>\n\n\n\n<p>M\u0259lumatda o da deyilir ki, T\u00fcrkiy\u0259 ordusu \u0259m\u0259liyyat\u0131n iki b\u00f6lg\u0259 \u00fczr\u0259 apar\u0131lacaq:\u00a0<strong>&#171;T\u00fcrkiy\u0259nin\u00a0iki h\u0259d\u0259fi var: Tel-R\u0131fat v\u0259\u00a0Kobani. Bu iki b\u00f6lg\u0259nin\u00a0al\u0131nmas\u0131 T\u00fcrkiy\u0259nin n\u0259zar\u0259tind\u0259 olan Cerablus v\u0259\u00a0Tel Abyata ba\u011flant\u0131n\u0131 t\u0259min ed\u0259c\u0259k&#187;.<\/strong><\/p>\n\n\n\n<p>M\u0259nb\u0259: Gundem.az<\/p>\n","protected":false},"excerpt":{"rendered":"<p>T\u00fcrkiy\u0259 prezidenti \u018frdo\u011fan\u0131n Suriyada n\u00f6vb\u0259ti \u0259m\u0259liyyat\u0131n anonsunu verm\u0259sind\u0259n sonra b\u00f6lg\u0259d\u0259 h\u0259r\u0259k\u0259tlilik art\u0131b. Bu bar\u0259d\u0259\u00a0&#171;Reuters&#187; m\u0259lumat&#8230;<\/p>\n","protected":false},"author":3,"featured_media":16775,"comment_status":"closed","ping_status":"closed","sticky":false,"template":"","format":"standard","meta":{"footnotes":""},"categories":[6],"tags":[],"class_list":["post-16774","post","type-post","status-publish","format-standard","has-post-thumbnail","hentry","category-cmiyyt"],"featured_image_urls":{"full":["https:\/\/veteran.az\/wp-content\/uploads\/2022\/05\/1653896813_451418.jpg",580,435,false],"thumbnail":["https:\/\/veteran.az\/wp-content\/uploads\/2022\/05\/1653896813_451418-150x150.jpg",150,150,true],"medium":["https:\/\/veteran.az\/wp-content\/uploads\/2022\/05\/1653896813_451418-300x225.jpg",300,225,true],"medium_large":["https:\/\/veteran.az\/wp-content\/uploads\/2022\/05\/1653896813_451418.jpg",580,435,false],"large":["https:\/\/veteran.az\/wp-content\/uploads\/2022\/05\/1653896813_451418.jpg",580,435,false],"1536x1536":["https:\/\/veteran.az\/wp-content\/uploads\/2022\/05\/1653896813_451418.jpg",580,435,false],"2048x2048":["https:\/\/veteran.az\/wp-content\/uploads\/2022\/05\/1653896813_451418.jpg",580,435,false],"covernews-slider-full":["https:\/\/veteran.az\/wp-content\/uploads\/2022\/05\/1653896813_451418.jpg",580,435,false],"covernews-slider-center":["https:\/\/veteran.az\/wp-content\/uploads\/2022\/05\/1653896813_451418.jpg",580,435,false],"covernews-featured":["https:\/\/veteran.az\/wp-content\/uploads\/2022\/05\/1653896813_451418.jpg",580,435,false],"covernews-medium":["https:\/\/veteran.az\/wp-content\/uploads\/2022\/05\/1653896813_451418-580x380.jpg",519,340,true],"covernews-medium-square":["https:\/\/veteran.az\/wp-content\/uploads\/2022\/05\/1653896813_451418.jpg",333,250,false]},"author_info":{"display_name":"Veteran.az","author_link":"https:\/\/veteran.az\/?author=3"},"category_info":"<a href=\"https:\/\/veteran.az\/?cat=6\" rel=\"category\">C\u0259miyy\u0259t<\/a>","tag_info":"C\u0259miyy\u0259t","comment_count":"0","_links":{"self":[{"href":"https:\/\/veteran.az\/index.php?rest_route=\/wp\/v2\/posts\/16774","targetHints":{"allow":["GET"]}}],"collection":[{"href":"https:\/\/veteran.az\/index.php?rest_route=\/wp\/v2\/posts"}],"about":[{"href":"https:\/\/veteran.az\/index.php?rest_route=\/wp\/v2\/types\/post"}],"author":[{"embeddable":true,"href":"https:\/\/veteran.az\/index.php?rest_route=\/wp\/v2\/users\/3"}],"replies":[{"embeddable":true,"href":"https:\/\/veteran.az\/index.php?rest_route=%2Fwp%2Fv2%2Fcomments&post=16774"}],"version-history":[{"count":1,"href":"https:\/\/veteran.az\/index.php?rest_route=\/wp\/v2\/posts\/16774\/revisions"}],"predecessor-version":[{"id":16776,"href":"https:\/\/veteran.az\/index.php?rest_route=\/wp\/v2\/posts\/16774\/revisions\/16776"}],"wp:featuredmedia":[{"embeddable":true,"href":"https:\/\/veteran.az\/index.php?rest_route=\/wp\/v2\/media\/16775"}],"wp:attachment":[{"href":"https:\/\/veteran.az\/index.php?rest_route=%2Fwp%2Fv2%2Fmedia&parent=16774"}],"wp:term":[{"taxonomy":"category","embeddable":true,"href":"https:\/\/veteran.az\/index.php?rest_route=%2Fwp%2Fv2%2Fcategories&post=16774"},{"taxonomy":"post_tag","embeddable":true,"href":"https:\/\/veteran.az\/index.php?rest_route=%2Fwp%2Fv2%2Ftags&post=16774"}],"curies":[{"name":"wp","href":"https:\/\/api.w.org\/{rel}","templated":true}]}}