{"id":16600,"date":"2022-05-22T03:48:34","date_gmt":"2022-05-21T23:48:34","guid":{"rendered":"http:\/\/veteran.az\/?p=16600"},"modified":"2022-05-22T03:48:34","modified_gmt":"2022-05-21T23:48:34","slug":"isvecin-bas-naziri-pkk-nin-terrorcu-t%c9%99skilat-kimi-taninmasini-d%c9%99st%c9%99kl%c9%99yirik","status":"publish","type":"post","link":"https:\/\/veteran.az\/?p=16600","title":{"rendered":"\u0130sve\u00e7in ba\u015f naziri: \u201cPKK-n\u0131n terror\u00e7u t\u0259\u015fkilat kimi tan\u0131nmas\u0131n\u0131 d\u0259st\u0259kl\u0259yirik\u201d"},"content":{"rendered":"\n<p><strong>\u0130sve\u00e7in ba\u015f naziri Maqdalena Andersson T\u00fcrkiy\u0259 prezidenti R\u0259c\u0259b Tayyib \u018frdo\u011fanla telefon s\u00f6hb\u0259tind\u0259n sonra a\u00e7\u0131qlamalar verib.<\/strong><\/p>\n\n\n\n<p>&#171;\u00d6lk\u0259.az&#187; \u201cHaber Global\u201da istinadla x\u0259b\u0259r verir ki, T\u00fcrkiy\u0259 il\u0259 ikit\u0259r\u0259fli \u0259laq\u0259l\u0259rin g\u00fccl\u0259ndirilm\u0259sini s\u0259birsizlikl\u0259 g\u00f6zl\u0259dikl\u0259rini ifad\u0259 ed\u0259n Andersson, PKK-n\u0131n terror\u00e7u t\u0259\u015fkilatlar siyah\u0131s\u0131na sal\u0131nmas\u0131n\u0131 a\u00e7\u0131q \u015f\u0259kild\u0259 d\u0259st\u0259kl\u0259dikl\u0259rini bildirib.<\/p>\n\n\n\n<p>\u00a0\u201c\u0130sve\u00e7in beyn\u0259lxalq terrorla m\u00fcbariz\u0259ni alq\u0131\u015flad\u0131\u011f\u0131n\u0131 vur\u011fulad\u0131m. Bu m\u00fcbariz\u0259d\u0259 PKK-n\u0131n terror\u00e7u t\u0259\u015fkilatlar siyah\u0131s\u0131nda olmas\u0131n\u0131 a\u00e7\u0131q \u015f\u0259kild\u0259 d\u0259st\u0259kl\u0259diyimi bildirdim\u201d, -dey\u0259 h\u00f6kum\u0259t ba\u015f\u00e7\u0131s\u0131 SVT d\u00f6vl\u0259t televiziyas\u0131n\u0131n efirind\u0259 b\u0259yan edib.<\/p>\n\n\n\n<p>O, h\u0259m\u00e7inin \u201cTwitter\u201d hesab\u0131nda \u201cT\u00fcrkiy\u0259 prezidenti \u018frdo\u011fan il\u0259 \u0130sve\u00e7in NATO-ya \u00fczvl\u00fcy\u00fc il\u0259 ba\u011fl\u0131 bug\u00fcnk\u00fc g\u00f6r\u00fc\u015f\u00fc y\u00fcks\u0259k qiym\u0259tl\u0259ndiririk. S\u00fclh, t\u0259hl\u00fck\u0259sizlik v\u0259 terrorla m\u00fcbariz\u0259 d\u0259 daxil olmaqla ikit\u0259r\u0259fli \u0259laq\u0259l\u0259rimizi g\u00fccl\u0259ndirm\u0259yi s\u0259birsizlikl\u0259 g\u00f6zl\u0259yirik\u201d, &#8212; yaz\u0131b.<\/p>\n","protected":false},"excerpt":{"rendered":"<p>\u0130sve\u00e7in ba\u015f naziri Maqdalena Andersson T\u00fcrkiy\u0259 prezidenti R\u0259c\u0259b Tayyib \u018frdo\u011fanla telefon s\u00f6hb\u0259tind\u0259n sonra a\u00e7\u0131qlamalar verib&#8230;.<\/p>\n","protected":false},"author":3,"featured_media":16601,"comment_status":"closed","ping_status":"closed","sticky":false,"template":"","format":"standard","meta":{"footnotes":""},"categories":[6],"tags":[],"class_list":["post-16600","post","type-post","status-publish","format-standard","has-post-thumbnail","hentry","category-cmiyyt"],"featured_image_urls":{"full":["https:\/\/veteran.az\/wp-content\/uploads\/2022\/05\/1653163517_69e6d511-92ac-3ec1-b210-89d3186e3d38_850.jpg",770,415,false],"thumbnail":["https:\/\/veteran.az\/wp-content\/uploads\/2022\/05\/1653163517_69e6d511-92ac-3ec1-b210-89d3186e3d38_850-150x150.jpg",150,150,true],"medium":["https:\/\/veteran.az\/wp-content\/uploads\/2022\/05\/1653163517_69e6d511-92ac-3ec1-b210-89d3186e3d38_850-300x162.jpg",300,162,true],"medium_large":["https:\/\/veteran.az\/wp-content\/uploads\/2022\/05\/1653163517_69e6d511-92ac-3ec1-b210-89d3186e3d38_850-768x414.jpg",640,345,true],"large":["https:\/\/veteran.az\/wp-content\/uploads\/2022\/05\/1653163517_69e6d511-92ac-3ec1-b210-89d3186e3d38_850.jpg",640,345,false],"1536x1536":["https:\/\/veteran.az\/wp-content\/uploads\/2022\/05\/1653163517_69e6d511-92ac-3ec1-b210-89d3186e3d38_850.jpg",770,415,false],"2048x2048":["https:\/\/veteran.az\/wp-content\/uploads\/2022\/05\/1653163517_69e6d511-92ac-3ec1-b210-89d3186e3d38_850.jpg",770,415,false],"covernews-slider-full":["https:\/\/veteran.az\/wp-content\/uploads\/2022\/05\/1653163517_69e6d511-92ac-3ec1-b210-89d3186e3d38_850.jpg",770,415,false],"covernews-slider-center":["https:\/\/veteran.az\/wp-content\/uploads\/2022\/05\/1653163517_69e6d511-92ac-3ec1-b210-89d3186e3d38_850.jpg",770,415,false],"covernews-featured":["https:\/\/veteran.az\/wp-content\/uploads\/2022\/05\/1653163517_69e6d511-92ac-3ec1-b210-89d3186e3d38_850.jpg",770,415,false],"covernews-medium":["https:\/\/veteran.az\/wp-content\/uploads\/2022\/05\/1653163517_69e6d511-92ac-3ec1-b210-89d3186e3d38_850-720x380.jpg",540,285,true],"covernews-medium-square":["https:\/\/veteran.az\/wp-content\/uploads\/2022\/05\/1653163517_69e6d511-92ac-3ec1-b210-89d3186e3d38_850-675x415.jpg",400,246,true]},"author_info":{"display_name":"Veteran.az","author_link":"https:\/\/veteran.az\/?author=3"},"category_info":"<a href=\"https:\/\/veteran.az\/?cat=6\" rel=\"category\">C\u0259miyy\u0259t<\/a>","tag_info":"C\u0259miyy\u0259t","comment_count":"0","_links":{"self":[{"href":"https:\/\/veteran.az\/index.php?rest_route=\/wp\/v2\/posts\/16600","targetHints":{"allow":["GET"]}}],"collection":[{"href":"https:\/\/veteran.az\/index.php?rest_route=\/wp\/v2\/posts"}],"about":[{"href":"https:\/\/veteran.az\/index.php?rest_route=\/wp\/v2\/types\/post"}],"author":[{"embeddable":true,"href":"https:\/\/veteran.az\/index.php?rest_route=\/wp\/v2\/users\/3"}],"replies":[{"embeddable":true,"href":"https:\/\/veteran.az\/index.php?rest_route=%2Fwp%2Fv2%2Fcomments&post=16600"}],"version-history":[{"count":1,"href":"https:\/\/veteran.az\/index.php?rest_route=\/wp\/v2\/posts\/16600\/revisions"}],"predecessor-version":[{"id":16602,"href":"https:\/\/veteran.az\/index.php?rest_route=\/wp\/v2\/posts\/16600\/revisions\/16602"}],"wp:featuredmedia":[{"embeddable":true,"href":"https:\/\/veteran.az\/index.php?rest_route=\/wp\/v2\/media\/16601"}],"wp:attachment":[{"href":"https:\/\/veteran.az\/index.php?rest_route=%2Fwp%2Fv2%2Fmedia&parent=16600"}],"wp:term":[{"taxonomy":"category","embeddable":true,"href":"https:\/\/veteran.az\/index.php?rest_route=%2Fwp%2Fv2%2Fcategories&post=16600"},{"taxonomy":"post_tag","embeddable":true,"href":"https:\/\/veteran.az\/index.php?rest_route=%2Fwp%2Fv2%2Ftags&post=16600"}],"curies":[{"name":"wp","href":"https:\/\/api.w.org\/{rel}","templated":true}]}}