{"id":16427,"date":"2022-05-11T14:54:05","date_gmt":"2022-05-11T10:54:05","guid":{"rendered":"http:\/\/veteran.az\/?p=16427"},"modified":"2022-05-11T14:54:06","modified_gmt":"2022-05-11T10:54:06","slug":"litva-seymi-rusiyani-terrorcu-olk%c9%99-kimi-taniyib","status":"publish","type":"post","link":"https:\/\/veteran.az\/?p=16427","title":{"rendered":"Litva Seymi Rusiyan\u0131 terror\u00e7u \u00f6lk\u0259 kimi tan\u0131y\u0131b"},"content":{"rendered":"\n<p><strong>Xarici \u0130\u015fl\u0259r Nazirliyi Litva Seyminin Rusiyan\u0131 terror\u00e7u \u00f6lk\u0259 kimi tan\u0131mas\u0131na m\u00fcnasib\u0259t bildirib.<\/strong><\/p>\n\n\n\n<p>R\u0130A Novosti x\u0259b\u0259r verir ki, Rusiya Xarici \u0130\u015fl\u0259r Nazirliyinin s\u00f6z\u00e7\u00fcs\u00fc Mariya Zaxarova, Litva Seyminin Rusiyan\u0131 \u201cterror\u00e7ulu\u011fu d\u0259st\u0259kl\u0259y\u0259n v\u0259 h\u0259yata ke\u00e7ir\u0259n d\u00f6vl\u0259t\u201d kimi tan\u0131mas\u0131n\u0131 t\u0259xribat v\u0259 ekstremizm adland\u0131r\u0131b.<\/p>\n\n\n\n<p>\u201cBel\u0259\u2026 s\u0259n\u0259dl\u0259r, b\u0259yannam\u0259l\u0259r, b\u0259yanatlar q\u0259bul ed\u0259n \u00f6lk\u0259l\u0259rd\u0259 bu c\u00fcr, \u00fcmumiyy\u0259tl\u0259, ekstremist add\u0131mlar at\u0131rlar, onlar\u0131 ba\u015fqa c\u00fcr adland\u0131rmaq olmaz\u2026 Bu \u00f6lk\u0259l\u0259rin ham\u0131s\u0131 NATO \u00fczv\u00fcd\u00fcr. Son onillikl\u0259r \u0259rzind\u0259 biz d\u0259f\u0259l\u0259rl\u0259 NATO-nun b\u00f6y\u00fck insan t\u0259l\u0259fat\u0131na s\u0259b\u0259b olan qeyri-qanuni, t\u0259cav\u00fczkar h\u0259r\u0259k\u0259tl\u0259rinin \u015fahidi olmu\u015fuq\u201d, &#8212; Zaxarova Sputnik radiosunda bel\u0259 deyib.<\/p>\n\n\n\n<p>&#171;Bu, t\u0259xribat, ekstremizm v\u0259 siyasi iki\u00fczl\u00fcl\u00fck elementi kimi q\u0259bul edilm\u0259lidir&#187;, &#8212; dey\u0259 Zaxarova vur\u011fulay\u0131b.<\/p>\n\n\n\n<p>Diplomat \u0259lav\u0259 edib ki, \u201cbunun Ukraynadak\u0131 son d\u0259r\u0259c\u0259 \u00e7\u0259tin v\u0259ziyy\u0259ti h\u0259ll etm\u0259k ist\u0259yi il\u0259 he\u00e7 bir \u0259laq\u0259si yoxdur\u201d.<\/p>\n","protected":false},"excerpt":{"rendered":"<p>Xarici \u0130\u015fl\u0259r Nazirliyi Litva Seyminin Rusiyan\u0131 terror\u00e7u \u00f6lk\u0259 kimi tan\u0131mas\u0131na m\u00fcnasib\u0259t bildirib. R\u0130A Novosti x\u0259b\u0259r&#8230;<\/p>\n","protected":false},"author":3,"featured_media":16428,"comment_status":"closed","ping_status":"closed","sticky":false,"template":"","format":"standard","meta":{"footnotes":""},"categories":[6],"tags":[],"class_list":["post-16427","post","type-post","status-publish","format-standard","has-post-thumbnail","hentry","category-cmiyyt"],"featured_image_urls":{"full":["https:\/\/veteran.az\/wp-content\/uploads\/2022\/05\/images-18.jpg",259,195,false],"thumbnail":["https:\/\/veteran.az\/wp-content\/uploads\/2022\/05\/images-18-150x150.jpg",150,150,true],"medium":["https:\/\/veteran.az\/wp-content\/uploads\/2022\/05\/images-18.jpg",259,195,false],"medium_large":["https:\/\/veteran.az\/wp-content\/uploads\/2022\/05\/images-18.jpg",259,195,false],"large":["https:\/\/veteran.az\/wp-content\/uploads\/2022\/05\/images-18.jpg",259,195,false],"1536x1536":["https:\/\/veteran.az\/wp-content\/uploads\/2022\/05\/images-18.jpg",259,195,false],"2048x2048":["https:\/\/veteran.az\/wp-content\/uploads\/2022\/05\/images-18.jpg",259,195,false],"covernews-slider-full":["https:\/\/veteran.az\/wp-content\/uploads\/2022\/05\/images-18.jpg",259,195,false],"covernews-slider-center":["https:\/\/veteran.az\/wp-content\/uploads\/2022\/05\/images-18.jpg",259,195,false],"covernews-featured":["https:\/\/veteran.az\/wp-content\/uploads\/2022\/05\/images-18.jpg",259,195,false],"covernews-medium":["https:\/\/veteran.az\/wp-content\/uploads\/2022\/05\/images-18.jpg",259,195,false],"covernews-medium-square":["https:\/\/veteran.az\/wp-content\/uploads\/2022\/05\/images-18.jpg",259,195,false]},"author_info":{"display_name":"Veteran.az","author_link":"https:\/\/veteran.az\/?author=3"},"category_info":"<a href=\"https:\/\/veteran.az\/?cat=6\" rel=\"category\">C\u0259miyy\u0259t<\/a>","tag_info":"C\u0259miyy\u0259t","comment_count":"0","_links":{"self":[{"href":"https:\/\/veteran.az\/index.php?rest_route=\/wp\/v2\/posts\/16427","targetHints":{"allow":["GET"]}}],"collection":[{"href":"https:\/\/veteran.az\/index.php?rest_route=\/wp\/v2\/posts"}],"about":[{"href":"https:\/\/veteran.az\/index.php?rest_route=\/wp\/v2\/types\/post"}],"author":[{"embeddable":true,"href":"https:\/\/veteran.az\/index.php?rest_route=\/wp\/v2\/users\/3"}],"replies":[{"embeddable":true,"href":"https:\/\/veteran.az\/index.php?rest_route=%2Fwp%2Fv2%2Fcomments&post=16427"}],"version-history":[{"count":1,"href":"https:\/\/veteran.az\/index.php?rest_route=\/wp\/v2\/posts\/16427\/revisions"}],"predecessor-version":[{"id":16429,"href":"https:\/\/veteran.az\/index.php?rest_route=\/wp\/v2\/posts\/16427\/revisions\/16429"}],"wp:featuredmedia":[{"embeddable":true,"href":"https:\/\/veteran.az\/index.php?rest_route=\/wp\/v2\/media\/16428"}],"wp:attachment":[{"href":"https:\/\/veteran.az\/index.php?rest_route=%2Fwp%2Fv2%2Fmedia&parent=16427"}],"wp:term":[{"taxonomy":"category","embeddable":true,"href":"https:\/\/veteran.az\/index.php?rest_route=%2Fwp%2Fv2%2Fcategories&post=16427"},{"taxonomy":"post_tag","embeddable":true,"href":"https:\/\/veteran.az\/index.php?rest_route=%2Fwp%2Fv2%2Ftags&post=16427"}],"curies":[{"name":"wp","href":"https:\/\/api.w.org\/{rel}","templated":true}]}}