{"id":16252,"date":"2022-05-03T11:33:34","date_gmt":"2022-05-03T07:33:34","guid":{"rendered":"http:\/\/veteran.az\/?p=16252"},"modified":"2022-05-03T11:33:34","modified_gmt":"2022-05-03T07:33:34","slug":"hikm%c9%99t-haciyev-armen-qriqoryanla-gorusub-2","status":"publish","type":"post","link":"https:\/\/veteran.az\/?p=16252","title":{"rendered":"Hikm\u0259t Hac\u0131yev Armen Qriqoryanla g\u00f6r\u00fc\u015f\u00fcb"},"content":{"rendered":"\n<p><strong>Az\u0259rbaycan Prezidentinin k\u00f6m\u0259k\u00e7isi &#8212; Prezident Administrasiyas\u0131n\u0131n Xarici siyas\u0259t m\u0259s\u0259l\u0259l\u0259ri \u015f\u00f6b\u0259sinin m\u00fcdiri Hikm\u0259t Hac\u0131yev Br\u00fcsseld\u0259 Erm\u0259nistan\u0131n T\u0259hl\u00fck\u0259sizlik \u015euras\u0131n\u0131n katibi Armen Qriqoryanla g\u00f6r\u00fc\u015f\u00fcb.\u00a0<\/strong><\/p>\n\n\n\n<p>Bu bar\u0259d\u0259 Avropa \u0130ttifaq\u0131n\u0131n C\u0259nubi Qafqaz \u00fczr\u0259 x\u00fcsusi n\u00fcmay\u0259nd\u0259si Toivo Klaar tviter hesab\u0131nda bildirib. \u201cEv sahibliyi ed\u0259 bildiyimiz \u00fc\u00e7\u00fcn \u015fadam. Hikm\u0259t Hac\u0131yev v\u0259 Armen Qriqoryan Br\u00fcsseld\u0259 bu formatda ikinci g\u00f6r\u00fc\u015f ke\u00e7ir\u0259c\u0259k\u201d, &#8212; Toivo Klaar qeyd edib. T\u0259r\u0259fl\u0259rin Erm\u0259nistanla Az\u0259rbaycan aras\u0131nda m\u00fcnasib\u0259tl\u0259ri, el\u0259c\u0259 d\u0259 \u00f6lk\u0259 liderl\u0259rinin Br\u00fcsseld\u0259 g\u00f6r\u00fc\u015f\u00fcn\u00fcn m\u00fcmk\u00fcnl\u00fcy\u00fcn\u00fc m\u00fczakir\u0259 ed\u0259c\u0259kl\u0259ri g\u00f6zl\u0259nilir.<\/p>\n\n\n\n<p> Xat\u0131rladaq ki, Az\u0259rbaycan v\u0259 Erm\u0259nistan\u0131n y\u00fcks\u0259k v\u0259zif\u0259li r\u0259smil\u0259rinin \u0259vv\u0259lki g\u00f6r\u00fc\u015f\u00fc mart\u0131n 30-da Br\u00fcsseld\u0259 ke\u00e7irilib. <\/p>\n\n\n\n<p>T\u0259dbird\u0259 Az\u0259rbaycan Prezidentinin k\u00f6m\u0259k\u00e7isi Hikm\u0259t Hac\u0131yev, Erm\u0259nistan T\u0259hl\u00fck\u0259sizlik \u015euras\u0131n\u0131n katibi Armen Qriqoryan v\u0259 Avropa \u0130ttifaq\u0131n\u0131n C\u0259nubi Qafqaz \u00fczr\u0259 x\u00fcsusi n\u00fcmay\u0259nd\u0259si Toivo Klaar i\u015ftirak edibl\u0259r.<\/p>\n","protected":false},"excerpt":{"rendered":"<p>Az\u0259rbaycan Prezidentinin k\u00f6m\u0259k\u00e7isi &#8212; Prezident Administrasiyas\u0131n\u0131n Xarici siyas\u0259t m\u0259s\u0259l\u0259l\u0259ri \u015f\u00f6b\u0259sinin m\u00fcdiri Hikm\u0259t Hac\u0131yev Br\u00fcsseld\u0259 Erm\u0259nistan\u0131n&#8230;<\/p>\n","protected":false},"author":3,"featured_media":16253,"comment_status":"closed","ping_status":"closed","sticky":false,"template":"","format":"standard","meta":{"footnotes":""},"categories":[6],"tags":[],"class_list":["post-16252","post","type-post","status-publish","format-standard","has-post-thumbnail","hentry","category-cmiyyt"],"featured_image_urls":{"full":["https:\/\/veteran.az\/wp-content\/uploads\/2022\/05\/hikmethaciyev1.jpg",750,554,false],"thumbnail":["https:\/\/veteran.az\/wp-content\/uploads\/2022\/05\/hikmethaciyev1-150x150.jpg",150,150,true],"medium":["https:\/\/veteran.az\/wp-content\/uploads\/2022\/05\/hikmethaciyev1-300x222.jpg",300,222,true],"medium_large":["https:\/\/veteran.az\/wp-content\/uploads\/2022\/05\/hikmethaciyev1.jpg",640,473,false],"large":["https:\/\/veteran.az\/wp-content\/uploads\/2022\/05\/hikmethaciyev1.jpg",640,473,false],"1536x1536":["https:\/\/veteran.az\/wp-content\/uploads\/2022\/05\/hikmethaciyev1.jpg",750,554,false],"2048x2048":["https:\/\/veteran.az\/wp-content\/uploads\/2022\/05\/hikmethaciyev1.jpg",750,554,false],"covernews-slider-full":["https:\/\/veteran.az\/wp-content\/uploads\/2022\/05\/hikmethaciyev1.jpg",750,554,false],"covernews-slider-center":["https:\/\/veteran.az\/wp-content\/uploads\/2022\/05\/hikmethaciyev1.jpg",677,500,false],"covernews-featured":["https:\/\/veteran.az\/wp-content\/uploads\/2022\/05\/hikmethaciyev1.jpg",750,554,false],"covernews-medium":["https:\/\/veteran.az\/wp-content\/uploads\/2022\/05\/hikmethaciyev1-720x380.jpg",540,285,true],"covernews-medium-square":["https:\/\/veteran.az\/wp-content\/uploads\/2022\/05\/hikmethaciyev1-675x450.jpg",375,250,true]},"author_info":{"display_name":"Veteran.az","author_link":"https:\/\/veteran.az\/?author=3"},"category_info":"<a href=\"https:\/\/veteran.az\/?cat=6\" rel=\"category\">C\u0259miyy\u0259t<\/a>","tag_info":"C\u0259miyy\u0259t","comment_count":"0","_links":{"self":[{"href":"https:\/\/veteran.az\/index.php?rest_route=\/wp\/v2\/posts\/16252","targetHints":{"allow":["GET"]}}],"collection":[{"href":"https:\/\/veteran.az\/index.php?rest_route=\/wp\/v2\/posts"}],"about":[{"href":"https:\/\/veteran.az\/index.php?rest_route=\/wp\/v2\/types\/post"}],"author":[{"embeddable":true,"href":"https:\/\/veteran.az\/index.php?rest_route=\/wp\/v2\/users\/3"}],"replies":[{"embeddable":true,"href":"https:\/\/veteran.az\/index.php?rest_route=%2Fwp%2Fv2%2Fcomments&post=16252"}],"version-history":[{"count":1,"href":"https:\/\/veteran.az\/index.php?rest_route=\/wp\/v2\/posts\/16252\/revisions"}],"predecessor-version":[{"id":16254,"href":"https:\/\/veteran.az\/index.php?rest_route=\/wp\/v2\/posts\/16252\/revisions\/16254"}],"wp:featuredmedia":[{"embeddable":true,"href":"https:\/\/veteran.az\/index.php?rest_route=\/wp\/v2\/media\/16253"}],"wp:attachment":[{"href":"https:\/\/veteran.az\/index.php?rest_route=%2Fwp%2Fv2%2Fmedia&parent=16252"}],"wp:term":[{"taxonomy":"category","embeddable":true,"href":"https:\/\/veteran.az\/index.php?rest_route=%2Fwp%2Fv2%2Fcategories&post=16252"},{"taxonomy":"post_tag","embeddable":true,"href":"https:\/\/veteran.az\/index.php?rest_route=%2Fwp%2Fv2%2Ftags&post=16252"}],"curies":[{"name":"wp","href":"https:\/\/api.w.org\/{rel}","templated":true}]}}