{"id":16203,"date":"2022-05-01T03:57:48","date_gmt":"2022-04-30T23:57:48","guid":{"rendered":"http:\/\/veteran.az\/?p=16203"},"modified":"2022-05-01T03:59:11","modified_gmt":"2022-04-30T23:59:11","slug":"s%c9%99hid-jurnalistin-dogum-gunu-qeyd-olundu","status":"publish","type":"post","link":"https:\/\/veteran.az\/?p=16203","title":{"rendered":"\u015e\u0259hid jurnalistin do\u011fum g\u00fcn\u00fc qeyd olundu"},"content":{"rendered":"\n<p>O, h\u0259yatsev\u0259r v\u0259 nikbin, pe\u015f\u0259sin\u0259 q\u0259lb\u0259n ba\u011fl\u0131, v\u0259t\u0259np\u0259rv\u0259r ruhlu jurnalist idi. 44 g\u00fcnl\u00fck V\u0259t\u0259n m\u00fcharib\u0259sinin ilk g\u00fcn\u00fcnd\u0259n c\u0259bh\u0259yan\u0131 b\u00f6lg\u0259l\u0259r\u0259 ezam olunmu\u015fdu. D\u00fc\u015fm\u0259n at\u0259\u015fi n\u0259tic\u0259sind\u0259 da\u011f\u0131lm\u0131\u015f evl\u0259r\u0259, obyektl\u0259r\u0259 gedir, hadis\u0259 yerind\u0259n x\u0259b\u0259rl\u0259r, reportajlar haz\u0131rlay\u0131b g\u00f6nd\u0259rirdi. S\u00f6hb\u0259t \u015f\u0259hid jurnalist M\u0259h\u0259rr\u0259m \u0130brahimovdan gedir. O, daim qaynar n\u00f6qt\u0259l\u0259r\u0259, hadis\u0259l\u0259rin m\u0259rk\u0259zind\u0259 olma\u011fa can at\u0131rd\u0131. Sora\u011f\u0131 A\u011fdam, F\u00fczuli, C\u0259bray\u0131l, Z\u0259ngilan, Qubadl\u0131 v\u0259 dig\u0259r azad edilmi\u015f \u0259razil\u0259rd\u0259n g\u0259lirdi. \u00d6t\u0259n il iyunun 4-d\u0259 K\u0259lb\u0259c\u0259rin Susuzluq k\u0259ndind\u0259n g\u0259l\u0259n ac\u0131 x\u0259b\u0259r b\u00fct\u00fcn kollektivi sars\u0131td\u0131:&nbsp;<a href=\"https:\/\/azertag.az\/\" target=\"_blank\" rel=\"noreferrer noopener\">AZ\u018fRTAC<\/a>-\u0131n \u0259m\u0259kda\u015f\u0131 M\u0259h\u0259rr\u0259m \u0130brahimov v\u0259 Az\u0259rbaycan televiziyas\u0131n\u0131n operatoru Sirac Ab\u0131\u015fov minaya d\u00fc\u015f\u0259r\u0259k \u015f\u0259hid olublar.<\/p>\n\n\n\n<p>Bu bar\u0259d\u0259 \u015f\u0259hid jurnalist M\u0259h\u0259rr\u0259m \u0130brahimovun&nbsp;<a href=\"https:\/\/azertag.az\/\" target=\"_blank\" rel=\"noreferrer noopener\">AZ\u018fRTAC<\/a>-da ke\u00e7iril\u0259n an\u0131m m\u0259rasimind\u0259 dan\u0131\u015f\u0131l\u0131b. Do\u011fma kollektiv onun 40-c\u0131 do\u011fum g\u00fcn\u00fcn\u00fc ail\u0259 \u00fczvl\u0259ri &#8212; h\u0259yat yolda\u015f\u0131 Bahar xan\u0131m, \u00f6vladlar\u0131 U\u011fur v\u0259 To\u011frulla birg\u0259 qeyd edibl\u0259r.<\/p>\n\n\n\n<figure class=\"wp-block-image size-large\"><img loading=\"lazy\" decoding=\"async\" width=\"1000\" height=\"665\" src=\"http:\/\/veteran.az\/wp-content\/uploads\/2022\/05\/1651328358_w_1616513265893528236328_1000x669.jpg\" alt=\"\" class=\"wp-image-16204\" srcset=\"https:\/\/veteran.az\/wp-content\/uploads\/2022\/05\/1651328358_w_1616513265893528236328_1000x669.jpg 1000w, https:\/\/veteran.az\/wp-content\/uploads\/2022\/05\/1651328358_w_1616513265893528236328_1000x669-300x200.jpg 300w, https:\/\/veteran.az\/wp-content\/uploads\/2022\/05\/1651328358_w_1616513265893528236328_1000x669-768x511.jpg 768w, https:\/\/veteran.az\/wp-content\/uploads\/2022\/05\/1651328358_w_1616513265893528236328_1000x669-675x450.jpg 675w\" sizes=\"auto, (max-width: 1000px) 100vw, 1000px\" \/><\/figure>\n\n\n\n<p><a href=\"https:\/\/azertag.az\/\" target=\"_blank\" rel=\"noreferrer noopener\">AZ\u018fRTAC<\/a>-\u0131n \u0130dar\u0259 Hey\u0259tinin s\u0259dri Aslan Aslanov m\u0259rasimd\u0259 \u00e7\u0131x\u0131\u015f ed\u0259r\u0259k M\u0259h\u0259rr\u0259m \u0130brahimovun jurnalistlik f\u0259aliyy\u0259tind\u0259n dan\u0131\u015f\u0131b, xatir\u0259sinin daim uca tutuldu\u011funu vur\u011fulay\u0131b. Qeyd edib ki, Az\u0259rbaycan Prezidenti, M\u00fcz\u0259ff\u0259r Ali Ba\u015f Komandan \u0130lham \u018fliyevin r\u0259hb\u0259rliyi il\u0259 V\u0259t\u0259n m\u00fcharib\u0259sind\u0259 \u015fanl\u0131 Q\u0259l\u0259b\u0259nin qazan\u0131lmas\u0131na yumruq kimi birl\u0259\u015f\u0259n xalq\u0131m\u0131z\u0131n sa\u011flam d\u00fc\u015f\u00fcnc\u0259li h\u0259r bir n\u00fcmay\u0259nd\u0259si \u00f6z t\u00f6hf\u0259sini verib.&nbsp;<a href=\"https:\/\/azertag.az\/\" target=\"_blank\" rel=\"noreferrer noopener\">AZ\u018fRTAC<\/a>-\u0131n kollektivi d\u0259 V\u0259t\u0259n m\u00fcharib\u0259sinin ilk g\u00fcnl\u0259rind\u0259n r\u0259\u015fad\u0259tli Az\u0259rbaycan Ordusunun q\u0259hr\u0259manl\u0131q salnam\u0259sini, d\u00f6y\u00fc\u015f meydan\u0131nda \u0259ld\u0259 etdiyi misilsiz u\u011furlar\u0131 bar\u0259d\u0259 x\u0259b\u0259rl\u0259ri xalq\u0131m\u0131za v\u0259 d\u00fcnyaya \u00e7atd\u0131rmaq \u00fc\u00e7\u00fcn gec\u0259-g\u00fcnd\u00fcz yorulmadan \u00e7al\u0131\u015f\u0131b. Agentliyin c\u0259bh\u0259 b\u00f6lg\u0259sin\u0259 ezam olunmu\u015f \u0259m\u0259kda\u015flar\u0131 d\u00fc\u015fm\u0259n at\u0259\u015fi alt\u0131nda \u00e7oxsayl\u0131 \u00e7\u0259kili\u015fl\u0259r apar\u0131blar. M\u00fcharib\u0259 ba\u015fa \u00e7atd\u0131qdan sonra azad edilmi\u015f torpaqlarda aylarla \u00e7al\u0131\u015fan \u00e7\u0259kili\u015f qrupunun \u00fczvl\u0259ri erm\u0259ni vandalizminin, viran edilmi\u015f yurd yerl\u0259rinin g\u00f6r\u00fcnt\u00fcl\u0259rini lent\u0259 alaraq arxivl\u0259\u015fdiribl\u0259r. Onlardan biri d\u0259 xidm\u0259ti v\u0259zif\u0259sini yerin\u0259 yetir\u0259rk\u0259n \u015f\u0259hid olmu\u015f M\u0259h\u0259rr\u0259m \u0130brahimovdur.<\/p>\n\n\n\n<p>Az\u0259rbaycan Prezidenti \u0130lham \u018fliyevin S\u0259r\u0259ncam\u0131 il\u0259 \u015f\u0259hid jurnalist M\u0259h\u0259rr\u0259m \u0130brahimov 3-c\u00fc d\u0259r\u0259c\u0259li \u201cV\u0259t\u0259n\u0259 xidm\u0259t\u0259 g\u00f6r\u0259\u201d ordeni il\u0259 t\u0259ltif edilib. Bak\u0131 \u015e\u0259h\u0259r \u0130cra Hakimiyy\u0259tinin q\u0259rar\u0131 il\u0259 Bin\u0259q\u0259di rayonunun M\u0259h\u0259mm\u0259d \u018fmin R\u0259sulzad\u0259 q\u0259s\u0259b\u0259sind\u0259ki Sahilboyu k\u00fc\u00e7\u0259sin\u0259 M\u0259h\u0259rr\u0259m \u0130brahimovun ad\u0131 verilib.&nbsp;<a href=\"https:\/\/azertag.az\/\" target=\"_blank\" rel=\"noreferrer noopener\">AZ\u018fRTAC<\/a>-\u0131n binas\u0131nda M\u0259h\u0259rr\u0259min xatir\u0259 gu\u015f\u0259si yarad\u0131l\u0131b, i\u015f\u011faldan azad olunan \u0259razil\u0259rd\u0259 erm\u0259ni vandalizmini salnam\u0259l\u0259\u015fdir\u0259n h\u0259mkarlar\u0131m\u0131zdan b\u0259hs ed\u0259n fotostend qura\u015fd\u0131r\u0131l\u0131b.<\/p>\n\n\n\n<p>\u015e\u0259hid jurnalistin ail\u0259 \u00fczvl\u0259ri d\u0259 y\u00fcks\u0259k diqq\u0259t v\u0259 qay\u011f\u0131 il\u0259 \u0259hat\u0259 olunublar. Agentliyin r\u0259hb\u0259rliyi v\u0259 kollektivi onlar\u0131n probleml\u0259ri il\u0259 daim maraqlan\u0131r, laz\u0131m\u0131 k\u00f6m\u0259k g\u00f6st\u0259rilir.<\/p>\n\n\n\n<p><a href=\"https:\/\/azertag.az\/\" target=\"_blank\" rel=\"noreferrer noopener\">AZ\u018fRTAC<\/a>-\u0131n \u0130dar\u0259 Hey\u0259ti s\u0259drinin m\u00fcavini, \u015f\u0259hid atas\u0131 Da\u011fb\u0259yi \u0130smay\u0131lov M\u0259h\u0259rr\u0259min V\u0259t\u0259nin\u0259 v\u0259 pe\u015f\u0259sin\u0259 sadiq jurnalist oldu\u011funu, kollektivin b\u00f6y\u00fck h\u00f6rm\u0259tini qazand\u0131\u011f\u0131n\u0131, xatir\u0259sinin h\u0259r zaman uca tutuldu\u011funu vur\u011fulay\u0131b.<\/p>\n\n\n\n<figure class=\"wp-block-image size-large\"><img loading=\"lazy\" decoding=\"async\" width=\"1000\" height=\"665\" src=\"http:\/\/veteran.az\/wp-content\/uploads\/2022\/05\/1651328303_w_1616513265883704718058_1000x669.jpg\" alt=\"\" class=\"wp-image-16205\" srcset=\"https:\/\/veteran.az\/wp-content\/uploads\/2022\/05\/1651328303_w_1616513265883704718058_1000x669.jpg 1000w, https:\/\/veteran.az\/wp-content\/uploads\/2022\/05\/1651328303_w_1616513265883704718058_1000x669-300x200.jpg 300w, https:\/\/veteran.az\/wp-content\/uploads\/2022\/05\/1651328303_w_1616513265883704718058_1000x669-768x511.jpg 768w, https:\/\/veteran.az\/wp-content\/uploads\/2022\/05\/1651328303_w_1616513265883704718058_1000x669-675x450.jpg 675w\" sizes=\"auto, (max-width: 1000px) 100vw, 1000px\" \/><\/figure>\n\n\n\n<p>An\u0131m m\u0259rasimind\u0259 \u00e7\u0131x\u0131\u015f ed\u0259n i\u015f yolda\u015flar\u0131, dostlar\u0131 \u00fcr\u0259k s\u00f6zl\u0259rini dil\u0259 g\u0259tiribl\u0259r. Onunla ill\u0259rl\u0259 bir \u015f\u00f6b\u0259d\u0259 \u00e7al\u0131\u015fm\u0131\u015f H\u0259sr\u0259t Mahmudovan\u0131n, redaksiya m\u00fcdiri Elvin M\u00f6vs\u00fcmovun, M\u0259h\u0259rr\u0259min u\u015faql\u0131q dostu \u0130sa K\u0259rimovun b\u00f6l\u00fc\u015fd\u00fcy\u00fc xatir\u0259l\u0259r m\u0259rasim i\u015ftirak\u00e7\u0131lar\u0131n\u0131 duy\u011fuland\u0131r\u0131b.<\/p>\n\n\n\n<p>Agentliyin c\u0259bh\u0259 b\u00f6lg\u0259sin\u0259 ezam olunmu\u015f \u00e7\u0259kili\u015f qrupunun \u00fczvl\u0259ri, M\u0259h\u0259rr\u0259ml\u0259 birlikd\u0259 \u00e7iyin-\u00e7iyin\u0259 \u00e7al\u0131\u015fm\u0131\u015f fotom\u00fcxbirl\u0259r R\u0259\u015fad Mehdiyev, Az\u0259r \u0130brahimov, Roman \u0130smay\u0131lov i\u015f\u011faldan azad olunmu\u015f \u0259razil\u0259rd\u0259 h\u0259yata ke\u00e7irdikl\u0259ri vacib missiyadan dan\u0131\u015f\u0131blar. Bildiribl\u0259r ki, k\u0259nd-k\u0259nd, k\u00fc\u00e7\u0259-k\u00fc\u00e7\u0259 g\u0259z\u0259r\u0259k erm\u0259ni vandalizminin izl\u0259rini qeyd\u0259 al\u0131rd\u0131lar. Bir komanda olaraq h\u0259r k\u0259s tap\u015f\u0131r\u0131lm\u0131\u015f v\u0259zif\u0259nin \u00f6hd\u0259sind\u0259n layiqinc\u0259 g\u0259lm\u0259y\u0259 \u00e7al\u0131\u015f\u0131rd\u0131: B\u0259z\u0259n \u00e7ox yorulurduq. Lakin he\u00e7 birimiz bunu dil\u0259 g\u0259tirm\u0259k ist\u0259mirdik. M\u0259h\u0259rr\u0259m ya\u015fca ham\u0131m\u0131zdan b\u00f6y\u00fck idi, bizi ruhland\u0131rmaq \u00fc\u00e7\u00fcn tez-tez dey\u0259rdi ki, bu torpaqlar\u0131n azadl\u0131\u011f\u0131 u\u011frunda ne\u00e7\u0259-ne\u00e7\u0259 igid o\u011fullar h\u0259yatlar\u0131n\u0131, sa\u011flaml\u0131qlar\u0131n\u0131 qurban verdil\u0259r. Biz d\u0259 \u00f6z pe\u015f\u0259 borcumuzu, \u00fcz\u0259rimiz\u0259 d\u00fc\u015f\u0259ni yerin\u0259 yetirm\u0259liyik.<\/p>\n\n\n\n<p>\u015e\u0259hid jurnalistin o\u011flu U\u011fur,&nbsp;<a href=\"https:\/\/azertag.az\/\" target=\"_blank\" rel=\"noreferrer noopener\">AZ\u018fRTAC<\/a>-\u0131n \u0259m\u0259kda\u015flar\u0131n\u0131n \u00f6vladlar\u0131 Selcan v\u0259 \u00d6zg\u00fcr V\u0259t\u0259n, Qaraba\u011f, q\u0259hr\u0259manl\u0131q haqq\u0131nda \u015feirl\u0259r s\u00f6yl\u0259yibl\u0259r.<\/p>\n\n\n\n<p>M\u0259h\u0259rr\u0259m \u0130brahimovun h\u0259yat yolda\u015f\u0131 Bahar xan\u0131m y\u00fcks\u0259k diqq\u0259t v\u0259 qay\u011f\u0131ya g\u00f6r\u0259 agentliyin kollektivin\u0259 minn\u0259tdarl\u0131\u011f\u0131n\u0131 bildirib.<\/p>\n\n\n\n<p>An\u0131m m\u0259rasimind\u0259 M\u0259h\u0259rr\u0259min m\u00fcxbirlik f\u0259aliyy\u0259tind\u0259n b\u0259hs ed\u0259n video\u00e7arx n\u00fcmayi\u015f olunub.<\/p>\n","protected":false},"excerpt":{"rendered":"<p>O, h\u0259yatsev\u0259r v\u0259 nikbin, pe\u015f\u0259sin\u0259 q\u0259lb\u0259n ba\u011fl\u0131, v\u0259t\u0259np\u0259rv\u0259r ruhlu jurnalist idi. 44 g\u00fcnl\u00fck V\u0259t\u0259n m\u00fcharib\u0259sinin&#8230;<\/p>\n","protected":false},"author":3,"featured_media":16206,"comment_status":"closed","ping_status":"closed","sticky":false,"template":"","format":"standard","meta":{"footnotes":""},"categories":[6],"tags":[],"class_list":["post-16203","post","type-post","status-publish","format-standard","has-post-thumbnail","hentry","category-cmiyyt"],"featured_image_urls":{"full":["https:\/\/veteran.az\/wp-content\/uploads\/2022\/05\/1651328339_w_1616513265891849939161_1000x669.jpg",1000,665,false],"thumbnail":["https:\/\/veteran.az\/wp-content\/uploads\/2022\/05\/1651328339_w_1616513265891849939161_1000x669-150x150.jpg",150,150,true],"medium":["https:\/\/veteran.az\/wp-content\/uploads\/2022\/05\/1651328339_w_1616513265891849939161_1000x669-300x200.jpg",300,200,true],"medium_large":["https:\/\/veteran.az\/wp-content\/uploads\/2022\/05\/1651328339_w_1616513265891849939161_1000x669-768x511.jpg",640,426,true],"large":["https:\/\/veteran.az\/wp-content\/uploads\/2022\/05\/1651328339_w_1616513265891849939161_1000x669.jpg",640,426,false],"1536x1536":["https:\/\/veteran.az\/wp-content\/uploads\/2022\/05\/1651328339_w_1616513265891849939161_1000x669.jpg",1000,665,false],"2048x2048":["https:\/\/veteran.az\/wp-content\/uploads\/2022\/05\/1651328339_w_1616513265891849939161_1000x669.jpg",1000,665,false],"covernews-slider-full":["https:\/\/veteran.az\/wp-content\/uploads\/2022\/05\/1651328339_w_1616513265891849939161_1000x669.jpg",1000,665,false],"covernews-slider-center":["https:\/\/veteran.az\/wp-content\/uploads\/2022\/05\/1651328339_w_1616513265891849939161_1000x669-936x665.jpg",704,500,true],"covernews-featured":["https:\/\/veteran.az\/wp-content\/uploads\/2022\/05\/1651328339_w_1616513265891849939161_1000x669.jpg",1000,665,false],"covernews-medium":["https:\/\/veteran.az\/wp-content\/uploads\/2022\/05\/1651328339_w_1616513265891849939161_1000x669-720x380.jpg",540,285,true],"covernews-medium-square":["https:\/\/veteran.az\/wp-content\/uploads\/2022\/05\/1651328339_w_1616513265891849939161_1000x669-675x450.jpg",375,250,true]},"author_info":{"display_name":"Veteran.az","author_link":"https:\/\/veteran.az\/?author=3"},"category_info":"<a href=\"https:\/\/veteran.az\/?cat=6\" rel=\"category\">C\u0259miyy\u0259t<\/a>","tag_info":"C\u0259miyy\u0259t","comment_count":"0","_links":{"self":[{"href":"https:\/\/veteran.az\/index.php?rest_route=\/wp\/v2\/posts\/16203","targetHints":{"allow":["GET"]}}],"collection":[{"href":"https:\/\/veteran.az\/index.php?rest_route=\/wp\/v2\/posts"}],"about":[{"href":"https:\/\/veteran.az\/index.php?rest_route=\/wp\/v2\/types\/post"}],"author":[{"embeddable":true,"href":"https:\/\/veteran.az\/index.php?rest_route=\/wp\/v2\/users\/3"}],"replies":[{"embeddable":true,"href":"https:\/\/veteran.az\/index.php?rest_route=%2Fwp%2Fv2%2Fcomments&post=16203"}],"version-history":[{"count":1,"href":"https:\/\/veteran.az\/index.php?rest_route=\/wp\/v2\/posts\/16203\/revisions"}],"predecessor-version":[{"id":16207,"href":"https:\/\/veteran.az\/index.php?rest_route=\/wp\/v2\/posts\/16203\/revisions\/16207"}],"wp:featuredmedia":[{"embeddable":true,"href":"https:\/\/veteran.az\/index.php?rest_route=\/wp\/v2\/media\/16206"}],"wp:attachment":[{"href":"https:\/\/veteran.az\/index.php?rest_route=%2Fwp%2Fv2%2Fmedia&parent=16203"}],"wp:term":[{"taxonomy":"category","embeddable":true,"href":"https:\/\/veteran.az\/index.php?rest_route=%2Fwp%2Fv2%2Fcategories&post=16203"},{"taxonomy":"post_tag","embeddable":true,"href":"https:\/\/veteran.az\/index.php?rest_route=%2Fwp%2Fv2%2Ftags&post=16203"}],"curies":[{"name":"wp","href":"https:\/\/api.w.org\/{rel}","templated":true}]}}