{"id":16194,"date":"2022-04-29T12:46:41","date_gmt":"2022-04-29T08:46:41","guid":{"rendered":"http:\/\/veteran.az\/?p=16194"},"modified":"2022-04-29T12:46:41","modified_gmt":"2022-04-29T08:46:41","slug":"yubkali-lavrov-ayamali-zaxarova-uct%c9%99r%c9%99fli-isci-qrupundan-danisdi","status":"publish","type":"post","link":"https:\/\/veteran.az\/?p=16194","title":{"rendered":"&#171;Yubkal\u0131 Lavrov&#187; ayamal\u0131 Zaxarova \u00fc\u00e7t\u0259r\u0259fli i\u015f\u00e7i qrupundan dan\u0131\u015fd\u0131"},"content":{"rendered":"\n<p><strong>Bu h\u0259ft\u0259nin sonunad\u0259k Rusiya, Erm\u0259nistan v\u0259 Az\u0259rbaycan ba\u015f nazirl\u0259rinin m\u00fcavinl\u0259rinin h\u0259ms\u0259drliyi il\u0259 Qaraba\u011f \u00fczr\u0259 \u00fc\u00e7t\u0259r\u0259fli i\u015f\u00e7i qrupunun g\u00f6r\u00fc\u015f\u00fc ke\u00e7iril\u0259c\u0259k. <\/strong><\/p>\n\n\n\n<p>Bu bar\u0259d\u0259 c\u00fcm\u0259 ax\u015fam\u0131 ke\u00e7irdiyi brifinqd\u0259 Rusiya Xarici \u0130\u015fl\u0259r Nazirliyinin r\u0259smi n\u00fcmay\u0259nd\u0259si Mariya Zaxarova bildirib.<\/p>\n\n\n\n<p><br>Zaxarova \u0259lav\u0259 edib ki, Rusiya t\u0259r\u0259fi Az\u0259rbaycan v\u0259 Erm\u0259nistan\u0131n bir-birin\u0259 do\u011fru yax\u0131nla\u015fma\u011fa haz\u0131r oldu\u011funu g\u00f6r\u00fcr v\u0259 bu m\u00f6vzuda \u00fc\u00e7t\u0259r\u0259fli \u0259laq\u0259l\u0259r y\u00fcks\u0259k s\u0259viyy\u0259d\u0259 i\u015fl\u0259nir. \u201cN\u0259tic\u0259 ver\u0259n formatlarda real i\u015f g\u00f6z qaba\u011f\u0131ndad\u0131r. Biz birt\u0259h\u0259r m\u00f6vcud formatlarda qal\u0131r\u0131q, g\u00f6r\u00fcr\u00fck ki, orada i\u015f gedir. Biz \u0259sas \u0259h\u0259miyy\u0259ti o s\u0259n\u0259dl\u0259rin formatlar\u0131na v\u0259 h\u0259yata ke\u00e7irilm\u0259sin\u0259 veririk. Real n\u0259tic\u0259l\u0259r var. Bu n\u0259tic\u0259ni m\u00fclki \u015f\u0259xsl\u0259r, t\u0259s\u0259rr\u00fcfat subyektl\u0259ri, b\u00fct\u00f6vl\u00fckd\u0259 region hiss edir\u201d.<\/p>\n","protected":false},"excerpt":{"rendered":"<p>Bu h\u0259ft\u0259nin sonunad\u0259k Rusiya, Erm\u0259nistan v\u0259 Az\u0259rbaycan ba\u015f nazirl\u0259rinin m\u00fcavinl\u0259rinin h\u0259ms\u0259drliyi il\u0259 Qaraba\u011f \u00fczr\u0259 \u00fc\u00e7t\u0259r\u0259fli&#8230;<\/p>\n","protected":false},"author":3,"featured_media":0,"comment_status":"closed","ping_status":"closed","sticky":false,"template":"","format":"standard","meta":{"footnotes":""},"categories":[6],"tags":[],"class_list":["post-16194","post","type-post","status-publish","format-standard","hentry","category-cmiyyt"],"featured_image_urls":{"full":"","thumbnail":"","medium":"","medium_large":"","large":"","1536x1536":"","2048x2048":"","covernews-slider-full":"","covernews-slider-center":"","covernews-featured":"","covernews-medium":"","covernews-medium-square":""},"author_info":{"display_name":"Veteran.az","author_link":"https:\/\/veteran.az\/?author=3"},"category_info":"<a href=\"https:\/\/veteran.az\/?cat=6\" rel=\"category\">C\u0259miyy\u0259t<\/a>","tag_info":"C\u0259miyy\u0259t","comment_count":"0","_links":{"self":[{"href":"https:\/\/veteran.az\/index.php?rest_route=\/wp\/v2\/posts\/16194","targetHints":{"allow":["GET"]}}],"collection":[{"href":"https:\/\/veteran.az\/index.php?rest_route=\/wp\/v2\/posts"}],"about":[{"href":"https:\/\/veteran.az\/index.php?rest_route=\/wp\/v2\/types\/post"}],"author":[{"embeddable":true,"href":"https:\/\/veteran.az\/index.php?rest_route=\/wp\/v2\/users\/3"}],"replies":[{"embeddable":true,"href":"https:\/\/veteran.az\/index.php?rest_route=%2Fwp%2Fv2%2Fcomments&post=16194"}],"version-history":[{"count":1,"href":"https:\/\/veteran.az\/index.php?rest_route=\/wp\/v2\/posts\/16194\/revisions"}],"predecessor-version":[{"id":16196,"href":"https:\/\/veteran.az\/index.php?rest_route=\/wp\/v2\/posts\/16194\/revisions\/16196"}],"wp:attachment":[{"href":"https:\/\/veteran.az\/index.php?rest_route=%2Fwp%2Fv2%2Fmedia&parent=16194"}],"wp:term":[{"taxonomy":"category","embeddable":true,"href":"https:\/\/veteran.az\/index.php?rest_route=%2Fwp%2Fv2%2Fcategories&post=16194"},{"taxonomy":"post_tag","embeddable":true,"href":"https:\/\/veteran.az\/index.php?rest_route=%2Fwp%2Fv2%2Ftags&post=16194"}],"curies":[{"name":"wp","href":"https:\/\/api.w.org\/{rel}","templated":true}]}}