{"id":16191,"date":"2022-04-29T11:21:47","date_gmt":"2022-04-29T07:21:47","guid":{"rendered":"http:\/\/veteran.az\/?p=16191"},"modified":"2022-04-29T11:21:48","modified_gmt":"2022-04-29T07:21:48","slug":"erm%c9%99nistan-5-%c9%99sas-prinsipi-q%c9%99bul-edib-%c9%99liyev","status":"publish","type":"post","link":"https:\/\/veteran.az\/?p=16191","title":{"rendered":"Erm\u0259nistan 5 \u0259sas prinsipi q\u0259bul edib &#8212; \u018fliyev"},"content":{"rendered":"\n<p><strong>Az\u0259rbaycan Qafqazda s\u00fclh\u00fcn v\u0259 \u0259m\u0259kda\u015fl\u0131\u011f\u0131n yeni d\u00f6vr\u00fcn\u00fcn t\u0259r\u0259fdar\u0131d\u0131r.<\/strong><\/p>\n\n\n\n<p>Bunu Az\u0259rbaycan Prezidenti \u0130lham \u018fliyev \u201cC\u0259nubi Qafqaz: inki\u015faf v\u0259 \u0259m\u0259kda\u015fl\u0131q\u201d beyn\u0259lxalq konfrans\u0131n\u0131n i\u015ftirak\u00e7\u0131lar\u0131 il\u0259 g\u00f6r\u00fc\u015f\u00fcnd\u0259 deyib.<\/p>\n\n\n\n<p>D\u00f6vl\u0259t ba\u015f\u00e7\u0131s\u0131 qeyd edib ki, konfrans zaman\u0131 onun i\u015ftirak\u00e7\u0131lar\u0131 Az\u0259rbaycan\u0131n Qaraba\u011f\u0131n v\u0259 \u015e\u0259rqi Z\u0259ng\u0259zurun b\u0259rpas\u0131 il\u0259 ba\u011fl\u0131 planlar\u0131 il\u0259 tan\u0131\u015f olublar:<\/p>\n\n\n\n<p>\u201cPlanlar geni\u015fmiqyasl\u0131d\u0131r v\u0259 biz onlar\u0131 b\u00fcdc\u0259mizd\u0259n maliyy\u0259 v\u0259saiti ay\u0131raraq v\u0259 beyn\u0259lxalq \u015firk\u0259tl\u0259rin d\u0259st\u0259yi il\u0259 \u00f6z g\u00fcc\u00fcm\u00fczl\u0259 h\u0259yata ke\u00e7iririk\u201d.<\/p>\n\n\n\n<p>\u201cBundan \u0259lav\u0259, \u0259n m\u00fch\u00fcm v\u0259zif\u0259l\u0259rd\u0259n biri yeni reall\u0131qlar\u0131 m\u00f6hk\u0259ml\u0259ndirm\u0259k v\u0259 beyn\u0259lxalq t\u0259\u015fkilatlarla birg\u0259 m\u00f6vqel\u0259rimizi v\u0259 regiona bax\u0131\u015f\u0131m\u0131z\u0131 t\u0259qdim etm\u0259kdir. Apar\u0131c\u0131 beyn\u0259lxalq t\u0259\u015fkilatlar\u0131n yeni reall\u0131qlar\u0131 yerl\u0259rd\u0259 q\u0259bul etm\u0259si d\u0259 \u00e7ox vacib idi v\u0259 bu ba\u015f verdi. Eyni zamanda, biz Qafqazda yeni d\u00f6vr\u00fcn &#8212; s\u00fclh v\u0259 \u0259m\u0259kda\u015fl\u0131q d\u00f6vr\u00fcn\u00fcn f\u0259al \u015f\u0259kild\u0259 t\u0259r\u0259fdar\u0131y\u0131q. N\u0259hay\u0259t, bu yax\u0131nlarda Erm\u0259nistandan m\u00fcsb\u0259t cavab ald\u0131q. H\u00f6kum\u0259t Az\u0259rbaycan\u0131n ir\u0259li s\u00fcrd\u00fcy\u00fc be\u015f \u0259sas prinsipi &#8212; Erm\u0259nistanla s\u00fclh sazi\u015finin \u0259sas\u0131n\u0131 t\u0259\u015fkil etm\u0259li olan prinsipl\u0259ri q\u0259bul edib\u201d, &#8212; \u00f6lk\u0259 lideri bildirib.<\/p>\n","protected":false},"excerpt":{"rendered":"<p>Az\u0259rbaycan Qafqazda s\u00fclh\u00fcn v\u0259 \u0259m\u0259kda\u015fl\u0131\u011f\u0131n yeni d\u00f6vr\u00fcn\u00fcn t\u0259r\u0259fdar\u0131d\u0131r. Bunu Az\u0259rbaycan Prezidenti \u0130lham \u018fliyev \u201cC\u0259nubi Qafqaz:&#8230;<\/p>\n","protected":false},"author":3,"featured_media":16192,"comment_status":"closed","ping_status":"closed","sticky":false,"template":"","format":"standard","meta":{"footnotes":""},"categories":[6],"tags":[],"class_list":["post-16191","post","type-post","status-publish","format-standard","has-post-thumbnail","hentry","category-cmiyyt"],"featured_image_urls":{"full":["https:\/\/veteran.az\/wp-content\/uploads\/2022\/04\/ilham0-1.jpg",637,400,false],"thumbnail":["https:\/\/veteran.az\/wp-content\/uploads\/2022\/04\/ilham0-1-150x150.jpg",150,150,true],"medium":["https:\/\/veteran.az\/wp-content\/uploads\/2022\/04\/ilham0-1-300x188.jpg",300,188,true],"medium_large":["https:\/\/veteran.az\/wp-content\/uploads\/2022\/04\/ilham0-1.jpg",637,400,false],"large":["https:\/\/veteran.az\/wp-content\/uploads\/2022\/04\/ilham0-1.jpg",637,400,false],"1536x1536":["https:\/\/veteran.az\/wp-content\/uploads\/2022\/04\/ilham0-1.jpg",637,400,false],"2048x2048":["https:\/\/veteran.az\/wp-content\/uploads\/2022\/04\/ilham0-1.jpg",637,400,false],"covernews-slider-full":["https:\/\/veteran.az\/wp-content\/uploads\/2022\/04\/ilham0-1.jpg",637,400,false],"covernews-slider-center":["https:\/\/veteran.az\/wp-content\/uploads\/2022\/04\/ilham0-1.jpg",637,400,false],"covernews-featured":["https:\/\/veteran.az\/wp-content\/uploads\/2022\/04\/ilham0-1.jpg",637,400,false],"covernews-medium":["https:\/\/veteran.az\/wp-content\/uploads\/2022\/04\/ilham0-1-637x380.jpg",540,322,true],"covernews-medium-square":["https:\/\/veteran.az\/wp-content\/uploads\/2022\/04\/ilham0-1.jpg",398,250,false]},"author_info":{"display_name":"Veteran.az","author_link":"https:\/\/veteran.az\/?author=3"},"category_info":"<a href=\"https:\/\/veteran.az\/?cat=6\" rel=\"category\">C\u0259miyy\u0259t<\/a>","tag_info":"C\u0259miyy\u0259t","comment_count":"0","_links":{"self":[{"href":"https:\/\/veteran.az\/index.php?rest_route=\/wp\/v2\/posts\/16191","targetHints":{"allow":["GET"]}}],"collection":[{"href":"https:\/\/veteran.az\/index.php?rest_route=\/wp\/v2\/posts"}],"about":[{"href":"https:\/\/veteran.az\/index.php?rest_route=\/wp\/v2\/types\/post"}],"author":[{"embeddable":true,"href":"https:\/\/veteran.az\/index.php?rest_route=\/wp\/v2\/users\/3"}],"replies":[{"embeddable":true,"href":"https:\/\/veteran.az\/index.php?rest_route=%2Fwp%2Fv2%2Fcomments&post=16191"}],"version-history":[{"count":1,"href":"https:\/\/veteran.az\/index.php?rest_route=\/wp\/v2\/posts\/16191\/revisions"}],"predecessor-version":[{"id":16193,"href":"https:\/\/veteran.az\/index.php?rest_route=\/wp\/v2\/posts\/16191\/revisions\/16193"}],"wp:featuredmedia":[{"embeddable":true,"href":"https:\/\/veteran.az\/index.php?rest_route=\/wp\/v2\/media\/16192"}],"wp:attachment":[{"href":"https:\/\/veteran.az\/index.php?rest_route=%2Fwp%2Fv2%2Fmedia&parent=16191"}],"wp:term":[{"taxonomy":"category","embeddable":true,"href":"https:\/\/veteran.az\/index.php?rest_route=%2Fwp%2Fv2%2Fcategories&post=16191"},{"taxonomy":"post_tag","embeddable":true,"href":"https:\/\/veteran.az\/index.php?rest_route=%2Fwp%2Fv2%2Ftags&post=16191"}],"curies":[{"name":"wp","href":"https:\/\/api.w.org\/{rel}","templated":true}]}}