{"id":16119,"date":"2022-04-25T03:47:54","date_gmt":"2022-04-24T23:47:54","guid":{"rendered":"http:\/\/veteran.az\/?p=16119"},"modified":"2022-04-25T03:47:55","modified_gmt":"2022-04-24T23:47:55","slug":"biz-faci%c9%99li-selfil%c9%99r-olk%c9%99si-deyilik-ukraynaya-%c9%99libos-g%c9%99l%c9%99-bilm%c9%99zsiniz-zelenski","status":"publish","type":"post","link":"https:\/\/veteran.az\/?p=16119","title":{"rendered":"\u201cB\u0130Z FAC\u0130\u018fL\u0130 SELF\u0130L\u018fR \u00d6LK\u018fS\u0130 DEY\u0130L\u0130K, UKRAYNAYA \u018fL\u0130BO\u015e G\u018fL\u018f B\u0130LM\u018fZS\u0130N\u0130Z\u201d &#8212; Zelenski"},"content":{"rendered":"\n<p><strong>Ukrayna prezidenti Vladimir Zelenski AB\u015e d\u00f6vl\u0259t katibi Entoni Blinken v\u0259 m\u00fcdafi\u0259 naziri Lloyd Ostinin Ukraynaya s\u0259f\u0259ri haqda a\u00e7\u0131qlama verib. Onun s\u00f6zl\u0259rin\u0259 g\u00f6r\u0259, g\u00f6r\u00fc\u015f zaman\u0131 Ukraynaya silah t\u0259dar\u00fck\u00fc v\u0259 t\u0259hl\u00fck\u0259sizlik t\u0259minatlar\u0131n\u0131 m\u00fczakir\u0259 etm\u0259yi planla\u015fd\u0131r\u0131rlar.<\/strong><\/p>\n\n\n\n<p>&#171;Xarici liderl\u0259rin biz\u0259 g\u0259lm\u0259si niy\u0259 vacibdir? Siz indi biz\u0259 \u0259libo\u015f g\u0259l\u0259 bilm\u0259zsiniz v\u0259 biz h\u0259diyy\u0259l\u0259r v\u0259 ya tortlar yox, konkret silahlar g\u00f6zl\u0259yirik. Ona g\u00f6r\u0259 d\u0259 inan\u0131ram ki, biz AB\u015e-dan Ukrayna \u00fc\u00e7\u00fcn \u0259vv\u0259ll\u0259r raz\u0131la\u015fd\u0131\u011f\u0131m\u0131z silah paketinin bir hiss\u0259sini ala bil\u0259c\u0259yik\u201d, &#8212; o, Kiyev metrosunda d\u00fcnya v\u0259 Ukrayna K\u0130V-l\u0259rin\u0259 m\u0259tbuat konfrans\u0131 zaman\u0131 deyib.<\/p>\n\n\n\n<p><strong>&#171;Biz b\u00fct\u00fcn liderl\u0259r\u0259 m\u00fcraci\u0259t edirik &#8212; biz faci\u0259li selfil\u0259r \u00f6lk\u0259si deyilik, bizd\u0259 \u0259sl m\u00fcharib\u0259 var&#8230; l\u00fctf\u0259n dan\u0131\u015fd\u0131\u011f\u0131m\u0131z yard\u0131mla g\u0259lin&#187;,&nbsp;<\/strong>&#8212; Zelenski \u0259lav\u0259 edib.<\/p>\n\n\n\n<p>M\u0259nb\u0259: <strong>Qafqaz.media<\/strong><\/p>\n","protected":false},"excerpt":{"rendered":"<p>Ukrayna prezidenti Vladimir Zelenski AB\u015e d\u00f6vl\u0259t katibi Entoni Blinken v\u0259 m\u00fcdafi\u0259 naziri Lloyd Ostinin Ukraynaya&#8230;<\/p>\n","protected":false},"author":3,"featured_media":16120,"comment_status":"closed","ping_status":"closed","sticky":false,"template":"","format":"standard","meta":{"footnotes":""},"categories":[7],"tags":[],"class_list":["post-16119","post","type-post","status-publish","format-standard","has-post-thumbnail","hentry","category-dunya"],"featured_image_urls":{"full":["https:\/\/veteran.az\/wp-content\/uploads\/2022\/04\/zee.jpg",1200,800,false],"thumbnail":["https:\/\/veteran.az\/wp-content\/uploads\/2022\/04\/zee-150x150.jpg",150,150,true],"medium":["https:\/\/veteran.az\/wp-content\/uploads\/2022\/04\/zee-300x200.jpg",300,200,true],"medium_large":["https:\/\/veteran.az\/wp-content\/uploads\/2022\/04\/zee-768x512.jpg",640,427,true],"large":["https:\/\/veteran.az\/wp-content\/uploads\/2022\/04\/zee-1024x683.jpg",640,427,true],"1536x1536":["https:\/\/veteran.az\/wp-content\/uploads\/2022\/04\/zee.jpg",1200,800,false],"2048x2048":["https:\/\/veteran.az\/wp-content\/uploads\/2022\/04\/zee.jpg",1200,800,false],"covernews-slider-full":["https:\/\/veteran.az\/wp-content\/uploads\/2022\/04\/zee.jpg",1073,715,false],"covernews-slider-center":["https:\/\/veteran.az\/wp-content\/uploads\/2022\/04\/zee-936x800.jpg",585,500,true],"covernews-featured":["https:\/\/veteran.az\/wp-content\/uploads\/2022\/04\/zee-1024x683.jpg",1024,683,true],"covernews-medium":["https:\/\/veteran.az\/wp-content\/uploads\/2022\/04\/zee-720x380.jpg",540,285,true],"covernews-medium-square":["https:\/\/veteran.az\/wp-content\/uploads\/2022\/04\/zee-675x450.jpg",375,250,true]},"author_info":{"display_name":"Veteran.az","author_link":"https:\/\/veteran.az\/?author=3"},"category_info":"<a href=\"https:\/\/veteran.az\/?cat=7\" rel=\"category\">D\u00fcnya<\/a>","tag_info":"D\u00fcnya","comment_count":"0","_links":{"self":[{"href":"https:\/\/veteran.az\/index.php?rest_route=\/wp\/v2\/posts\/16119","targetHints":{"allow":["GET"]}}],"collection":[{"href":"https:\/\/veteran.az\/index.php?rest_route=\/wp\/v2\/posts"}],"about":[{"href":"https:\/\/veteran.az\/index.php?rest_route=\/wp\/v2\/types\/post"}],"author":[{"embeddable":true,"href":"https:\/\/veteran.az\/index.php?rest_route=\/wp\/v2\/users\/3"}],"replies":[{"embeddable":true,"href":"https:\/\/veteran.az\/index.php?rest_route=%2Fwp%2Fv2%2Fcomments&post=16119"}],"version-history":[{"count":1,"href":"https:\/\/veteran.az\/index.php?rest_route=\/wp\/v2\/posts\/16119\/revisions"}],"predecessor-version":[{"id":16121,"href":"https:\/\/veteran.az\/index.php?rest_route=\/wp\/v2\/posts\/16119\/revisions\/16121"}],"wp:featuredmedia":[{"embeddable":true,"href":"https:\/\/veteran.az\/index.php?rest_route=\/wp\/v2\/media\/16120"}],"wp:attachment":[{"href":"https:\/\/veteran.az\/index.php?rest_route=%2Fwp%2Fv2%2Fmedia&parent=16119"}],"wp:term":[{"taxonomy":"category","embeddable":true,"href":"https:\/\/veteran.az\/index.php?rest_route=%2Fwp%2Fv2%2Fcategories&post=16119"},{"taxonomy":"post_tag","embeddable":true,"href":"https:\/\/veteran.az\/index.php?rest_route=%2Fwp%2Fv2%2Ftags&post=16119"}],"curies":[{"name":"wp","href":"https:\/\/api.w.org\/{rel}","templated":true}]}}