{"id":16110,"date":"2022-04-24T15:47:24","date_gmt":"2022-04-24T11:47:24","guid":{"rendered":"http:\/\/veteran.az\/?p=16110"},"modified":"2022-04-25T02:39:52","modified_gmt":"2022-04-24T22:39:52","slug":"%c9%99rdogan-zelenski-il%c9%99-danisdi","status":"publish","type":"post","link":"https:\/\/veteran.az\/?p=16110","title":{"rendered":"\u018frdo\u011fan Zelenski il\u0259 dan\u0131\u015fd\u0131"},"content":{"rendered":"\n<p><strong>T\u00fcrkiy\u0259 Prezidenti R\u0259c\u0259b Tayyib \u018frdo\u011fan il\u0259 Ukrayna Prezidenti Vladimir Zelenski aras\u0131nda telefon dan\u0131\u015f\u0131\u011f\u0131 olub.<\/strong><\/p>\n\n\n\n<p>Bu bar\u0259d\u0259 T\u00fcrkiy\u0259 h\u00f6kum\u0259ti m\u0259lumat yay\u0131b.<\/p>\n\n\n\n<p>Bildirilib ki, s\u00f6hb\u0259t zaman\u0131 Rusiya-Ukrayna m\u00fcharib\u0259sind\u0259ki son hadis\u0259l\u0259r v\u0259 dan\u0131\u015f\u0131qlar prosesi il\u0259 ba\u011fl\u0131 m\u0259s\u0259l\u0259l\u0259r m\u00fczakir\u0259 edilib.<\/p>\n\n\n\n<p>Prezident \u018frdo\u011fan g\u00f6r\u00fc\u015fd\u0259 v\u0259ziyy\u0259tin g\u00fcnd\u0259n-g\u00fcn\u0259 daha da \u00e7\u0259tinl\u0259\u015fdiyi Mariupolda yaral\u0131lar\u0131n v\u0259 m\u00fclki \u015f\u0259xsl\u0259rin t\u0259xliy\u0259sinin t\u0259min edilm\u0259li oldu\u011funu bildirib.<\/p>\n\n\n\n<p>\u018fll\u0259rind\u0259n g\u0259l\u0259n h\u0259r c\u00fcr yard\u0131m\u0131 g\u00f6st\u0259rm\u0259y\u0259 v\u0259 vasit\u0259\u00e7ilik d\u0259 daxil olmaqla laz\u0131mi d\u0259st\u0259yi verm\u0259y\u0259 haz\u0131r olduqlar\u0131n\u0131 ifad\u0259 ed\u0259n \u018frdo\u011fan Ukraynan\u0131n t\u0259hl\u00fck\u0259sizliyinin\u0259 z\u0259man\u0259t m\u0259s\u0259l\u0259sin\u0259 d\u0259 prinsipial olaraq m\u00fcsb\u0259t baxd\u0131qlar\u0131n\u0131 dil\u0259 g\u0259tirib.<\/p>\n","protected":false},"excerpt":{"rendered":"<p>T\u00fcrkiy\u0259 Prezidenti R\u0259c\u0259b Tayyib \u018frdo\u011fan il\u0259 Ukrayna Prezidenti Vladimir Zelenski aras\u0131nda telefon dan\u0131\u015f\u0131\u011f\u0131 olub. Bu&#8230;<\/p>\n","protected":false},"author":3,"featured_media":16111,"comment_status":"closed","ping_status":"closed","sticky":false,"template":"","format":"standard","meta":{"footnotes":""},"categories":[7],"tags":[],"class_list":["post-16110","post","type-post","status-publish","format-standard","has-post-thumbnail","hentry","category-dunya"],"featured_image_urls":{"full":["https:\/\/veteran.az\/wp-content\/uploads\/2022\/04\/1647889584_1647599731_erdogan-tarafini-belli-etti-putin-mi-zelenskiy-mi.jpg",1220,686,false],"thumbnail":["https:\/\/veteran.az\/wp-content\/uploads\/2022\/04\/1647889584_1647599731_erdogan-tarafini-belli-etti-putin-mi-zelenskiy-mi-150x150.jpg",150,150,true],"medium":["https:\/\/veteran.az\/wp-content\/uploads\/2022\/04\/1647889584_1647599731_erdogan-tarafini-belli-etti-putin-mi-zelenskiy-mi-300x169.jpg",300,169,true],"medium_large":["https:\/\/veteran.az\/wp-content\/uploads\/2022\/04\/1647889584_1647599731_erdogan-tarafini-belli-etti-putin-mi-zelenskiy-mi-768x432.jpg",640,360,true],"large":["https:\/\/veteran.az\/wp-content\/uploads\/2022\/04\/1647889584_1647599731_erdogan-tarafini-belli-etti-putin-mi-zelenskiy-mi-1024x576.jpg",640,360,true],"1536x1536":["https:\/\/veteran.az\/wp-content\/uploads\/2022\/04\/1647889584_1647599731_erdogan-tarafini-belli-etti-putin-mi-zelenskiy-mi.jpg",1220,686,false],"2048x2048":["https:\/\/veteran.az\/wp-content\/uploads\/2022\/04\/1647889584_1647599731_erdogan-tarafini-belli-etti-putin-mi-zelenskiy-mi.jpg",1220,686,false],"covernews-slider-full":["https:\/\/veteran.az\/wp-content\/uploads\/2022\/04\/1647889584_1647599731_erdogan-tarafini-belli-etti-putin-mi-zelenskiy-mi.jpg",1115,627,false],"covernews-slider-center":["https:\/\/veteran.az\/wp-content\/uploads\/2022\/04\/1647889584_1647599731_erdogan-tarafini-belli-etti-putin-mi-zelenskiy-mi-936x686.jpg",682,500,true],"covernews-featured":["https:\/\/veteran.az\/wp-content\/uploads\/2022\/04\/1647889584_1647599731_erdogan-tarafini-belli-etti-putin-mi-zelenskiy-mi-1024x576.jpg",1024,576,true],"covernews-medium":["https:\/\/veteran.az\/wp-content\/uploads\/2022\/04\/1647889584_1647599731_erdogan-tarafini-belli-etti-putin-mi-zelenskiy-mi-720x380.jpg",540,285,true],"covernews-medium-square":["https:\/\/veteran.az\/wp-content\/uploads\/2022\/04\/1647889584_1647599731_erdogan-tarafini-belli-etti-putin-mi-zelenskiy-mi-675x450.jpg",375,250,true]},"author_info":{"display_name":"Veteran.az","author_link":"https:\/\/veteran.az\/?author=3"},"category_info":"<a href=\"https:\/\/veteran.az\/?cat=7\" rel=\"category\">D\u00fcnya<\/a>","tag_info":"D\u00fcnya","comment_count":"0","_links":{"self":[{"href":"https:\/\/veteran.az\/index.php?rest_route=\/wp\/v2\/posts\/16110","targetHints":{"allow":["GET"]}}],"collection":[{"href":"https:\/\/veteran.az\/index.php?rest_route=\/wp\/v2\/posts"}],"about":[{"href":"https:\/\/veteran.az\/index.php?rest_route=\/wp\/v2\/types\/post"}],"author":[{"embeddable":true,"href":"https:\/\/veteran.az\/index.php?rest_route=\/wp\/v2\/users\/3"}],"replies":[{"embeddable":true,"href":"https:\/\/veteran.az\/index.php?rest_route=%2Fwp%2Fv2%2Fcomments&post=16110"}],"version-history":[{"count":1,"href":"https:\/\/veteran.az\/index.php?rest_route=\/wp\/v2\/posts\/16110\/revisions"}],"predecessor-version":[{"id":16112,"href":"https:\/\/veteran.az\/index.php?rest_route=\/wp\/v2\/posts\/16110\/revisions\/16112"}],"wp:featuredmedia":[{"embeddable":true,"href":"https:\/\/veteran.az\/index.php?rest_route=\/wp\/v2\/media\/16111"}],"wp:attachment":[{"href":"https:\/\/veteran.az\/index.php?rest_route=%2Fwp%2Fv2%2Fmedia&parent=16110"}],"wp:term":[{"taxonomy":"category","embeddable":true,"href":"https:\/\/veteran.az\/index.php?rest_route=%2Fwp%2Fv2%2Fcategories&post=16110"},{"taxonomy":"post_tag","embeddable":true,"href":"https:\/\/veteran.az\/index.php?rest_route=%2Fwp%2Fv2%2Ftags&post=16110"}],"curies":[{"name":"wp","href":"https:\/\/api.w.org\/{rel}","templated":true}]}}