{"id":16096,"date":"2022-04-24T01:32:12","date_gmt":"2022-04-23T21:32:12","guid":{"rendered":"http:\/\/veteran.az\/?p=16096"},"modified":"2022-04-24T01:32:13","modified_gmt":"2022-04-23T21:32:13","slug":"abseronlu-s%c9%99hid-ovladlarinin-heyd%c9%99r-%c9%99liyev-m%c9%99rk%c9%99zin%c9%99-ekskursiyasi-t%c9%99skil-edildi","status":"publish","type":"post","link":"https:\/\/veteran.az\/?p=16096","title":{"rendered":"Ab\u015feronlu \u015f\u0259hid \u00f6vladlar\u0131n\u0131n Heyd\u0259r \u018fliyev M\u0259rk\u0259zin\u0259 ekskursiyas\u0131 t\u0259\u015fkil edildi"},"content":{"rendered":"\n<p><strong>V\u0259t\u0259nimizin \u0259razi b\u00fct\u00f6vl\u00fcy\u00fc u\u011frunda M\u00fcz\u0259ff\u0259r Ali Ba\u015f Komandan, Az\u0259rbaycan\u0131n Respublikas\u0131n\u0131n Prezidenti c\u0259nab \u0130lham \u018fliyevin \u00e7a\u011f\u0131r\u0131\u015f\u0131 v\u0259 r\u0259hb\u0259rliyi il\u0259 d\u00f6y\u00fc\u015fl\u0259r\u0259 qat\u0131lan v\u0259 xalq\u0131m\u0131z\u0131n z\u0259f\u0259ri il\u0259 n\u0259tic\u0259l\u0259n\u0259n 44 g\u00fcnl\u00fck V\u0259t\u0259n M\u00fcharib\u0259sind\u0259 q\u0259hr\u0259mancas\u0131na d\u00f6y\u00fc\u015f\u0259r\u0259k \u015f\u0259hidlik zirv\u0259sin\u0259 y\u00fcks\u0259l\u0259n Ab\u015feronlu \u015f\u0259hidl\u0259rin \u00f6vladlar\u0131n\u0131n Bak\u0131 \u015f\u0259h\u0259rind\u0259 yerl\u0259\u015f\u0259n Heyd\u0259r \u018fliyev M\u0259rk\u0259zin\u0259 ekskursiyas\u0131 t\u0259\u015fkil edilmi\u015fdir.<\/strong><\/p>\n\n\n\n<figure class=\"wp-block-image size-large\"><img loading=\"lazy\" decoding=\"async\" width=\"1024\" height=\"461\" src=\"http:\/\/veteran.az\/wp-content\/uploads\/2022\/04\/22822331-5c95-4594-b129-bc1bebecdd11-1024x461.jpg\" alt=\"\" class=\"wp-image-16099\" srcset=\"https:\/\/veteran.az\/wp-content\/uploads\/2022\/04\/22822331-5c95-4594-b129-bc1bebecdd11-1024x461.jpg 1024w, https:\/\/veteran.az\/wp-content\/uploads\/2022\/04\/22822331-5c95-4594-b129-bc1bebecdd11-300x135.jpg 300w, https:\/\/veteran.az\/wp-content\/uploads\/2022\/04\/22822331-5c95-4594-b129-bc1bebecdd11-768x346.jpg 768w, https:\/\/veteran.az\/wp-content\/uploads\/2022\/04\/22822331-5c95-4594-b129-bc1bebecdd11-1536x691.jpg 1536w, https:\/\/veteran.az\/wp-content\/uploads\/2022\/04\/22822331-5c95-4594-b129-bc1bebecdd11.jpg 1600w\" sizes=\"auto, (max-width: 1024px) 100vw, 1024px\" \/><\/figure>\n\n\n\n<p>Ab\u015feron Rayon \u0130cra Hakimiyy\u0259tinin binas\u0131n\u0131n qar\u015f\u0131s\u0131ndan ba\u015flanan s\u0259f\u0259r zaman\u0131 R\u0130H ba\u015f\u00e7\u0131s\u0131 Abdin F\u0259rz\u0259liyev \u015f\u0259hid ail\u0259l\u0259ri v\u0259 \u00f6vladlar\u0131 il\u0259 g\u00f6r\u00fc\u015fm\u00fc\u015f, onlar\u0131n qay\u011f\u0131lar\u0131 il\u0259 maraqlanaraq xatir\u0259 fotosu \u00e7\u0259kdirmi\u015fdir.<\/p>\n\n\n\n<p>Ekskursiyada \u015f\u0259hidl\u0259rimizin ail\u0259l\u0259rini R\u0130H \u0259m\u0259kda\u015flar\u0131 v\u0259 \u0130ctimai \u015euran\u0131n k\u00f6n\u00fcll\u00fcl\u0259ri m\u00fc\u015fay\u0259t etmi\u015fdir.<\/p>\n\n\n\n<p><br>G\u0259zinti zaman\u0131 \u015f\u0259hid \u00f6vladlar\u0131na Heyd\u0259r \u018fliyev M\u0259rk\u0259zi haqq\u0131nda dan\u0131\u015f\u0131lm\u0131\u015f, Az\u0259rbaycan\u0131n \u00dcmumilli Lideri, dahi \u015f\u0259xsiyy\u0259t Heyd\u0259r \u018fliyev v\u0259 onun g\u00f6rd\u00fcy\u00fc i\u015fl\u0259r haqq\u0131nda \u0259trafl\u0131 m\u0259lumat verilmi\u015fdir.<\/p>\n\n\n\n<p>Bildirilmi\u015fdir ki, M\u0259rk\u0259z\u0259 Az\u0259rbaycan xalq\u0131n\u0131n \u00dcmummilli lideri Heyd\u0259r \u018fliyevin h\u0259yat v\u0259 siyasi f\u0259aliyy\u0259ti bar\u0259d\u0259 m\u0259lumatlar toplan\u0131lm\u0131\u015fd\u0131r. M\u0259rk\u0259z Ulu \u00d6nd\u0259rin d\u00f6vl\u0259t\u00e7ilik f\u0259ls\u0259f\u0259si v\u0259 az\u0259rbaycan\u00e7\u0131l\u0131q m\u0259fkur\u0259sinin \u00f6yr\u0259nilm\u0259si, Heyd\u0259r \u018fliyev irsinin t\u0259dqiqi v\u0259 t\u0259bli\u011fi, elm, t\u0259hsil, m\u0259d\u0259niyy\u0259t, s\u0259hiyy\u0259, idman, ekologiya v\u0259 iqtisadiyyat\u0131n inki\u015faf etdirilm\u0259sin\u0259 xidm\u0259t ed\u0259n layih\u0259l\u0259rin h\u0259yata ke\u00e7irilm\u0259si, Az\u0259rbaycan tarixi v\u0259 m\u0259d\u0259niyy\u0259tinin, Az\u0259rbaycan dilinin v\u0259 dig\u0259r milli-m\u0259n\u0259vi s\u0259rv\u0259tl\u0259rinin beyn\u0259lxalq al\u0259md\u0259 tan\u0131d\u0131lmas\u0131 v\u0259 t\u0259bli\u011fi, el\u0259c\u0259 d\u0259 d\u00fcnya m\u0259d\u0259niyy\u0259tinin, m\u00fcxt\u0259lif sivilizasiya n\u00fcmun\u0259l\u0259rinin Az\u0259rbaycanda tan\u0131d\u0131lmas\u0131, yerli, regional v\u0259 beyn\u0259lxalq konfrans, simpozium v\u0259 dig\u0259r t\u0259dbirl\u0259rin ke\u00e7irilm\u0259si istiqam\u0259tind\u0259 f\u0259aliyy\u0259t g\u00f6st\u0259rir.<\/p>\n\n\n\n<figure class=\"wp-block-image size-large\"><img loading=\"lazy\" decoding=\"async\" width=\"1024\" height=\"461\" src=\"http:\/\/veteran.az\/wp-content\/uploads\/2022\/04\/1e2011c1-7e72-4eea-8134-41f0d26fe161-1024x461.jpg\" alt=\"\" class=\"wp-image-16097\" srcset=\"https:\/\/veteran.az\/wp-content\/uploads\/2022\/04\/1e2011c1-7e72-4eea-8134-41f0d26fe161-1024x461.jpg 1024w, https:\/\/veteran.az\/wp-content\/uploads\/2022\/04\/1e2011c1-7e72-4eea-8134-41f0d26fe161-300x135.jpg 300w, https:\/\/veteran.az\/wp-content\/uploads\/2022\/04\/1e2011c1-7e72-4eea-8134-41f0d26fe161-768x346.jpg 768w, https:\/\/veteran.az\/wp-content\/uploads\/2022\/04\/1e2011c1-7e72-4eea-8134-41f0d26fe161-1536x691.jpg 1536w, https:\/\/veteran.az\/wp-content\/uploads\/2022\/04\/1e2011c1-7e72-4eea-8134-41f0d26fe161.jpg 2000w\" sizes=\"auto, (max-width: 1024px) 100vw, 1024px\" \/><\/figure>\n\n\n\n<p>\u015e\u0259hid \u00f6vladlar\u0131 ad\u0131ndan xatir\u0259 olaraq xar\u0131 b\u00fclb\u00fcl simvolunu \u0259ks etdir\u0259n \u0259l i\u015fi m\u0259rk\u0259z\u0259 h\u0259diyy\u0259 edilmi\u015fir.<\/p>\n\n\n\n<p>Daha sonra u\u015faqlar \u00fc\u00e7\u00fcn \u0259yl\u0259nc\u0259li-b\u0259dii proqram t\u0259qdim olunmu\u015f, \u015f\u0259hid \u00f6vladlar\u0131 \u015feirl\u0259r s\u00f6yl\u0259mi\u015f, mahn\u0131lar ifa etmi\u015f v\u0259 onlara x\u00fcsusi h\u0259diyy\u0259l\u0259r t\u0259qdim olunmu\u015fdur.<\/p>\n\n\n\n<p>Qeyd ed\u0259k ki, Ab\u015feron R\u0130H-nin t\u0259\u015fkilat\u00e7\u0131l\u0131\u011f\u0131 il\u0259 ba\u015f tutan bu kimi silsil\u0259 maarifl\u0259ndirici t\u0259dbirl\u0259rin davaml\u0131 olaraq h\u0259yata ke\u00e7irilm\u0259si n\u0259z\u0259rd\u0259 tutulur.<\/p>\n","protected":false},"excerpt":{"rendered":"<p>V\u0259t\u0259nimizin \u0259razi b\u00fct\u00f6vl\u00fcy\u00fc u\u011frunda M\u00fcz\u0259ff\u0259r Ali Ba\u015f Komandan, Az\u0259rbaycan\u0131n Respublikas\u0131n\u0131n Prezidenti c\u0259nab \u0130lham \u018fliyevin \u00e7a\u011f\u0131r\u0131\u015f\u0131&#8230;<\/p>\n","protected":false},"author":3,"featured_media":16098,"comment_status":"closed","ping_status":"closed","sticky":false,"template":"","format":"standard","meta":{"footnotes":""},"categories":[5],"tags":[],"class_list":["post-16096","post","type-post","status-publish","format-standard","has-post-thumbnail","hentry","category-sosial"],"featured_image_urls":{"full":["https:\/\/veteran.az\/wp-content\/uploads\/2022\/04\/sehidaile.jpg",700,460,false],"thumbnail":["https:\/\/veteran.az\/wp-content\/uploads\/2022\/04\/sehidaile-150x150.jpg",150,150,true],"medium":["https:\/\/veteran.az\/wp-content\/uploads\/2022\/04\/sehidaile-300x197.jpg",300,197,true],"medium_large":["https:\/\/veteran.az\/wp-content\/uploads\/2022\/04\/sehidaile.jpg",640,421,false],"large":["https:\/\/veteran.az\/wp-content\/uploads\/2022\/04\/sehidaile.jpg",640,421,false],"1536x1536":["https:\/\/veteran.az\/wp-content\/uploads\/2022\/04\/sehidaile.jpg",700,460,false],"2048x2048":["https:\/\/veteran.az\/wp-content\/uploads\/2022\/04\/sehidaile.jpg",700,460,false],"covernews-slider-full":["https:\/\/veteran.az\/wp-content\/uploads\/2022\/04\/sehidaile.jpg",700,460,false],"covernews-slider-center":["https:\/\/veteran.az\/wp-content\/uploads\/2022\/04\/sehidaile.jpg",700,460,false],"covernews-featured":["https:\/\/veteran.az\/wp-content\/uploads\/2022\/04\/sehidaile.jpg",700,460,false],"covernews-medium":["https:\/\/veteran.az\/wp-content\/uploads\/2022\/04\/sehidaile-700x380.jpg",540,293,true],"covernews-medium-square":["https:\/\/veteran.az\/wp-content\/uploads\/2022\/04\/sehidaile-675x450.jpg",375,250,true]},"author_info":{"display_name":"Veteran.az","author_link":"https:\/\/veteran.az\/?author=3"},"category_info":"<a href=\"https:\/\/veteran.az\/?cat=5\" rel=\"category\">Sosial<\/a>","tag_info":"Sosial","comment_count":"0","_links":{"self":[{"href":"https:\/\/veteran.az\/index.php?rest_route=\/wp\/v2\/posts\/16096","targetHints":{"allow":["GET"]}}],"collection":[{"href":"https:\/\/veteran.az\/index.php?rest_route=\/wp\/v2\/posts"}],"about":[{"href":"https:\/\/veteran.az\/index.php?rest_route=\/wp\/v2\/types\/post"}],"author":[{"embeddable":true,"href":"https:\/\/veteran.az\/index.php?rest_route=\/wp\/v2\/users\/3"}],"replies":[{"embeddable":true,"href":"https:\/\/veteran.az\/index.php?rest_route=%2Fwp%2Fv2%2Fcomments&post=16096"}],"version-history":[{"count":1,"href":"https:\/\/veteran.az\/index.php?rest_route=\/wp\/v2\/posts\/16096\/revisions"}],"predecessor-version":[{"id":16100,"href":"https:\/\/veteran.az\/index.php?rest_route=\/wp\/v2\/posts\/16096\/revisions\/16100"}],"wp:featuredmedia":[{"embeddable":true,"href":"https:\/\/veteran.az\/index.php?rest_route=\/wp\/v2\/media\/16098"}],"wp:attachment":[{"href":"https:\/\/veteran.az\/index.php?rest_route=%2Fwp%2Fv2%2Fmedia&parent=16096"}],"wp:term":[{"taxonomy":"category","embeddable":true,"href":"https:\/\/veteran.az\/index.php?rest_route=%2Fwp%2Fv2%2Fcategories&post=16096"},{"taxonomy":"post_tag","embeddable":true,"href":"https:\/\/veteran.az\/index.php?rest_route=%2Fwp%2Fv2%2Ftags&post=16096"}],"curies":[{"name":"wp","href":"https:\/\/api.w.org\/{rel}","templated":true}]}}