{"id":16062,"date":"2022-04-22T10:53:18","date_gmt":"2022-04-22T06:53:18","guid":{"rendered":"http:\/\/veteran.az\/?p=16062"},"modified":"2022-04-22T10:53:19","modified_gmt":"2022-04-22T06:53:19","slug":"q%c9%99rb-k%c9%99sfiyyatinin-rusiya-ukrayna-muharib%c9%99sin%c9%99-dair-yeni-v%c9%99-qorxunc-m%c9%99lumatlar","status":"publish","type":"post","link":"https:\/\/veteran.az\/?p=16062","title":{"rendered":"Q\u0259rb k\u0259\u015ffiyyat\u0131n\u0131n Rusiya-Ukrayna m\u00fcharib\u0259sin\u0259 dair YEN\u0130 V\u018f QORXUNC M\u018fLUMATLAR"},"content":{"rendered":"\n<p><strong>Putin Ukraynada ilin sonuna q\u0259d\u0259r davam ed\u0259c\u0259yi g\u00f6zl\u0259nil\u0259n m\u00fcharib\u0259d\u0259 h\u0259l\u0259 d\u0259 qalib g\u0259l\u0259 bil\u0259r.<\/strong><\/p>\n\n\n\n<p>Bu bar\u0259d\u0259 &#171;The Times&#187; yaz\u0131r.<\/p>\n\n\n\n<p>K\u0259\u015ffiyyat r\u0259smil\u0259ri x\u0259b\u0259rdarl\u0131q edib ki, Rusiya ordusu \u015f\u0259rqd\u0259 Ukrayna q\u00fcvv\u0259l\u0259rini \u00fc\u00e7 d\u0259f\u0259 \u00fcst\u0259l\u0259yir v\u0259 onlar\u0131n \u0259h\u0259miyy\u0259tli bir hiss\u0259sini m\u00fchasir\u0259y\u0259 al\u0131b sonra m\u0259hv ed\u0259 bil\u0259r. Bundan sonra Rusiya Kiyev\u0259 yeni h\u00fccuma ke\u00e7\u0259 v\u0259 ya Ukraynan\u0131n Qara d\u0259niz\u0259 \u00e7\u0131x\u0131\u015f\u0131n\u0131 k\u0259s\u0259 bil\u0259r. \u0130ngilis k\u0259\u015ffiyyat\u0131 bunu &#171;\u0259n pis ssenari&#187; (Kiyev\u0259 h\u00fccumdan da pis) kimi d\u0259y\u0259rl\u0259ndirir.<\/p>\n\n\n\n<p>Ukraynan\u0131n \u015f\u0259rqind\u0259ki \u0259sas m\u00fcharib\u0259 meydan\u0131 d\u00fcz \u0259razidir. Bu da rus artilleriyas\u0131 v\u0259 tanklar\u0131na Kiyevin \u015fimal\u0131ndak\u0131 me\u015f\u0259l\u0259rd\u0259n f\u0259rqli olaraq, \u00fcst\u00fcnl\u00fck yarad\u0131r.<\/p>\n\n\n\n<p>Q\u0259rb k\u0259\u015ffiyyat\u0131 hesab edir ki, Moskva bu m\u00fcharib\u0259nin ilk iki ay\u0131nda ba\u015f ver\u0259n faktiki r\u00fcsvay\u00e7\u0131l\u0131qlardan sonra \u00f6z planlar\u0131na taktiki d\u00fcz\u0259li\u015fl\u0259r edib.<\/p>\n\n\n\n<p>M\u0259nb\u0259: Musavat.com<\/p>\n","protected":false},"excerpt":{"rendered":"<p>Putin Ukraynada ilin sonuna q\u0259d\u0259r davam ed\u0259c\u0259yi g\u00f6zl\u0259nil\u0259n m\u00fcharib\u0259d\u0259 h\u0259l\u0259 d\u0259 qalib g\u0259l\u0259 bil\u0259r. Bu&#8230;<\/p>\n","protected":false},"author":3,"featured_media":16063,"comment_status":"closed","ping_status":"closed","sticky":false,"template":"","format":"standard","meta":{"footnotes":""},"categories":[7],"tags":[],"class_list":["post-16062","post","type-post","status-publish","format-standard","has-post-thumbnail","hentry","category-dunya"],"featured_image_urls":{"full":["https:\/\/veteran.az\/wp-content\/uploads\/2022\/04\/1646401925_1646400724_vladimir-putin-ve-vladimir-zelenskiy.jpg",770,415,false],"thumbnail":["https:\/\/veteran.az\/wp-content\/uploads\/2022\/04\/1646401925_1646400724_vladimir-putin-ve-vladimir-zelenskiy-150x150.jpg",150,150,true],"medium":["https:\/\/veteran.az\/wp-content\/uploads\/2022\/04\/1646401925_1646400724_vladimir-putin-ve-vladimir-zelenskiy-300x162.jpg",300,162,true],"medium_large":["https:\/\/veteran.az\/wp-content\/uploads\/2022\/04\/1646401925_1646400724_vladimir-putin-ve-vladimir-zelenskiy-768x414.jpg",640,345,true],"large":["https:\/\/veteran.az\/wp-content\/uploads\/2022\/04\/1646401925_1646400724_vladimir-putin-ve-vladimir-zelenskiy.jpg",640,345,false],"1536x1536":["https:\/\/veteran.az\/wp-content\/uploads\/2022\/04\/1646401925_1646400724_vladimir-putin-ve-vladimir-zelenskiy.jpg",770,415,false],"2048x2048":["https:\/\/veteran.az\/wp-content\/uploads\/2022\/04\/1646401925_1646400724_vladimir-putin-ve-vladimir-zelenskiy.jpg",770,415,false],"covernews-slider-full":["https:\/\/veteran.az\/wp-content\/uploads\/2022\/04\/1646401925_1646400724_vladimir-putin-ve-vladimir-zelenskiy.jpg",770,415,false],"covernews-slider-center":["https:\/\/veteran.az\/wp-content\/uploads\/2022\/04\/1646401925_1646400724_vladimir-putin-ve-vladimir-zelenskiy.jpg",770,415,false],"covernews-featured":["https:\/\/veteran.az\/wp-content\/uploads\/2022\/04\/1646401925_1646400724_vladimir-putin-ve-vladimir-zelenskiy.jpg",770,415,false],"covernews-medium":["https:\/\/veteran.az\/wp-content\/uploads\/2022\/04\/1646401925_1646400724_vladimir-putin-ve-vladimir-zelenskiy-720x380.jpg",540,285,true],"covernews-medium-square":["https:\/\/veteran.az\/wp-content\/uploads\/2022\/04\/1646401925_1646400724_vladimir-putin-ve-vladimir-zelenskiy-675x415.jpg",400,246,true]},"author_info":{"display_name":"Veteran.az","author_link":"https:\/\/veteran.az\/?author=3"},"category_info":"<a href=\"https:\/\/veteran.az\/?cat=7\" rel=\"category\">D\u00fcnya<\/a>","tag_info":"D\u00fcnya","comment_count":"0","_links":{"self":[{"href":"https:\/\/veteran.az\/index.php?rest_route=\/wp\/v2\/posts\/16062","targetHints":{"allow":["GET"]}}],"collection":[{"href":"https:\/\/veteran.az\/index.php?rest_route=\/wp\/v2\/posts"}],"about":[{"href":"https:\/\/veteran.az\/index.php?rest_route=\/wp\/v2\/types\/post"}],"author":[{"embeddable":true,"href":"https:\/\/veteran.az\/index.php?rest_route=\/wp\/v2\/users\/3"}],"replies":[{"embeddable":true,"href":"https:\/\/veteran.az\/index.php?rest_route=%2Fwp%2Fv2%2Fcomments&post=16062"}],"version-history":[{"count":1,"href":"https:\/\/veteran.az\/index.php?rest_route=\/wp\/v2\/posts\/16062\/revisions"}],"predecessor-version":[{"id":16064,"href":"https:\/\/veteran.az\/index.php?rest_route=\/wp\/v2\/posts\/16062\/revisions\/16064"}],"wp:featuredmedia":[{"embeddable":true,"href":"https:\/\/veteran.az\/index.php?rest_route=\/wp\/v2\/media\/16063"}],"wp:attachment":[{"href":"https:\/\/veteran.az\/index.php?rest_route=%2Fwp%2Fv2%2Fmedia&parent=16062"}],"wp:term":[{"taxonomy":"category","embeddable":true,"href":"https:\/\/veteran.az\/index.php?rest_route=%2Fwp%2Fv2%2Fcategories&post=16062"},{"taxonomy":"post_tag","embeddable":true,"href":"https:\/\/veteran.az\/index.php?rest_route=%2Fwp%2Fv2%2Ftags&post=16062"}],"curies":[{"name":"wp","href":"https:\/\/api.w.org\/{rel}","templated":true}]}}