{"id":15789,"date":"2022-04-07T10:36:23","date_gmt":"2022-04-07T06:36:23","guid":{"rendered":"http:\/\/veteran.az\/?p=15789"},"modified":"2022-04-07T10:36:23","modified_gmt":"2022-04-07T06:36:23","slug":"bakida-agir-q%c9%99za-qarabag-qazisi-oldu","status":"publish","type":"post","link":"https:\/\/veteran.az\/?p=15789","title":{"rendered":"Bak\u0131da a\u011f\u0131r q\u0259za: Qaraba\u011f qazisi \u00f6ld\u00fc"},"content":{"rendered":"\n<p><strong>N\u0259simi rayonunda a\u011f\u0131r yol q\u0259zas\u0131 ba\u015f verib.<\/strong><\/p>\n\n\n\n<p><strong>Veteran.az<\/strong>\u00a0\u201cQafqazinfo\u201dya istinad\u0259n x\u0259b\u0259r verir ki, yol-n\u0259qliyyat hadis\u0259si Asif M\u0259h\u0259rr\u0259mov k\u00fc\u00e7\u0259sind\u0259 qeyd\u0259 al\u0131n\u0131b. S\u00fcr\u00fcc\u00fc N\u0259bi \u0130sayevin idar\u0259 etdiyi \u201cMercedes-Benz\u201d markal\u0131 minik avtomobili dig\u0259r n\u0259qliyyat vasit\u0259sin\u0259 \u00e7\u0131rp\u0131l\u0131b.<\/p>\n\n\n\n<p>N\u0259tic\u0259d\u0259 m\u00fcxt\u0259lif d\u0259r\u0259c\u0259li b\u0259d\u0259n x\u0259sar\u0259tl\u0259ri alan N.\u0130sayev v\u0259fat edib.<\/p>\n\n\n\n<p>Qeyd ed\u0259k ki, v\u0259fat ed\u0259n \u015f\u0259xs Birinci Qaraba\u011f m\u00fcharib\u0259si qazisi olub. O, m\u00fcharib\u0259d\u0259 bir aya\u011f\u0131n\u0131 itirmi\u015fdi.<\/p>\n\n\n\n<p>Faktla ba\u011fl\u0131 ara\u015fd\u0131rma apar\u0131l\u0131r.<\/p>\n","protected":false},"excerpt":{"rendered":"<p>N\u0259simi rayonunda a\u011f\u0131r yol q\u0259zas\u0131 ba\u015f verib. Veteran.az\u00a0\u201cQafqazinfo\u201dya istinad\u0259n x\u0259b\u0259r verir ki, yol-n\u0259qliyyat hadis\u0259si Asif&#8230;<\/p>\n","protected":false},"author":3,"featured_media":0,"comment_status":"closed","ping_status":"closed","sticky":false,"template":"","format":"standard","meta":{"footnotes":""},"categories":[12],"tags":[],"class_list":["post-15789","post","type-post","status-publish","format-standard","hentry","category-veteran"],"featured_image_urls":{"full":"","thumbnail":"","medium":"","medium_large":"","large":"","1536x1536":"","2048x2048":"","covernews-slider-full":"","covernews-slider-center":"","covernews-featured":"","covernews-medium":"","covernews-medium-square":""},"author_info":{"display_name":"Veteran.az","author_link":"https:\/\/veteran.az\/?author=3"},"category_info":"<a href=\"https:\/\/veteran.az\/?cat=12\" rel=\"category\">Veteran d\u00fcnyas\u0131<\/a>","tag_info":"Veteran d\u00fcnyas\u0131","comment_count":"0","_links":{"self":[{"href":"https:\/\/veteran.az\/index.php?rest_route=\/wp\/v2\/posts\/15789","targetHints":{"allow":["GET"]}}],"collection":[{"href":"https:\/\/veteran.az\/index.php?rest_route=\/wp\/v2\/posts"}],"about":[{"href":"https:\/\/veteran.az\/index.php?rest_route=\/wp\/v2\/types\/post"}],"author":[{"embeddable":true,"href":"https:\/\/veteran.az\/index.php?rest_route=\/wp\/v2\/users\/3"}],"replies":[{"embeddable":true,"href":"https:\/\/veteran.az\/index.php?rest_route=%2Fwp%2Fv2%2Fcomments&post=15789"}],"version-history":[{"count":1,"href":"https:\/\/veteran.az\/index.php?rest_route=\/wp\/v2\/posts\/15789\/revisions"}],"predecessor-version":[{"id":15791,"href":"https:\/\/veteran.az\/index.php?rest_route=\/wp\/v2\/posts\/15789\/revisions\/15791"}],"wp:attachment":[{"href":"https:\/\/veteran.az\/index.php?rest_route=%2Fwp%2Fv2%2Fmedia&parent=15789"}],"wp:term":[{"taxonomy":"category","embeddable":true,"href":"https:\/\/veteran.az\/index.php?rest_route=%2Fwp%2Fv2%2Fcategories&post=15789"},{"taxonomy":"post_tag","embeddable":true,"href":"https:\/\/veteran.az\/index.php?rest_route=%2Fwp%2Fv2%2Ftags&post=15789"}],"curies":[{"name":"wp","href":"https:\/\/api.w.org\/{rel}","templated":true}]}}