{"id":15755,"date":"2022-04-04T18:36:15","date_gmt":"2022-04-04T14:36:15","guid":{"rendered":"http:\/\/veteran.az\/?p=15755"},"modified":"2022-04-04T18:36:15","modified_gmt":"2022-04-04T14:36:15","slug":"ilham-%c9%99liyev-edilli-k%c9%99ndind%c9%99-askarlanan-kutl%c9%99vi-m%c9%99zarliqdan-danisdi","status":"publish","type":"post","link":"https:\/\/veteran.az\/?p=15755","title":{"rendered":"\u0130lham \u018fliyev Edilli k\u0259ndind\u0259 a\u015fkarlanan k\u00fctl\u0259vi m\u0259zarl\u0131qdan dan\u0131\u015fd\u0131"},"content":{"rendered":"\n<p><strong>Prezident \u0130lham \u018fliyev bu yax\u0131nlarda Xocav\u0259ndin Edilli k\u0259ndind\u0259 m\u00fc\u0259yy\u0259n olunan k\u00fctl\u0259vi m\u0259zarl\u0131qdan dan\u0131\u015f\u0131b.<\/strong><\/p>\n\n\n\n<p>D\u00f6vl\u0259t ba\u015f\u00e7\u0131s\u0131 bu bar\u0259d\u0259 aprelin 4-d\u0259 \u0130tkin d\u00fc\u015fm\u00fc\u015f \u015f\u0259xsl\u0259r \u00fczr\u0259 Beyn\u0259lxalq Komissiyan\u0131n ba\u015f direktoru xan\u0131m Katrin Bombergeri q\u0259bul ed\u0259rk\u0259n deyib.\u00a0<\/p>\n\n\n\n<p>D\u00f6vl\u0259timizin ba\u015f\u00e7\u0131s\u0131 birinci Erm\u0259nistan-Az\u0259rbaycan m\u00fcharib\u0259sind\u0259n etibar\u0259n 3890 n\u0259f\u0259r az\u0259rbaycanl\u0131n\u0131n itkin d\u00fc\u015fm\u00fc\u015f hesab olundu\u011funu, onlar\u0131n bir \u00e7oxunun i\u015fg\u0259nc\u0259l\u0259r\u0259 m\u0259ruz qald\u0131\u011f\u0131n\u0131 v\u0259 \u00f6ld\u00fcr\u00fcl\u0259r\u0259k Erm\u0259nistan t\u0259r\u0259find\u0259n k\u00fctl\u0259vi m\u0259zarl\u0131qlarda basd\u0131r\u0131ld\u0131\u011f\u0131n\u0131 qeyd edib.\u00a0<\/p>\n\n\n\n<p>Prezident \u0130lham \u018fliyev bildirib ki, Az\u0259rbaycan humanitar xarakter da\u015f\u0131yan bu m\u0259s\u0259l\u0259 il\u0259 ba\u011fl\u0131 d\u0259f\u0259l\u0259rl\u0259 Erm\u0259nistan t\u0259r\u0259fin\u0259 m\u00fcraci\u0259t ets\u0259 d\u0259, Erm\u0259nistan t\u0259r\u0259find\u0259n konstruktiv \u0259m\u0259kda\u015fl\u0131q v\u0259 xo\u015f niyy\u0259t n\u00fcmayi\u015f olunmay\u0131b.\u00a0<\/p>\n\n\n\n<p>D\u00f6vl\u0259t ba\u015f\u00e7\u0131s\u0131 bu yax\u0131nlarda Xocav\u0259ndin Edilli k\u0259ndind\u0259 bel\u0259 bir k\u00fctl\u0259vi m\u0259zarl\u0131\u011f\u0131n m\u00fc\u0259yy\u0259n olundu\u011funu, qaz\u0131nt\u0131 i\u015fl\u0259ri apararaq orada basd\u0131r\u0131lm\u0131\u015f \u015f\u0259xsl\u0259rin qal\u0131qlar\u0131n\u0131n a\u015fkara \u00e7\u0131xar\u0131ld\u0131\u011f\u0131n\u0131 v\u0259 bu qal\u0131qlar\u0131n DNT analiz t\u0259yinatl\u0131 laborator m\u00fcayin\u0259l\u0259r\u0259 t\u0259qdim edildiyini diqq\u0259t\u0259 \u00e7atd\u0131r\u0131b.\u00a0<\/p>\n\n\n\n<p>Prezident \u0130lham \u018fliyev itkin d\u00fc\u015fm\u00fc\u015f \u015f\u0259xsl\u0259r m\u0259s\u0259l\u0259sinin daim d\u00f6vl\u0259tin g\u00fcnd\u0259liyind\u0259 oldu\u011funu, bunun Avropa \u0130ttifaq\u0131 v\u0259 dig\u0259r beyn\u0259lxalq t\u0259sisatlarla da m\u00fczakir\u0259 edildiyini vur\u011fulay\u0131b.<\/p>\n","protected":false},"excerpt":{"rendered":"<p>Prezident \u0130lham \u018fliyev bu yax\u0131nlarda Xocav\u0259ndin Edilli k\u0259ndind\u0259 m\u00fc\u0259yy\u0259n olunan k\u00fctl\u0259vi m\u0259zarl\u0131qdan dan\u0131\u015f\u0131b. D\u00f6vl\u0259t ba\u015f\u00e7\u0131s\u0131&#8230;<\/p>\n","protected":false},"author":3,"featured_media":15756,"comment_status":"closed","ping_status":"closed","sticky":false,"template":"","format":"standard","meta":{"footnotes":""},"categories":[6],"tags":[],"class_list":["post-15755","post","type-post","status-publish","format-standard","has-post-thumbnail","hentry","category-cmiyyt"],"featured_image_urls":{"full":["https:\/\/veteran.az\/wp-content\/uploads\/2022\/04\/photo_511854.jpg",750,467,false],"thumbnail":["https:\/\/veteran.az\/wp-content\/uploads\/2022\/04\/photo_511854-150x150.jpg",150,150,true],"medium":["https:\/\/veteran.az\/wp-content\/uploads\/2022\/04\/photo_511854-300x187.jpg",300,187,true],"medium_large":["https:\/\/veteran.az\/wp-content\/uploads\/2022\/04\/photo_511854.jpg",640,399,false],"large":["https:\/\/veteran.az\/wp-content\/uploads\/2022\/04\/photo_511854.jpg",640,399,false],"1536x1536":["https:\/\/veteran.az\/wp-content\/uploads\/2022\/04\/photo_511854.jpg",750,467,false],"2048x2048":["https:\/\/veteran.az\/wp-content\/uploads\/2022\/04\/photo_511854.jpg",750,467,false],"covernews-slider-full":["https:\/\/veteran.az\/wp-content\/uploads\/2022\/04\/photo_511854.jpg",750,467,false],"covernews-slider-center":["https:\/\/veteran.az\/wp-content\/uploads\/2022\/04\/photo_511854.jpg",750,467,false],"covernews-featured":["https:\/\/veteran.az\/wp-content\/uploads\/2022\/04\/photo_511854.jpg",750,467,false],"covernews-medium":["https:\/\/veteran.az\/wp-content\/uploads\/2022\/04\/photo_511854-720x380.jpg",540,285,true],"covernews-medium-square":["https:\/\/veteran.az\/wp-content\/uploads\/2022\/04\/photo_511854-675x450.jpg",375,250,true]},"author_info":{"display_name":"Veteran.az","author_link":"https:\/\/veteran.az\/?author=3"},"category_info":"<a href=\"https:\/\/veteran.az\/?cat=6\" rel=\"category\">C\u0259miyy\u0259t<\/a>","tag_info":"C\u0259miyy\u0259t","comment_count":"0","_links":{"self":[{"href":"https:\/\/veteran.az\/index.php?rest_route=\/wp\/v2\/posts\/15755","targetHints":{"allow":["GET"]}}],"collection":[{"href":"https:\/\/veteran.az\/index.php?rest_route=\/wp\/v2\/posts"}],"about":[{"href":"https:\/\/veteran.az\/index.php?rest_route=\/wp\/v2\/types\/post"}],"author":[{"embeddable":true,"href":"https:\/\/veteran.az\/index.php?rest_route=\/wp\/v2\/users\/3"}],"replies":[{"embeddable":true,"href":"https:\/\/veteran.az\/index.php?rest_route=%2Fwp%2Fv2%2Fcomments&post=15755"}],"version-history":[{"count":1,"href":"https:\/\/veteran.az\/index.php?rest_route=\/wp\/v2\/posts\/15755\/revisions"}],"predecessor-version":[{"id":15757,"href":"https:\/\/veteran.az\/index.php?rest_route=\/wp\/v2\/posts\/15755\/revisions\/15757"}],"wp:featuredmedia":[{"embeddable":true,"href":"https:\/\/veteran.az\/index.php?rest_route=\/wp\/v2\/media\/15756"}],"wp:attachment":[{"href":"https:\/\/veteran.az\/index.php?rest_route=%2Fwp%2Fv2%2Fmedia&parent=15755"}],"wp:term":[{"taxonomy":"category","embeddable":true,"href":"https:\/\/veteran.az\/index.php?rest_route=%2Fwp%2Fv2%2Fcategories&post=15755"},{"taxonomy":"post_tag","embeddable":true,"href":"https:\/\/veteran.az\/index.php?rest_route=%2Fwp%2Fv2%2Ftags&post=15755"}],"curies":[{"name":"wp","href":"https:\/\/api.w.org\/{rel}","templated":true}]}}