{"id":15685,"date":"2022-03-31T11:34:51","date_gmt":"2022-03-31T07:34:51","guid":{"rendered":"http:\/\/veteran.az\/?p=15685"},"modified":"2022-03-31T11:34:52","modified_gmt":"2022-03-31T07:34:52","slug":"hikm%c9%99t-haciyev-armen-qriqoryanla-gorusub","status":"publish","type":"post","link":"https:\/\/veteran.az\/?p=15685","title":{"rendered":"Hikm\u0259t Hac\u0131yev Armen Qriqoryanla g\u00f6r\u00fc\u015f\u00fcb"},"content":{"rendered":"\n<p><strong>Bu g\u00fcn Br\u00fcsseld\u0259 Az\u0259rbaycan Respublikas\u0131 Prezidentinin k\u00f6m\u0259k\u00e7isi &#8212; Az\u0259rbaycan Respublikas\u0131 Prezidentinin Administrasiyas\u0131n\u0131n Xarici siyas\u0259t m\u0259s\u0259l\u0259l\u0259ri \u015f\u00f6b\u0259sinin m\u00fcdiri Hikm\u0259t Hac\u0131yev v\u0259 Erm\u0259nistan Respublikas\u0131 T\u0259hl\u00fck\u0259sizlik \u015euras\u0131n\u0131n katibi Armen Qriqoryan aras\u0131nda g\u00f6r\u00fc\u015f ke\u00e7irilib.<\/strong><\/p>\n\n\n\n<p>Veteran.az APA-ya istinad\u0259n x\u0259b\u0259r verir ki, bu bar\u0259d\u0259 Avropa \u0130ttifaq\u0131n\u0131n Xarici Siyas\u0259t Xidm\u0259ti m\u0259lumat yay\u0131b. G\u00f6r\u00fc\u015f\u00fc Avropa \u0130ttifaq\u0131n\u0131n C\u0259nubi Qafqaz \u00fczr\u0259 x\u00fcsusi n\u00fcmay\u0259nd\u0259si Toivo Klaar t\u0259\u015fkil edib.<\/p>\n\n\n\n<p>Bildirilib ki, g\u00f6r\u00fc\u015fd\u0259 Az\u0259rbaycan v\u0259 Erm\u0259nistan aras\u0131nda bir s\u0131ra m\u0259s\u0259l\u0259l\u0259rin h\u0259lli yollar\u0131n\u0131 tapmaq istiqam\u0259tind\u0259 birg\u0259 s\u0259yl\u0259ri inki\u015faf etdirm\u0259k \u0259sas m\u0259qs\u0259d olub: &#171;X\u00fcsusil\u0259, Avropa \u0130ttifaq\u0131 \u015euras\u0131n\u0131n Prezidenti \u015earl Mi\u015fel, Az\u0259rbaycan Respublikas\u0131n\u0131n Prezidenti \u0130lham \u018fliyev v\u0259 Erm\u0259nistan Respublikas\u0131n\u0131n Ba\u015f naziri Nikol Pa\u015finyan aras\u0131nda 2022-ci il aprelin 6-da Br\u00fcsseld\u0259 ke\u00e7iril\u0259c\u0259k g\u00f6r\u00fc\u015f\u0259 haz\u0131rl\u0131qla ba\u011fl\u0131 m\u00fczakir\u0259l\u0259r apar\u0131l\u0131b.<\/p>\n\n\n\n<p>C\u0259nab Hac\u0131yev v\u0259 Qriqoryan aras\u0131nda ayr\u0131ca ikit\u0259r\u0259fli s\u00f6hb\u0259tin d\u0259 daxil oldu\u011fu substantiv m\u00fczakir\u0259l\u0259r zaman\u0131 i\u015ftirak\u00e7\u0131lar 2021-ci il dekabr\u0131n 14-d\u0259 Br\u00fcsseld\u0259 liderl\u0259rin g\u00f6r\u00fc\u015f\u00fc zaman\u0131 \u0259ld\u0259 olunmu\u015f anla\u015fmalar\u0131n davam\u0131 olaraq Erm\u0259nistan v\u0259 Az\u0259rbaycan aras\u0131nda siyasi v\u0259 t\u0259hl\u00fck\u0259sizlik v\u0259ziyy\u0259ti v\u0259 b\u00fct\u00fcn m\u0259s\u0259l\u0259l\u0259rin spektrini n\u0259z\u0259rd\u0259n ke\u00e7iribl\u0259r&#187;.<\/p>\n\n\n\n<p>R\u0259smil\u0259r n\u00f6vb\u0259ti h\u0259ft\u0259l\u0259rd\u0259 yenid\u0259n g\u00f6r\u00fc\u015fm\u0259k bar\u0259d\u0259 raz\u0131l\u0131\u011fa g\u0259libl\u0259r.<br>&#171;Erm\u0259nistan v\u0259 Az\u0259rbaycan, h\u0259m\u00e7inin, t\u0259r\u0259fl\u0259r aras\u0131nda s\u00fclh sazi\u015finin perspektivl\u0259ri il\u0259 ba\u011fl\u0131 m\u0259s\u0259l\u0259l\u0259ri d\u0259 m\u00fczakir\u0259 ed\u0259c\u0259kl\u0259r. Avropa \u0130ttifaq\u0131 C\u0259nubi Qafqazda davaml\u0131 s\u00fclh v\u0259 sabitlik istiqam\u0259tind\u0259 f\u0259aliyy\u0259tini davam etdirm\u0259y\u0259 sadiqdir\u201d, &#8212; qeyd olunub.<\/p>\n","protected":false},"excerpt":{"rendered":"<p>Bu g\u00fcn Br\u00fcsseld\u0259 Az\u0259rbaycan Respublikas\u0131 Prezidentinin k\u00f6m\u0259k\u00e7isi &#8212; Az\u0259rbaycan Respublikas\u0131 Prezidentinin Administrasiyas\u0131n\u0131n Xarici siyas\u0259t m\u0259s\u0259l\u0259l\u0259ri&#8230;<\/p>\n","protected":false},"author":3,"featured_media":15686,"comment_status":"closed","ping_status":"closed","sticky":false,"template":"","format":"standard","meta":{"footnotes":""},"categories":[6],"tags":[],"class_list":["post-15685","post","type-post","status-publish","format-standard","has-post-thumbnail","hentry","category-cmiyyt"],"featured_image_urls":{"full":["https:\/\/veteran.az\/wp-content\/uploads\/2022\/03\/hikmethaciyev.jpg",452,305,false],"thumbnail":["https:\/\/veteran.az\/wp-content\/uploads\/2022\/03\/hikmethaciyev-150x150.jpg",150,150,true],"medium":["https:\/\/veteran.az\/wp-content\/uploads\/2022\/03\/hikmethaciyev-300x202.jpg",300,202,true],"medium_large":["https:\/\/veteran.az\/wp-content\/uploads\/2022\/03\/hikmethaciyev.jpg",452,305,false],"large":["https:\/\/veteran.az\/wp-content\/uploads\/2022\/03\/hikmethaciyev.jpg",452,305,false],"1536x1536":["https:\/\/veteran.az\/wp-content\/uploads\/2022\/03\/hikmethaciyev.jpg",452,305,false],"2048x2048":["https:\/\/veteran.az\/wp-content\/uploads\/2022\/03\/hikmethaciyev.jpg",452,305,false],"covernews-slider-full":["https:\/\/veteran.az\/wp-content\/uploads\/2022\/03\/hikmethaciyev.jpg",452,305,false],"covernews-slider-center":["https:\/\/veteran.az\/wp-content\/uploads\/2022\/03\/hikmethaciyev.jpg",452,305,false],"covernews-featured":["https:\/\/veteran.az\/wp-content\/uploads\/2022\/03\/hikmethaciyev.jpg",452,305,false],"covernews-medium":["https:\/\/veteran.az\/wp-content\/uploads\/2022\/03\/hikmethaciyev.jpg",452,305,false],"covernews-medium-square":["https:\/\/veteran.az\/wp-content\/uploads\/2022\/03\/hikmethaciyev.jpg",370,250,false]},"author_info":{"display_name":"Veteran.az","author_link":"https:\/\/veteran.az\/?author=3"},"category_info":"<a href=\"https:\/\/veteran.az\/?cat=6\" rel=\"category\">C\u0259miyy\u0259t<\/a>","tag_info":"C\u0259miyy\u0259t","comment_count":"0","_links":{"self":[{"href":"https:\/\/veteran.az\/index.php?rest_route=\/wp\/v2\/posts\/15685","targetHints":{"allow":["GET"]}}],"collection":[{"href":"https:\/\/veteran.az\/index.php?rest_route=\/wp\/v2\/posts"}],"about":[{"href":"https:\/\/veteran.az\/index.php?rest_route=\/wp\/v2\/types\/post"}],"author":[{"embeddable":true,"href":"https:\/\/veteran.az\/index.php?rest_route=\/wp\/v2\/users\/3"}],"replies":[{"embeddable":true,"href":"https:\/\/veteran.az\/index.php?rest_route=%2Fwp%2Fv2%2Fcomments&post=15685"}],"version-history":[{"count":1,"href":"https:\/\/veteran.az\/index.php?rest_route=\/wp\/v2\/posts\/15685\/revisions"}],"predecessor-version":[{"id":15687,"href":"https:\/\/veteran.az\/index.php?rest_route=\/wp\/v2\/posts\/15685\/revisions\/15687"}],"wp:featuredmedia":[{"embeddable":true,"href":"https:\/\/veteran.az\/index.php?rest_route=\/wp\/v2\/media\/15686"}],"wp:attachment":[{"href":"https:\/\/veteran.az\/index.php?rest_route=%2Fwp%2Fv2%2Fmedia&parent=15685"}],"wp:term":[{"taxonomy":"category","embeddable":true,"href":"https:\/\/veteran.az\/index.php?rest_route=%2Fwp%2Fv2%2Fcategories&post=15685"},{"taxonomy":"post_tag","embeddable":true,"href":"https:\/\/veteran.az\/index.php?rest_route=%2Fwp%2Fv2%2Ftags&post=15685"}],"curies":[{"name":"wp","href":"https:\/\/api.w.org\/{rel}","templated":true}]}}