{"id":15682,"date":"2022-03-31T11:28:31","date_gmt":"2022-03-31T07:28:31","guid":{"rendered":"http:\/\/veteran.az\/?p=15682"},"modified":"2022-03-31T11:28:32","modified_gmt":"2022-03-31T07:28:32","slug":"iki-h%c9%99ft%c9%99-onc%c9%99-s%c9%99kil-s%c9%99kdirdiyim-bu-yerd%c9%99-indi-az%c9%99rbaycan-ordusu-dayanib-a-xacikyan","status":"publish","type":"post","link":"https:\/\/veteran.az\/?p=15682","title":{"rendered":"\u201c\u0130ki h\u0259ft\u0259 \u00f6nc\u0259 \u015f\u0259kil \u015f\u0259kdirdiyim bu yerd\u0259 indi Az\u0259rbaycan ordusu dayan\u0131b\u2026\u201c-A.Xa\u00e7ikyan"},"content":{"rendered":"\n<p><strong>\u201cBu halda\u00a0\u00a0Xank\u0259ndi-A\u011fd\u0259r\u0259 yolu\u00a0ba\u011flanaraq \u201c\u2026\u201dArtsax\u201d\u00a0 iki yer\u0259 b\u00f6l\u00fcns\u0259, ciddi t\u0259hl\u00fck\u0259 yaranacaq\u201d\u2026<\/strong><\/p>\n\n\n\n<p>Erm\u0259ni jurnalist Armen Xa\u00e7ikyan Xocal\u0131 rayonunun F\u0259rrux k\u0259ndi yax\u0131nl\u0131\u011f\u0131nda olub, real v\u0259ziyy\u0259ti \u00f6yr\u0259nib v\u0259 Az\u0259rbaycan ordusunun \u0259raziy\u0259 tam n\u0259zar\u0259t etdiyini bildirib.<\/p>\n\n\n\n<p><strong>Moderator.az<\/strong>\u00a0x\u0259b\u0259r verir ki, A.Xa\u00e7ikyan\u0131n qeydl\u0259rini \u201cHraparak\u201d n\u0259\u015fri t\u0259qdim edib.\u201cAz\u0259rbaycan q\u00fcvv\u0259l\u0259ri Karaglux(Da\u015fba\u015f\u0131-S.L.) y\u00fcks\u0259kliyind\u0259 yerl\u0259\u015fir v\u0259\u00a0onlar xeyli g\u00fccl\u0259nib. Rusiyan\u0131n s\u00fclhm\u0259raml\u0131 q\u00fcvv\u0259l\u0259ri F\u0259rrux k\u0259ndin\u0259 n\u0259zar\u0259t edir, lakin k\u0259nd Az\u0259rbaycan b\u00f6lm\u0259l\u0259ri t\u0259r\u0259find\u0259n m\u00fchasir\u0259y\u0259 al\u0131n\u0131b\u201d -dey\u0259 erm\u0259ni jurnalist yaz\u0131r.<\/p>\n\n\n\n<p>A.Xa\u00e7ikyan \u0259lav\u0259 edir ki, F\u0259rruxda erm\u0259ni birl\u0259\u015fm\u0259l\u0259ri yoxdur v\u0259 sakinl\u0259r k\u0259nd\u0259 qay\u0131da bilmir. O etiraf edir ki, Az\u0259rbaycan ordusu\u00a0n\u0259inki Qaraba\u011f \u0259razisind\u0259ki F\u0259rrux yaylas\u0131n\u0131n bu istiqam\u0259tini\u00a0n\u0259zar\u0259td\u0259 saxlamaqda davam edir, h\u0259m d\u0259 Pirl\u0259r, S\u0259rdark\u0259nd v\u0259 Xanabad istiqam\u0259tl\u0259rind\u0259 ir\u0259lil\u0259yir.\u00a0 El\u0259c\u0259 d\u0259 Da\u015fba\u015f\u0131dak\u0131 m\u00f6vqel\u0259ri m\u00f6hk\u0259ml\u0259ndikc\u0259 bu k\u0259ndl\u0259rin birba\u015fa g\u00f6r\u00fcn\u00fc\u015f\u00fcn\u00fc t\u0259min etm\u0259y\u0259 \u00e7al\u0131\u015f\u0131r. \u00a0Bu g\u00fcn\u0259 q\u0259d\u0259r traktorlar art\u0131q y\u00fcks\u0259kliy\u0259\u00a0yol a\u00e7\u0131blar ki, bu da texnikan\u0131n h\u0259r\u0259k\u0259tini v\u0259 t\u0259chizat prosesini t\u0259min edir\u2026<\/p>\n\n\n\n<p>Erm\u0259ni yazar h\u0259y\u0259canla bundan sonra Qaraba\u011fdak\u0131 separat\u00e7\u0131lar\u0131 g\u00f6zl\u0259y\u0259n dig\u0259r t\u0259hl\u00fck\u0259l\u0259rd\u0259n d\u0259 b\u0259hs edir. A.Xa\u00e7ikyan bildirir ki, Az\u0259rbaycan ordusu\u00a0 A\u011fdam rayonunun\u00a0separat\u00e7\u0131 rejimin n\u0259zar\u0259tind\u0259 qalm\u0131\u015f \u201cNor Seysulan\u201d adlanan\u00a0 Yeni Qaralar k\u0259ndi(S\u0131rxav\u0259nd inzibati \u0259razisi) istiqam\u0259tind\u0259 Xa\u00e7\u0131n k\u00f6rp\u00fcs\u00fcn\u0259 do\u011fru ir\u0259lil\u0259y\u0259 bil\u0259r.\u00a0\u00a0V\u0259 bu halda\u00a0\u00a0Xank\u0259ndi-A\u011fd\u0259r\u0259 yolun\u00a0ba\u011flanaraq\u00a0\u201cArtsax\u201d\u00a0 iki yer\u0259 b\u00f6l\u00fcns\u0259, \u00a0ciddi t\u0259hl\u00fck\u0259 yaranacaq\u201d\u2026<\/p>\n\n\n\n<p>Sonda A.Xa\u00e7ikyan iki h\u0259ft\u0259 \u00f6nc\u0259 Da\u015fba\u015f\u0131 y\u00fcks\u0259kliyind\u0259 \u00e7\u0259kdirdiyi fotosunu t\u0259qdim ed\u0259r\u0259k haz\u0131rda h\u0259min yerd\u0259 Az\u0259rbaycan ordusunun dayand\u0131\u011f\u0131n\u0131 etiraf edir\u2026<\/p>\n\n\n\n<p><strong>Sultan La\u00e7\u0131n<\/strong><\/p>\n","protected":false},"excerpt":{"rendered":"<p>\u201cBu halda\u00a0\u00a0Xank\u0259ndi-A\u011fd\u0259r\u0259 yolu\u00a0ba\u011flanaraq \u201c\u2026\u201dArtsax\u201d\u00a0 iki yer\u0259 b\u00f6l\u00fcns\u0259, ciddi t\u0259hl\u00fck\u0259 yaranacaq\u201d\u2026 Erm\u0259ni jurnalist Armen Xa\u00e7ikyan Xocal\u0131&#8230;<\/p>\n","protected":false},"author":3,"featured_media":15683,"comment_status":"closed","ping_status":"closed","sticky":false,"template":"","format":"standard","meta":{"footnotes":""},"categories":[9],"tags":[],"class_list":["post-15682","post","type-post","status-publish","format-standard","has-post-thumbnail","hentry","category-sq"],"featured_image_urls":{"full":["https:\/\/veteran.az\/wp-content\/uploads\/2022\/03\/seventimes_9d0f9b90fa4f76a55c9491ee7b2a7fd9_vf81p5brw92hxmqg7l0i-670x403-1.jpg",670,403,false],"thumbnail":["https:\/\/veteran.az\/wp-content\/uploads\/2022\/03\/seventimes_9d0f9b90fa4f76a55c9491ee7b2a7fd9_vf81p5brw92hxmqg7l0i-670x403-1-150x150.jpg",150,150,true],"medium":["https:\/\/veteran.az\/wp-content\/uploads\/2022\/03\/seventimes_9d0f9b90fa4f76a55c9491ee7b2a7fd9_vf81p5brw92hxmqg7l0i-670x403-1-300x180.jpg",300,180,true],"medium_large":["https:\/\/veteran.az\/wp-content\/uploads\/2022\/03\/seventimes_9d0f9b90fa4f76a55c9491ee7b2a7fd9_vf81p5brw92hxmqg7l0i-670x403-1.jpg",640,385,false],"large":["https:\/\/veteran.az\/wp-content\/uploads\/2022\/03\/seventimes_9d0f9b90fa4f76a55c9491ee7b2a7fd9_vf81p5brw92hxmqg7l0i-670x403-1.jpg",640,385,false],"1536x1536":["https:\/\/veteran.az\/wp-content\/uploads\/2022\/03\/seventimes_9d0f9b90fa4f76a55c9491ee7b2a7fd9_vf81p5brw92hxmqg7l0i-670x403-1.jpg",670,403,false],"2048x2048":["https:\/\/veteran.az\/wp-content\/uploads\/2022\/03\/seventimes_9d0f9b90fa4f76a55c9491ee7b2a7fd9_vf81p5brw92hxmqg7l0i-670x403-1.jpg",670,403,false],"covernews-slider-full":["https:\/\/veteran.az\/wp-content\/uploads\/2022\/03\/seventimes_9d0f9b90fa4f76a55c9491ee7b2a7fd9_vf81p5brw92hxmqg7l0i-670x403-1.jpg",670,403,false],"covernews-slider-center":["https:\/\/veteran.az\/wp-content\/uploads\/2022\/03\/seventimes_9d0f9b90fa4f76a55c9491ee7b2a7fd9_vf81p5brw92hxmqg7l0i-670x403-1.jpg",670,403,false],"covernews-featured":["https:\/\/veteran.az\/wp-content\/uploads\/2022\/03\/seventimes_9d0f9b90fa4f76a55c9491ee7b2a7fd9_vf81p5brw92hxmqg7l0i-670x403-1.jpg",670,403,false],"covernews-medium":["https:\/\/veteran.az\/wp-content\/uploads\/2022\/03\/seventimes_9d0f9b90fa4f76a55c9491ee7b2a7fd9_vf81p5brw92hxmqg7l0i-670x403-1-670x380.jpg",540,306,true],"covernews-medium-square":["https:\/\/veteran.az\/wp-content\/uploads\/2022\/03\/seventimes_9d0f9b90fa4f76a55c9491ee7b2a7fd9_vf81p5brw92hxmqg7l0i-670x403-1.jpg",400,241,false]},"author_info":{"display_name":"Veteran.az","author_link":"https:\/\/veteran.az\/?author=3"},"category_info":"<a href=\"https:\/\/veteran.az\/?cat=9\" rel=\"category\">Silahl\u0131 Q\u00fcvv\u0259l\u0259r<\/a>","tag_info":"Silahl\u0131 Q\u00fcvv\u0259l\u0259r","comment_count":"0","_links":{"self":[{"href":"https:\/\/veteran.az\/index.php?rest_route=\/wp\/v2\/posts\/15682","targetHints":{"allow":["GET"]}}],"collection":[{"href":"https:\/\/veteran.az\/index.php?rest_route=\/wp\/v2\/posts"}],"about":[{"href":"https:\/\/veteran.az\/index.php?rest_route=\/wp\/v2\/types\/post"}],"author":[{"embeddable":true,"href":"https:\/\/veteran.az\/index.php?rest_route=\/wp\/v2\/users\/3"}],"replies":[{"embeddable":true,"href":"https:\/\/veteran.az\/index.php?rest_route=%2Fwp%2Fv2%2Fcomments&post=15682"}],"version-history":[{"count":1,"href":"https:\/\/veteran.az\/index.php?rest_route=\/wp\/v2\/posts\/15682\/revisions"}],"predecessor-version":[{"id":15684,"href":"https:\/\/veteran.az\/index.php?rest_route=\/wp\/v2\/posts\/15682\/revisions\/15684"}],"wp:featuredmedia":[{"embeddable":true,"href":"https:\/\/veteran.az\/index.php?rest_route=\/wp\/v2\/media\/15683"}],"wp:attachment":[{"href":"https:\/\/veteran.az\/index.php?rest_route=%2Fwp%2Fv2%2Fmedia&parent=15682"}],"wp:term":[{"taxonomy":"category","embeddable":true,"href":"https:\/\/veteran.az\/index.php?rest_route=%2Fwp%2Fv2%2Fcategories&post=15682"},{"taxonomy":"post_tag","embeddable":true,"href":"https:\/\/veteran.az\/index.php?rest_route=%2Fwp%2Fv2%2Ftags&post=15682"}],"curies":[{"name":"wp","href":"https:\/\/api.w.org\/{rel}","templated":true}]}}