{"id":15673,"date":"2022-03-30T11:53:02","date_gmt":"2022-03-30T07:53:02","guid":{"rendered":"http:\/\/veteran.az\/?p=15673"},"modified":"2022-03-30T11:53:03","modified_gmt":"2022-03-30T07:53:03","slug":"%c9%99g%c9%99r-birl%c9%99sm%c9%99s%c9%99k-qarabag-%c9%99ld%c9%99n-ged%c9%99c%c9%99k-erm%c9%99ni-deputat-ir%c9%99vana-s%c9%99sl%c9%99ndi","status":"publish","type":"post","link":"https:\/\/veteran.az\/?p=15673","title":{"rendered":"\u201c\u018fg\u0259r birl\u0259\u015fm\u0259s\u0259k Qaraba\u011f \u0259ld\u0259n ged\u0259c\u0259k \u201d \u2013 Erm\u0259ni deputat \u0130r\u0259vana s\u0259sl\u0259ndi"},"content":{"rendered":"\n<p>\u201cOlmayacaq dediyimiz i\u015fl\u0259r ba\u015f verir. Deyirdil\u0259r F\u0259rrux da\u011f\u0131 bizd\u0259dir. Art\u0131q o da yoxdur\u201d.<\/p>\n\n\n\n<p> Alp.az x\u0259b\u0259r verir ki, bunu erm\u0259ni parlamentinin deputat\u0131\u00a0 Taquhi Tovmasyan a\u00e7\u0131qlamas\u0131nda bildirib.<\/p>\n\n\n\n<p><br>Milli M\u0259clisin \u201cM\u0259nim namusum var\u201d fraksiyas\u0131n\u0131n deputat\u0131 Taquhi Tovmasyan Facebook s\u0259hif\u0259sind\u0259 yaz\u0131b.<\/p>\n\n\n\n<p>\u201cMart\u0131n 24-d\u0259n m\u0259n Qaraba\u011fdayam. \u0130nsanlar\u0131n simas\u0131nda bir \u00fcmidsizlik var. Bu \u00e7ar\u0259sizliyin, \u00fcmidsizliyidir. Erm\u0259nil\u0259r bu \u00fcmidsizlikd\u0259n qopmaq \u00fc\u00e7\u00fcn Qaraba\u011fdan qa\u00e7\u0131r. \u0130nsanlar aras\u0131nda birlik yoxdur. \u018fg\u0259r birl\u0259\u015fm\u0259s\u0259k Qaraba\u011f tamamil\u0259 \u0259ld\u0259n ged\u0259c\u0259k. Maddi v\u0259ziyy\u0259t Qaraba\u011fda olduqca a\u011f\u0131rd\u0131r. \u00c7oxlar\u0131 i\u015f \u00fc\u00e7\u00fcn \u0130r\u0259vana v\u0259 Rusiyaya \u00fcz tutub. Araik Aruthunyan v\u0259 komandas\u0131n\u0131n yar\u0131tmaz idar\u0259\u00e7iliyi say\u0259sind\u0259 Xank\u0259ndi h\u0259r g\u00fcn bo\u015fal\u0131r. <\/p>\n\n\n\n<p>\u0130r\u0259van yard\u0131m etm\u0259s\u0259 bu Qaraba\u011f \u00fc\u00e7\u00fcn sonuncu \u015fans\u0131n qa\u00e7\u0131r\u0131lmas\u0131 olacaq\u201d \u2013 dey\u0259 Taquhi Tovmasyan\u00a0 bildirib.<\/p>\n","protected":false},"excerpt":{"rendered":"<p>\u201cOlmayacaq dediyimiz i\u015fl\u0259r ba\u015f verir. Deyirdil\u0259r F\u0259rrux da\u011f\u0131 bizd\u0259dir. Art\u0131q o da yoxdur\u201d. Alp.az x\u0259b\u0259r&#8230;<\/p>\n","protected":false},"author":3,"featured_media":0,"comment_status":"closed","ping_status":"closed","sticky":false,"template":"","format":"standard","meta":{"footnotes":""},"categories":[9],"tags":[],"class_list":["post-15673","post","type-post","status-publish","format-standard","hentry","category-sq"],"featured_image_urls":{"full":"","thumbnail":"","medium":"","medium_large":"","large":"","1536x1536":"","2048x2048":"","covernews-slider-full":"","covernews-slider-center":"","covernews-featured":"","covernews-medium":"","covernews-medium-square":""},"author_info":{"display_name":"Veteran.az","author_link":"https:\/\/veteran.az\/?author=3"},"category_info":"<a href=\"https:\/\/veteran.az\/?cat=9\" rel=\"category\">Silahl\u0131 Q\u00fcvv\u0259l\u0259r<\/a>","tag_info":"Silahl\u0131 Q\u00fcvv\u0259l\u0259r","comment_count":"0","_links":{"self":[{"href":"https:\/\/veteran.az\/index.php?rest_route=\/wp\/v2\/posts\/15673","targetHints":{"allow":["GET"]}}],"collection":[{"href":"https:\/\/veteran.az\/index.php?rest_route=\/wp\/v2\/posts"}],"about":[{"href":"https:\/\/veteran.az\/index.php?rest_route=\/wp\/v2\/types\/post"}],"author":[{"embeddable":true,"href":"https:\/\/veteran.az\/index.php?rest_route=\/wp\/v2\/users\/3"}],"replies":[{"embeddable":true,"href":"https:\/\/veteran.az\/index.php?rest_route=%2Fwp%2Fv2%2Fcomments&post=15673"}],"version-history":[{"count":1,"href":"https:\/\/veteran.az\/index.php?rest_route=\/wp\/v2\/posts\/15673\/revisions"}],"predecessor-version":[{"id":15675,"href":"https:\/\/veteran.az\/index.php?rest_route=\/wp\/v2\/posts\/15673\/revisions\/15675"}],"wp:attachment":[{"href":"https:\/\/veteran.az\/index.php?rest_route=%2Fwp%2Fv2%2Fmedia&parent=15673"}],"wp:term":[{"taxonomy":"category","embeddable":true,"href":"https:\/\/veteran.az\/index.php?rest_route=%2Fwp%2Fv2%2Fcategories&post=15673"},{"taxonomy":"post_tag","embeddable":true,"href":"https:\/\/veteran.az\/index.php?rest_route=%2Fwp%2Fv2%2Ftags&post=15673"}],"curies":[{"name":"wp","href":"https:\/\/api.w.org\/{rel}","templated":true}]}}