{"id":15663,"date":"2022-03-30T04:23:32","date_gmt":"2022-03-30T00:23:32","guid":{"rendered":"http:\/\/veteran.az\/?p=15663"},"modified":"2022-03-30T04:23:32","modified_gmt":"2022-03-30T00:23:32","slug":"f%c9%99rruxda-tapilan-qaliqlar-birinci-qarabag-muharib%c9%99sind%c9%99ki-s%c9%99hidl%c9%99r%c9%99-aiddir","status":"publish","type":"post","link":"https:\/\/veteran.az\/?p=15663","title":{"rendered":"F\u0259rruxda tap\u0131lan qal\u0131qlar Birinci Qaraba\u011f M\u00fcharib\u0259sind\u0259ki \u015f\u0259hidl\u0259r\u0259 aiddir"},"content":{"rendered":"\n<p><strong>Az\u0259rbaycan Ordusunun h\u0259rb\u00e7il\u0259ri F\u0259rrux k\u0259ndi \u0259razisind\u0259ki m\u00f6vqel\u0259rd\u0259 qaz\u0131nt\u0131 i\u015fl\u0259ri aparark\u0259n insan qal\u0131qlar\u0131 a\u015fkar edib.<\/strong><\/p>\n\n\n\n<p>A\u015fkarlanan qal\u0131qlar\u0131n Birinci Qaraba\u011f m\u00fcharib\u0259sind\u0259 F\u0259rrux y\u00fcks\u0259kliyi v\u0259 eyniadl\u0131 k\u0259nd u\u011frunda ged\u0259n d\u00f6y\u00fc\u015fl\u0259rd\u0259 \u015f\u0259hid olmu\u015f \u015f\u0259xs v\u0259 ya \u015f\u0259xsl\u0259r\u0259 aid oldu\u011fu bildirilir.<\/p>\n\n\n\n<p>F\u0259rrux k\u0259ndind\u0259 a\u015fkarlanan qal\u0131qlar Birinci Qaraba\u011f M\u00fcharib\u0259sind\u0259 erm\u0259nil\u0259rin t\u00f6r\u0259tdiyi cinay\u0259tl\u0259rin bariz n\u00fcmun\u0259sidir.<\/p>\n\n\n\n<p>Qeyd etm\u0259k yerin\u0259 d\u00fc\u015f\u0259r ki, bu, insan qal\u0131qlar\u0131n\u0131n a\u015fkarland\u0131\u011f\u0131 ilk \u0259razi deyil. Bundan \u0259vv\u0259l K\u0259lb\u0259c\u0259rin Ba\u015fl\u0131bel k\u0259ndind\u0259 erm\u0259ni vandalizminin s\u00fcbutu olan k\u00fctl\u0259vi m\u0259zarl\u0131q a\u015fkarlanm\u0131\u015fd\u0131.<\/p>\n\n\n\n<figure class=\"wp-block-image size-large\"><img loading=\"lazy\" decoding=\"async\" width=\"800\" height=\"601\" src=\"http:\/\/veteran.az\/wp-content\/uploads\/2022\/03\/whatsapp_image_2022_03_29_at_22_51_471648584329.jpg\" alt=\"\" class=\"wp-image-15664\" srcset=\"https:\/\/veteran.az\/wp-content\/uploads\/2022\/03\/whatsapp_image_2022_03_29_at_22_51_471648584329.jpg 800w, https:\/\/veteran.az\/wp-content\/uploads\/2022\/03\/whatsapp_image_2022_03_29_at_22_51_471648584329-300x225.jpg 300w, https:\/\/veteran.az\/wp-content\/uploads\/2022\/03\/whatsapp_image_2022_03_29_at_22_51_471648584329-768x577.jpg 768w\" sizes=\"auto, (max-width: 800px) 100vw, 800px\" \/><\/figure>\n\n\n\n<p>Ba\u015fl\u0131beld\u0259 silahs\u0131z, h\u0259r hans\u0131 m\u00fcqavim\u0259t g\u00f6st\u0259rm\u0259k imkan\u0131na malik olmayan 12 n\u0259f\u0259r (1 n\u0259f\u0259r 12 ya\u015fl\u0131 u\u015faq, 1 n\u0259f\u0259r 16 ya\u015fl\u0131 yeniyetm\u0259, o c\u00fcml\u0259d\u0259n 6 qad\u0131n, 6 ki\u015fi olmaqla) \u2013 63 ya\u015fl\u0131 S\u0259m\u0259dov Yaqub \u0130sa o\u011flu, 54 ya\u015fl\u0131 \u018fhm\u0259dova B\u00fcsat \u018fli\u015f q\u0131z\u0131, 12 ya\u015fl\u0131 \u018fhm\u0259dova Z\u00f6vqiyy\u0259 Binn\u0259t q\u0131z\u0131, 60 ya\u015fl\u0131 \u018fmral\u0131yev M\u0259h\u0259mm\u0259d Ab\u0131\u015f o\u011flu, 29 ya\u015fl\u0131 \u018fmral\u0131yev Surxay M\u0259h\u0259mm\u0259d o\u011flu, 21 ya\u015fl\u0131 \u018fmral\u0131yev \u00c7ingiz M\u0259h\u0259mm\u0259d o\u011flu, 16 ya\u015fl\u0131 \u018fmral\u0131yeva Ayg\u00fcn M\u0259h\u0259mm\u0259d q\u0131z\u0131, 67 ya\u015fl\u0131 H\u0259s\u0259nova \u00c7i\u00e7\u0259k Mikay\u0131l q\u0131z\u0131, 68 ya\u015fl\u0131 C\u0259f\u0259rova G\u00fclara C\u0259f\u0259r q\u0131z\u0131, 95 ya\u015fl\u0131 C\u0259f\u0259rova G\u00fclg\u0259z Q\u0259dim q\u0131z\u0131, 22 ya\u015fl\u0131 Abdullayev V\u00fcqar \u0130sa o\u011flu v\u0259 52 ya\u015fl\u0131 \u018fsg\u0259rov \u018fhliman \u018fv\u0259z o\u011flu s\u0131\u011f\u0131nd\u0131qlar\u0131 yerd\u0259 q\u0259sd\u0259n \u00f6ld\u00fcr\u00fclm\u00fc\u015fd\u00fc.<\/p>\n\n\n\n<p>Bundan ba\u015fqa, \u00f6t\u0259n ay Xocav\u0259ndin Edilli k\u0259ndind\u0259 k\u00fctl\u0259vi m\u0259zarl\u0131q a\u015fkarlan\u0131b.<\/p>\n\n\n\n<figure class=\"wp-block-image size-large\"><img loading=\"lazy\" decoding=\"async\" width=\"768\" height=\"1024\" src=\"http:\/\/veteran.az\/wp-content\/uploads\/2022\/03\/whatsapp_image_2022_03_29_at_22_51_461648584329-768x1024.jpg\" alt=\"\" class=\"wp-image-15666\" srcset=\"https:\/\/veteran.az\/wp-content\/uploads\/2022\/03\/whatsapp_image_2022_03_29_at_22_51_461648584329-768x1024.jpg 768w, https:\/\/veteran.az\/wp-content\/uploads\/2022\/03\/whatsapp_image_2022_03_29_at_22_51_461648584329-225x300.jpg 225w, https:\/\/veteran.az\/wp-content\/uploads\/2022\/03\/whatsapp_image_2022_03_29_at_22_51_461648584329.jpg 800w\" sizes=\"auto, (max-width: 768px) 100vw, 768px\" \/><\/figure>\n\n\n\n<p>Birinci Qaraba\u011f m\u00fcharib\u0259si zaman\u0131 Edilli k\u0259ndind\u0259 erm\u0259nil\u0259r t\u0259r\u0259find\u0259n girovluqda saxlan\u0131lan \u015f\u0259xsl\u0259rin h\u0259min m\u0259zarl\u0131qda d\u0259fn olundu\u011fu bildirilir.<\/p>\n\n\n\n<p>K\u00fctl\u0259vi m\u0259zarl\u0131q Az\u0259rbaycan Respublikas\u0131n\u0131n \u018fsir v\u0259 itkin d\u00fc\u015fm\u00fc\u015f, girov g\u00f6t\u00fcr\u00fclm\u00fc\u015f v\u0259t\u0259nda\u015flarla \u0259laq\u0259dar D\u00f6vl\u0259t Komissiyas\u0131 \u0130\u015f\u00e7i qrupunun toplad\u0131\u011f\u0131 ifad\u0259 v\u0259 materiallar \u0259sas\u0131nda m\u00fc\u0259yy\u0259n edilib.<\/p>\n\n\n\n<p>Birinci Qaraba\u011f M\u00fcharib\u0259sind\u0259 itkin d\u00fc\u015f\u0259n \u015f\u0259xsl\u0259rin taleyi il\u0259 ba\u011fl\u0131 m\u0259s\u0259l\u0259 daim \u00f6lk\u0259 r\u0259hb\u0259rliyinin g\u00fcnd\u0259mind\u0259 olub. Bel\u0259 ki, Prezident \u0130lham \u018fliyev bir \u00e7ox ali k\u00fcrs\u00fcl\u0259rd\u0259 bu m\u0259s\u0259l\u0259ni qald\u0131r\u0131b.<\/p>\n\n\n\n<p>Prezident BMT Ba\u015f Assambleyas\u0131n\u0131n 76-c\u0131 sessiyas\u0131n\u0131n d\u00f6vl\u0259t v\u0259 h\u00f6kum\u0259t ba\u015f\u00e7\u0131lar\u0131 s\u0259viyy\u0259sind\u0259 ke\u00e7iril\u0259n illik \u00fcmumi m\u00fczakir\u0259l\u0259rind\u0259 \u00e7\u0131x\u0131\u015f\u0131 zaman\u0131 bildirib ki, Erm\u0259nistan itkin d\u00fc\u015f\u0259n \u015f\u0259xsl\u0259rin taleyi il\u0259 ba\u011fl\u0131 biz\u0259 m\u0259lumat verm\u0259lidir:<\/p>\n\n\n\n<figure class=\"wp-block-image size-large\"><img loading=\"lazy\" decoding=\"async\" width=\"769\" height=\"1024\" src=\"http:\/\/veteran.az\/wp-content\/uploads\/2022\/03\/whatsapp_image_2022_03_29_at_22_51_46_21648584329-769x1024.jpg\" alt=\"\" class=\"wp-image-15665\" srcset=\"https:\/\/veteran.az\/wp-content\/uploads\/2022\/03\/whatsapp_image_2022_03_29_at_22_51_46_21648584329-769x1024.jpg 769w, https:\/\/veteran.az\/wp-content\/uploads\/2022\/03\/whatsapp_image_2022_03_29_at_22_51_46_21648584329-225x300.jpg 225w, https:\/\/veteran.az\/wp-content\/uploads\/2022\/03\/whatsapp_image_2022_03_29_at_22_51_46_21648584329-768x1022.jpg 768w, https:\/\/veteran.az\/wp-content\/uploads\/2022\/03\/whatsapp_image_2022_03_29_at_22_51_46_21648584329.jpg 800w\" sizes=\"auto, (max-width: 769px) 100vw, 769px\" \/><\/figure>\n\n\n\n<p>\u201cBizd\u0259 olan etibarl\u0131 m\u0259lumatlara \u0259sas\u0259n, onlar\u0131n dem\u0259k olar ki, ham\u0131s\u0131 i\u015fg\u0259nc\u0259l\u0259r\u0259 m\u0259ruz qalaraq q\u0259tl\u0259 yetirilib v\u0259 beyn\u0259lxalq humanitar h\u00fcquqa zidd olaraq Erm\u0259nistan ordusu t\u0259r\u0259find\u0259n k\u00fctl\u0259vi m\u0259zarlarda basd\u0131r\u0131l\u0131b.<\/p>\n\n\n\n<p>Erm\u0259nistan h\u0259rbi cinay\u0259tkarlar\u0131 t\u0259r\u0259find\u0259n q\u0259tl\u0259 yetirilmi\u015f 12 m\u00fclki \u015f\u0259xsin qal\u0131qlar\u0131 2021-ci ilin aprel ay\u0131nda i\u015f\u011faldan azad olunmu\u015f K\u0259lb\u0259c\u0259r rayonunun Ba\u015fl\u0131bel k\u0259ndind\u0259 k\u00fctl\u0259vi m\u0259zarda tap\u0131l\u0131b\u201d.<\/p>\n\n\n\n<p>Fevral\u0131n 4-d\u0259 Fransa Prezidenti Emmanuel Makronun t\u0259\u015f\u0259bb\u00fcs\u00fc il\u0259 Prezidenti \u0130lham \u018fliyevin, Fransan\u0131n Avropa \u0130ttifaq\u0131na s\u0259drliyi qismind\u0259 Prezident Emmanuel Makronun, Avropa \u0130ttifaq\u0131 \u015euras\u0131n\u0131n Prezidenti \u015earl Mi\u015felin v\u0259 Erm\u0259nistan Ba\u015f naziri Nikol Pa\u015finyan\u0131n i\u015ftirak\u0131 il\u0259 videoformatda ke\u00e7iril\u0259n g\u00f6r\u00fc\u015fd\u0259 d\u0259 d\u00f6vl\u0259t ba\u015f\u00e7\u0131s\u0131n\u0131n toxundu\u011fu \u0259sas m\u0259s\u0259l\u0259l\u0259rd\u0259n biri bu olub. Prezident Birinci Qaraba\u011f M\u00fcharib\u0259si zaman\u0131 itkin d\u00fc\u015fm\u00fc\u015f \u015f\u0259xsl\u0259rin taleyi, k\u00fctl\u0259vi m\u0259zarl\u0131qlar\u0131n yerinin m\u00fc\u0259yy\u0259nl\u0259\u015fdirilm\u0259si m\u0259s\u0259l\u0259sin\u0259 diqq\u0259t \u00e7\u0259kib.<\/p>\n\n\n\n<p>M\u0259nb\u0259: Man\u015fet.az<\/p>\n","protected":false},"excerpt":{"rendered":"<p>Az\u0259rbaycan Ordusunun h\u0259rb\u00e7il\u0259ri F\u0259rrux k\u0259ndi \u0259razisind\u0259ki m\u00f6vqel\u0259rd\u0259 qaz\u0131nt\u0131 i\u015fl\u0259ri aparark\u0259n insan qal\u0131qlar\u0131 a\u015fkar edib. A\u015fkarlanan&#8230;<\/p>\n","protected":false},"author":3,"featured_media":15664,"comment_status":"closed","ping_status":"closed","sticky":false,"template":"","format":"standard","meta":{"footnotes":""},"categories":[9],"tags":[],"class_list":["post-15663","post","type-post","status-publish","format-standard","has-post-thumbnail","hentry","category-sq"],"featured_image_urls":{"full":["https:\/\/veteran.az\/wp-content\/uploads\/2022\/03\/whatsapp_image_2022_03_29_at_22_51_471648584329.jpg",800,601,false],"thumbnail":["https:\/\/veteran.az\/wp-content\/uploads\/2022\/03\/whatsapp_image_2022_03_29_at_22_51_471648584329-150x150.jpg",150,150,true],"medium":["https:\/\/veteran.az\/wp-content\/uploads\/2022\/03\/whatsapp_image_2022_03_29_at_22_51_471648584329-300x225.jpg",300,225,true],"medium_large":["https:\/\/veteran.az\/wp-content\/uploads\/2022\/03\/whatsapp_image_2022_03_29_at_22_51_471648584329-768x577.jpg",640,481,true],"large":["https:\/\/veteran.az\/wp-content\/uploads\/2022\/03\/whatsapp_image_2022_03_29_at_22_51_471648584329.jpg",640,481,false],"1536x1536":["https:\/\/veteran.az\/wp-content\/uploads\/2022\/03\/whatsapp_image_2022_03_29_at_22_51_471648584329.jpg",800,601,false],"2048x2048":["https:\/\/veteran.az\/wp-content\/uploads\/2022\/03\/whatsapp_image_2022_03_29_at_22_51_471648584329.jpg",800,601,false],"covernews-slider-full":["https:\/\/veteran.az\/wp-content\/uploads\/2022\/03\/whatsapp_image_2022_03_29_at_22_51_471648584329.jpg",800,601,false],"covernews-slider-center":["https:\/\/veteran.az\/wp-content\/uploads\/2022\/03\/whatsapp_image_2022_03_29_at_22_51_471648584329.jpg",666,500,false],"covernews-featured":["https:\/\/veteran.az\/wp-content\/uploads\/2022\/03\/whatsapp_image_2022_03_29_at_22_51_471648584329.jpg",800,601,false],"covernews-medium":["https:\/\/veteran.az\/wp-content\/uploads\/2022\/03\/whatsapp_image_2022_03_29_at_22_51_471648584329-720x380.jpg",540,285,true],"covernews-medium-square":["https:\/\/veteran.az\/wp-content\/uploads\/2022\/03\/whatsapp_image_2022_03_29_at_22_51_471648584329-675x450.jpg",375,250,true]},"author_info":{"display_name":"Veteran.az","author_link":"https:\/\/veteran.az\/?author=3"},"category_info":"<a href=\"https:\/\/veteran.az\/?cat=9\" rel=\"category\">Silahl\u0131 Q\u00fcvv\u0259l\u0259r<\/a>","tag_info":"Silahl\u0131 Q\u00fcvv\u0259l\u0259r","comment_count":"0","_links":{"self":[{"href":"https:\/\/veteran.az\/index.php?rest_route=\/wp\/v2\/posts\/15663","targetHints":{"allow":["GET"]}}],"collection":[{"href":"https:\/\/veteran.az\/index.php?rest_route=\/wp\/v2\/posts"}],"about":[{"href":"https:\/\/veteran.az\/index.php?rest_route=\/wp\/v2\/types\/post"}],"author":[{"embeddable":true,"href":"https:\/\/veteran.az\/index.php?rest_route=\/wp\/v2\/users\/3"}],"replies":[{"embeddable":true,"href":"https:\/\/veteran.az\/index.php?rest_route=%2Fwp%2Fv2%2Fcomments&post=15663"}],"version-history":[{"count":1,"href":"https:\/\/veteran.az\/index.php?rest_route=\/wp\/v2\/posts\/15663\/revisions"}],"predecessor-version":[{"id":15667,"href":"https:\/\/veteran.az\/index.php?rest_route=\/wp\/v2\/posts\/15663\/revisions\/15667"}],"wp:featuredmedia":[{"embeddable":true,"href":"https:\/\/veteran.az\/index.php?rest_route=\/wp\/v2\/media\/15664"}],"wp:attachment":[{"href":"https:\/\/veteran.az\/index.php?rest_route=%2Fwp%2Fv2%2Fmedia&parent=15663"}],"wp:term":[{"taxonomy":"category","embeddable":true,"href":"https:\/\/veteran.az\/index.php?rest_route=%2Fwp%2Fv2%2Fcategories&post=15663"},{"taxonomy":"post_tag","embeddable":true,"href":"https:\/\/veteran.az\/index.php?rest_route=%2Fwp%2Fv2%2Ftags&post=15663"}],"curies":[{"name":"wp","href":"https:\/\/api.w.org\/{rel}","templated":true}]}}