{"id":15660,"date":"2022-03-30T01:02:50","date_gmt":"2022-03-29T21:02:50","guid":{"rendered":"http:\/\/veteran.az\/?p=15660"},"modified":"2022-03-30T01:02:50","modified_gmt":"2022-03-29T21:02:50","slug":"ilham-%c9%99liyev-gost%c9%99ris-verdi-milli-q%c9%99hr%c9%99manin-ail%c9%99si-bakiya-g%c9%99tirilir","status":"publish","type":"post","link":"https:\/\/veteran.az\/?p=15660","title":{"rendered":"\u0130lham \u018fliyev g\u00f6st\u0259ri\u015f verdi: Milli Q\u0259hr\u0259man\u0131n ail\u0259si Bak\u0131ya g\u0259tirilir"},"content":{"rendered":"\n<p><strong>\u201cBir ne\u00e7\u0259 g\u00fcn \u0259vv\u0259l Ukraynadak\u0131 m\u00fcharib\u0259 b\u00f6lg\u0259sind\u0259n \u00e7\u0131xar\u0131laraq Moldovada yerl\u0259\u015fdiril\u0259n Az\u0259rbaycan\u0131n Milli Q\u0259hr\u0259man\u0131 Viktor Seryoginin ail\u0259si Az\u0259rbaycana g\u0259tiril\u0259c\u0259k\u201d.<\/strong><ins><\/ins><\/p>\n\n\n\n<p>Bununla ba\u011fl\u0131&nbsp;Oxu.Az-a a\u00e7\u0131qlamas\u0131nda Az\u0259rbaycan-Ukrayna parlamentl\u0259raras\u0131 dostluq qrupunun r\u0259hb\u0259ri, deputat R\u00fcf\u0259t Quliyev bildirib.<\/p>\n\n\n\n<p>Onun s\u00f6zl\u0259rin\u0259 g\u00f6r\u0259, Milli Q\u0259hr\u0259man\u0131n ail\u0259si haz\u0131rda Ki\u015fineu \u015f\u0259h\u0259rind\u0259dir:<\/p>\n\n\n\n<p>\u201cAz\u0259rbaycan Respublikas\u0131n\u0131n Diasporla \u0130\u015f \u00fczr\u0259 D\u00f6vl\u0259t Komit\u0259sinin s\u0259dri Fuad Muradovun d\u0259st\u0259yi il\u0259 Ki\u015fineu-\u0130stanbul-Bak\u0131 biletl\u0259ri al\u0131n\u0131b. Ail\u0259nin aprel ay\u0131n\u0131n 4-d\u0259 \u00f6lk\u0259miz\u0259 g\u0259lm\u0259si planla\u015fd\u0131r\u0131l\u0131r\u201d.<\/p>\n\n\n\n<p>Deputat qeyd edib ki, ail\u0259 il\u0259 m\u00fct\u0259madi \u0259laq\u0259 saxlan\u0131l\u0131r:<\/p>\n\n\n\n<p>\u201cViktor Seryoginin anas\u0131 Qalina xan\u0131ma k\u00f6m\u0259k \u00fc\u00e7\u00fcn \u0259limizd\u0259n g\u0259l\u0259ni ed\u0259c\u0259yik. Ail\u0259nin g\u0259tirilm\u0259si \u00fc\u00e7\u00fcn&nbsp;c\u0259nab Prezident \u0130lham \u018fliyevin g\u00f6st\u0259ri\u015fi var\u201d.<\/p>\n\n\n\n<p>Xat\u0131rladaq ki, Viktor Seryogin Birinci Qaraba\u011f m\u00fcharib\u0259sind\u0259 q\u0259hr\u0259mancas\u0131na h\u0259lak olub.<\/p>\n\n\n\n<p>1992-ci il yanvar\u0131n 28-d\u0259 onun idar\u0259 etdiyi v\u0259 g\u00f6y\u0259rt\u0259sind\u0259 47 s\u0259rni\u015finin oldu\u011fu \u201cMi-8\u201d m\u00fclki helikopteri erm\u0259ni m\u00f6vqel\u0259rind\u0259n at\u0131lan \u201cStinger\u201d istilik raketil\u0259 vurulub. Havada partlay\u0131\u015f v\u0259 salonda yan\u011f\u0131n ba\u015f verdikd\u0259n sonra Seryogin d\u00fc\u015fm\u0259kd\u0259 olan helikopteri \u015eu\u015fa \u015f\u0259h\u0259rinin ya\u015fay\u0131\u015f m\u0259h\u0259ll\u0259l\u0259rind\u0259n uzaqla\u015fd\u0131ra bilib. Seryogin ekipaj v\u0259 s\u0259rni\u015finl\u0259rl\u0259 birlikd\u0259 h\u0259lak olub. O, Bak\u0131dak\u0131 \u015e\u0259hidl\u0259r xiyaban\u0131nda d\u0259fn edilib.<\/p>\n\n\n\n<p>1992-ci ilin noyabr\u0131nda ona \u00f6l\u00fcm\u00fcnd\u0259n sonra Az\u0259rbaycan\u0131n Milli Q\u0259hr\u0259man\u0131&nbsp;ad\u0131 verilib.<\/p>\n","protected":false},"excerpt":{"rendered":"<p>\u201cBir ne\u00e7\u0259 g\u00fcn \u0259vv\u0259l Ukraynadak\u0131 m\u00fcharib\u0259 b\u00f6lg\u0259sind\u0259n \u00e7\u0131xar\u0131laraq Moldovada yerl\u0259\u015fdiril\u0259n Az\u0259rbaycan\u0131n Milli Q\u0259hr\u0259man\u0131 Viktor Seryoginin&#8230;<\/p>\n","protected":false},"author":3,"featured_media":0,"comment_status":"closed","ping_status":"closed","sticky":false,"template":"","format":"standard","meta":{"footnotes":""},"categories":[6],"tags":[],"class_list":["post-15660","post","type-post","status-publish","format-standard","hentry","category-cmiyyt"],"featured_image_urls":{"full":"","thumbnail":"","medium":"","medium_large":"","large":"","1536x1536":"","2048x2048":"","covernews-slider-full":"","covernews-slider-center":"","covernews-featured":"","covernews-medium":"","covernews-medium-square":""},"author_info":{"display_name":"Veteran.az","author_link":"https:\/\/veteran.az\/?author=3"},"category_info":"<a href=\"https:\/\/veteran.az\/?cat=6\" rel=\"category\">C\u0259miyy\u0259t<\/a>","tag_info":"C\u0259miyy\u0259t","comment_count":"0","_links":{"self":[{"href":"https:\/\/veteran.az\/index.php?rest_route=\/wp\/v2\/posts\/15660","targetHints":{"allow":["GET"]}}],"collection":[{"href":"https:\/\/veteran.az\/index.php?rest_route=\/wp\/v2\/posts"}],"about":[{"href":"https:\/\/veteran.az\/index.php?rest_route=\/wp\/v2\/types\/post"}],"author":[{"embeddable":true,"href":"https:\/\/veteran.az\/index.php?rest_route=\/wp\/v2\/users\/3"}],"replies":[{"embeddable":true,"href":"https:\/\/veteran.az\/index.php?rest_route=%2Fwp%2Fv2%2Fcomments&post=15660"}],"version-history":[{"count":1,"href":"https:\/\/veteran.az\/index.php?rest_route=\/wp\/v2\/posts\/15660\/revisions"}],"predecessor-version":[{"id":15662,"href":"https:\/\/veteran.az\/index.php?rest_route=\/wp\/v2\/posts\/15660\/revisions\/15662"}],"wp:attachment":[{"href":"https:\/\/veteran.az\/index.php?rest_route=%2Fwp%2Fv2%2Fmedia&parent=15660"}],"wp:term":[{"taxonomy":"category","embeddable":true,"href":"https:\/\/veteran.az\/index.php?rest_route=%2Fwp%2Fv2%2Fcategories&post=15660"},{"taxonomy":"post_tag","embeddable":true,"href":"https:\/\/veteran.az\/index.php?rest_route=%2Fwp%2Fv2%2Ftags&post=15660"}],"curies":[{"name":"wp","href":"https:\/\/api.w.org\/{rel}","templated":true}]}}