{"id":15646,"date":"2022-03-29T14:32:34","date_gmt":"2022-03-29T10:32:34","guid":{"rendered":"http:\/\/veteran.az\/?p=15646"},"modified":"2022-03-29T14:32:35","modified_gmt":"2022-03-29T10:32:35","slug":"ilham-%c9%99liyev-yeni-insa-edilmis-muasir-penitensiar-mu%c9%99ssis%c9%99l%c9%99rd%c9%99-yaradilan-s%c9%99raitl%c9%99-tanis-oldu","status":"publish","type":"post","link":"https:\/\/veteran.az\/?p=15646","title":{"rendered":"\u0130lham \u018fliyev yeni in\u015fa edilmi\u015f m\u00fcasir penitensiar m\u00fc\u0259ssis\u0259l\u0259rd\u0259 yarad\u0131lan \u015f\u0259raitl\u0259 tan\u0131\u015f oldu"},"content":{"rendered":"\n<p>Az\u0259rbaycan Respublikas\u0131n\u0131n Prezidenti \u0130lham \u018fliyev c\u0259miyy\u0259tin h\u0259ssas qrupu olan qad\u0131n v\u0259 yetkinlik ya\u015f\u0131na \u00e7atmayan m\u0259hkumlar \u00fc\u00e7\u00fcn Bak\u0131da yeni in\u015fa olunmu\u015f m\u00fcasir penitensiar m\u00fc\u0259ssis\u0259l\u0259rd\u0259 yarad\u0131lan \u015f\u0259raitl\u0259 tan\u0131\u015f olub.<\/p>\n\n\n\n<p><a href=\"https:\/\/azertag.az\/xeber\/2068766?fbclid=IwAR1W6mlOpRH6REOi0jY7NaOpQ83cOnW2bNpVsHCp2s9hBABQycWsgC8zPYc\" target=\"_blank\" rel=\"noreferrer noopener\">AZ\u018fRTAC<\/a>&nbsp;x\u0259b\u0259r verir ki, \u00f6t\u0259n \u0259srin 30-cu ill\u0259rind\u0259 in\u015fa olunmu\u015f v\u0259 d\u00f6vr\u00fcn t\u0259l\u0259bl\u0259rin\u0259 cavab verm\u0259y\u0259n penitensiar m\u00fc\u0259ssis\u0259l\u0259rin \u0259v\u0259zin\u0259 in\u015fa edilmi\u015f yeni m\u00fc\u0259ssis\u0259l\u0259rd\u0259 n\u00fcmun\u0259vi \u015f\u0259rait yarad\u0131l\u0131b, istirah\u0259t, psixoloq, ibad\u0259t otaqlar\u0131 v\u0259 dig\u0259r otaqlar ayr\u0131l\u0131b, m\u0259hbuslar\u0131n faydal\u0131 i\u015fl\u0259 m\u0259\u015f\u011ful olmalar\u0131 \u00fc\u00e7\u00fcn istehsalat sah\u0259l\u0259ri t\u0259\u015fkil edilib.<\/p>\n\n\n\n<p>H\u0259r iki m\u00fc\u0259ssis\u0259d\u0259 m\u0259hkumlar\u0131n asud\u0259 vaxtlar\u0131n\u0131 s\u0259m\u0259r\u0259li ke\u00e7irm\u0259l\u0259ri m\u0259qs\u0259dil\u0259 idman sah\u0259l\u0259ri, t\u0259hsil v\u0259 pe\u015f\u0259 ixtisaslar\u0131na yiy\u0259l\u0259nm\u0259l\u0259ri \u00fc\u00e7\u00fcn laz\u0131mi infrastruktur yarad\u0131l\u0131b. Burada z\u0259ruri \u0259d\u0259biyyatla t\u0259chiz olunmu\u015f kitabxana, oxu zal\u0131 v\u0259 komp\u00fcter ota\u011f\u0131 vard\u0131r.<\/p>\n\n\n\n<figure class=\"wp-block-image size-large\"><img loading=\"lazy\" decoding=\"async\" width=\"590\" height=\"382\" src=\"http:\/\/veteran.az\/wp-content\/uploads\/2022\/03\/16485478553803342274_1000x669.jpg\" alt=\"\" class=\"wp-image-15648\" srcset=\"https:\/\/veteran.az\/wp-content\/uploads\/2022\/03\/16485478553803342274_1000x669.jpg 590w, https:\/\/veteran.az\/wp-content\/uploads\/2022\/03\/16485478553803342274_1000x669-300x194.jpg 300w\" sizes=\"auto, (max-width: 590px) 100vw, 590px\" \/><\/figure>\n\n\n\n<p>D\u00f6vl\u0259timizin ba\u015f\u00e7\u0131s\u0131n\u0131n istehsalat sah\u0259l\u0259rinin geni\u015fl\u0259ndirilm\u0259si, bu f\u0259aliyy\u0259t\u0259 sahibkarlar\u0131n, i\u015f adamlar\u0131n\u0131n c\u0259lb edilm\u0259si il\u0259 ba\u011fl\u0131 tap\u015f\u0131r\u0131qlar\u0131na uy\u011fun olaraq yeni m\u00fc\u0259ssis\u0259l\u0259rd\u0259 yarad\u0131lm\u0131\u015f istehsal b\u00f6lm\u0259sind\u0259 m\u0259hkumlar toxuculuq, xal\u00e7a\u00e7\u0131l\u0131q, bi\u00e7m\u0259, tiki\u015f v\u0259 \u015firniyyat sexl\u0259rind\u0259 \u00e7al\u0131\u015facaqlar.<\/p>\n\n\n\n<p>M\u00fc\u0259ssis\u0259nin ikim\u0259rt\u0259b\u0259li tibb-sanitariya hiss\u0259sind\u0259 h\u0259kim otaqlar\u0131, m\u00fcasir avadanl\u0131qla t\u0259chiz edilmi\u015f m\u00fcayin\u0259-diaqnostika v\u0259 stomatologiya kabinetl\u0259ri, laboratoriya, aptek, pediatr ota\u011f\u0131 v\u0259 dig\u0259r yard\u0131m\u00e7\u0131 otaqlar yerl\u0259\u015fir.<\/p>\n\n\n\n<p>Yeni penitensiar m\u00fc\u0259ssis\u0259d\u0259 m\u0259hkumlarla g\u00f6r\u00fc\u015fl\u0259r \u00fc\u00e7\u00fcn d\u0259 bina in\u015fa olunub. Burada m\u0259hkumlar\u0131n ail\u0259 \u00fczvl\u0259ri il\u0259 q\u0131sam\u00fcdd\u0259tli v\u0259 3 g\u00fcnl\u00fck uzunm\u00fcdd\u0259tli g\u00f6r\u00fc\u015f\u00fc \u00fc\u00e7\u00fcn h\u0259r c\u00fcr m\u0259i\u015f\u0259t \u015f\u0259raiti, m\u0259tb\u0259xi, g\u0259zinti yerl\u0259ri olan ayr\u0131ca otaqlar vard\u0131r.<\/p>\n\n\n\n<p>M\u00fc\u0259ssis\u0259l\u0259rin \u0259razisind\u0259 in\u015fa olunmu\u015f ikim\u0259rt\u0259b\u0259li m\u0259kt\u0259b binas\u0131nda sinif otaqlar\u0131 il\u0259 yana\u015f\u0131, \u0259m\u0259k, komp\u00fcter v\u0259 dig\u0259r otaqlar, idman zallar\u0131 yerl\u0259\u015fir. Burada yarad\u0131lm\u0131\u015f \u015f\u0259rait m\u0259hkumlar\u0131n, x\u00fcsusil\u0259 yetkinlik ya\u015f\u0131na \u00e7atmayanlar\u0131n t\u0259hsil almalar\u0131na v\u0259 pe\u015f\u0259 ixtisaslar\u0131na yiy\u0259l\u0259nm\u0259l\u0259rin\u0259 imkan verir.<\/p>\n\n\n\n<p>Qeyd ed\u0259k ki, Prezident \u0130lham \u018fliyevin diqq\u0259t v\u0259 qay\u011f\u0131s\u0131 say\u0259sind\u0259 c\u0259miyy\u0259timizin h\u0259ssas t\u0259b\u0259q\u0259si olan qad\u0131n v\u0259 yetkinlik ya\u015f\u0131na \u00e7atmayan m\u0259hkumlar \u00fc\u00e7\u00fcn yeni penitensiar m\u00fc\u0259ssis\u0259l\u0259rin tikilm\u0259si \u00f6lk\u0259mizd\u0259 apar\u0131lan k\u00f6kl\u00fc islahatlar\u0131n t\u0259rkib hiss\u0259sidir. Burada yarad\u0131lan m\u00fcasir \u015f\u0259rait m\u0259hkumlar\u0131n h\u00fcquqlar\u0131n\u0131n t\u0259minat\u0131na, onlar\u0131n s\u0259m\u0259r\u0259li islah olunaraq sosial adaptasiyas\u0131na xidm\u0259t ed\u0259c\u0259kdir.<\/p>\n\n\n\n<figure class=\"wp-block-image size-large\"><img loading=\"lazy\" decoding=\"async\" width=\"590\" height=\"424\" src=\"http:\/\/veteran.az\/wp-content\/uploads\/2022\/03\/1648547855268527965_1000x669.jpg\" alt=\"\" class=\"wp-image-15647\" srcset=\"https:\/\/veteran.az\/wp-content\/uploads\/2022\/03\/1648547855268527965_1000x669.jpg 590w, https:\/\/veteran.az\/wp-content\/uploads\/2022\/03\/1648547855268527965_1000x669-300x216.jpg 300w\" sizes=\"auto, (max-width: 590px) 100vw, 590px\" \/><\/figure>\n\n\n\n<p>Xat\u0131rladaq ki, Bak\u0131n\u0131n Zabrat q\u0259s\u0259b\u0259sind\u0259 yeni istintaq t\u0259cridxanas\u0131, Nax\u00e7\u0131van Muxtar Respublikas\u0131nda v\u0259 \u015e\u0259kid\u0259 m\u00fcasir penitensiar kompleksl\u0259r in\u015fa olunub. G\u0259nc\u0259 v\u0259 L\u0259nk\u0259ran \u015f\u0259h\u0259rl\u0259rind\u0259, habel\u0259 paytaxt\u0131n Umbak\u0131 q\u0259s\u0259b\u0259sind\u0259 bel\u0259 m\u00fc\u0259ssis\u0259l\u0259rin tikintisi apar\u0131l\u0131r.<\/p>\n\n\n\n<p>Az\u0259rbaycan d\u00f6vl\u0259tinin siyasi kursunda humanizm ba\u015fl\u0131ca prinsipl\u0259rd\u0259n biridir. Prezident \u0130lham \u018fliyevin bu vaxtad\u0259k imzalad\u0131\u011f\u0131 35 \u0259fv akt\u0131 il\u0259 6 min\u0259d\u0259k m\u0259hkum ba\u011f\u0131\u015flan\u0131b, Birinci vitse-prezident, Heyd\u0259r \u018fliyev Fondunun prezidenti Mehriban xan\u0131m \u018fliyevan\u0131n t\u0259\u015f\u0259bb\u00fcs\u00fc il\u0259 q\u0259bul olunmu\u015f 4 amnistiya akt\u0131 is\u0259 40 mind\u0259n \u00e7ox insan\u0131 \u0259hat\u0259 edib.<\/p>\n\n\n\n<p>Eyni zamanda, \u00f6lk\u0259d\u0259 \u0259dliyy\u0259 sisteminin m\u00fcasirl\u0259\u015fdirilm\u0259si il\u0259 ba\u011fl\u0131 apar\u0131lan islahatlar \u00e7\u0259r\u00e7iv\u0259sind\u0259 penitensiar xidm\u0259tin f\u0259aliyy\u0259ti t\u0259kmill\u0259\u015fdirilir, c\u0259za siyas\u0259ti humanistl\u0259\u015fdirilir, m\u0259hkumlar\u0131n h\u00fcquqlar\u0131n\u0131n qorunmas\u0131, saxlanma \u015f\u0259raitinin, tibbi v\u0259 dig\u0259r t\u0259minatlar\u0131n\u0131n yax\u015f\u0131la\u015fd\u0131r\u0131lmas\u0131 \u00fczr\u0259 ard\u0131c\u0131l t\u0259dbirl\u0259r g\u00f6r\u00fcl\u00fcr.<\/p>\n\n\n\n<p>Z\u0259f\u0259r G\u00fcn\u00fc m\u00fcnasib\u0259til\u0259 elan edilmi\u015f v\u0259 bu \u0259r\u0259f\u0259d\u0259 icras\u0131 ba\u015fa \u00e7atan amnistiya akt\u0131 is\u0259 d\u00f6vl\u0259timizin ba\u015f\u00e7\u0131s\u0131n\u0131n humanizm siyas\u0259tinin n\u00f6vb\u0259ti t\u0259zah\u00fcr\u00fc olmaqla daha b\u00f6y\u00fck \u0259hat\u0259 dair\u0259sin\u0259 g\u00f6r\u0259 f\u0259rql\u0259nib v\u0259 15 mind\u0259n \u00e7ox \u015f\u0259xs\u0259 \u015famil edilib.<\/p>\n\n\n\n<p>H\u0259m\u00e7inin h\u0259bs yerl\u0259rind\u0259 saxlan\u0131lan \u015f\u0259xsl\u0259rin h\u00fcquq v\u0259 azadl\u0131qlar\u0131n\u0131n geni\u015fl\u0259ndirilm\u0259si haqq\u0131nda ayr\u0131ca qanun q\u0259bul olunub, c\u0259za siyas\u0259tinin humanistl\u0259\u015fdirilm\u0259si m\u0259qs\u0259dil\u0259 cinay\u0259t qanunvericiliyin\u0259 600-d\u0259k d\u0259yi\u015fiklik edilib, bir \u00e7ox \u0259m\u0259ll\u0259r dekriminalla\u015fd\u0131r\u0131l\u0131b v\u0259 2200-\u0259 yax\u0131n m\u0259hkum c\u0259zadan azad olunub. Eyni zamanda, m\u0259hkumlar\u0131n azad c\u0259miyy\u0259t\u0259 tamh\u00fcquqlu \u00fczv kimi qay\u0131d\u0131\u015f\u0131 daim diqq\u0259td\u0259 saxlan\u0131laraq onlar\u0131n sosial adaptasiyas\u0131 il\u0259 ba\u011fl\u0131 x\u00fcsusi qanun q\u0259bul olunub. Vaxt\u0131ndan \u0259vv\u0259l \u015f\u0259rti azadetm\u0259 institutu da s\u0259m\u0259r\u0259li t\u0259tbiq olunaraq son iki ild\u0259 3500-d\u0259n \u00e7ox m\u0259hkum vaxt\u0131ndan \u0259vv\u0259l \u015f\u0259rti azadl\u0131\u011fa burax\u0131l\u0131b.<\/p>\n\n\n\n<figure class=\"wp-block-embed is-type-video is-provider-youtube wp-block-embed-youtube wp-embed-aspect-16-9 wp-has-aspect-ratio\"><div class=\"wp-block-embed__wrapper\">\n<iframe loading=\"lazy\" title=\"\u0130lham \u018fliyev Bak\u0131da yeni in\u015fa edilmi\u015f m\u00fcasir penitensiar m\u00fc\u0259ssis\u0259l\u0259rd\u0259  - Canl\u0131 yay\u0131m (29.03.2022)\" width=\"640\" height=\"360\" src=\"https:\/\/www.youtube.com\/embed\/QfeYFGpv1bo?feature=oembed\" frameborder=\"0\" allow=\"accelerometer; autoplay; clipboard-write; encrypted-media; gyroscope; picture-in-picture; web-share\" referrerpolicy=\"strict-origin-when-cross-origin\" allowfullscreen><\/iframe>\n<\/div><\/figure>\n","protected":false},"excerpt":{"rendered":"<p>Az\u0259rbaycan Respublikas\u0131n\u0131n Prezidenti \u0130lham \u018fliyev c\u0259miyy\u0259tin h\u0259ssas qrupu olan qad\u0131n v\u0259 yetkinlik ya\u015f\u0131na \u00e7atmayan m\u0259hkumlar&#8230;<\/p>\n","protected":false},"author":3,"featured_media":15649,"comment_status":"closed","ping_status":"closed","sticky":false,"template":"","format":"standard","meta":{"footnotes":""},"categories":[6],"tags":[],"class_list":["post-15646","post","type-post","status-publish","format-standard","has-post-thumbnail","hentry","category-cmiyyt"],"featured_image_urls":{"full":["https:\/\/veteran.az\/wp-content\/uploads\/2022\/03\/16485478562398855541_1000x669.jpg",620,402,false],"thumbnail":["https:\/\/veteran.az\/wp-content\/uploads\/2022\/03\/16485478562398855541_1000x669-150x150.jpg",150,150,true],"medium":["https:\/\/veteran.az\/wp-content\/uploads\/2022\/03\/16485478562398855541_1000x669-300x195.jpg",300,195,true],"medium_large":["https:\/\/veteran.az\/wp-content\/uploads\/2022\/03\/16485478562398855541_1000x669.jpg",620,402,false],"large":["https:\/\/veteran.az\/wp-content\/uploads\/2022\/03\/16485478562398855541_1000x669.jpg",620,402,false],"1536x1536":["https:\/\/veteran.az\/wp-content\/uploads\/2022\/03\/16485478562398855541_1000x669.jpg",620,402,false],"2048x2048":["https:\/\/veteran.az\/wp-content\/uploads\/2022\/03\/16485478562398855541_1000x669.jpg",620,402,false],"covernews-slider-full":["https:\/\/veteran.az\/wp-content\/uploads\/2022\/03\/16485478562398855541_1000x669.jpg",620,402,false],"covernews-slider-center":["https:\/\/veteran.az\/wp-content\/uploads\/2022\/03\/16485478562398855541_1000x669.jpg",620,402,false],"covernews-featured":["https:\/\/veteran.az\/wp-content\/uploads\/2022\/03\/16485478562398855541_1000x669.jpg",620,402,false],"covernews-medium":["https:\/\/veteran.az\/wp-content\/uploads\/2022\/03\/16485478562398855541_1000x669-620x380.jpg",540,331,true],"covernews-medium-square":["https:\/\/veteran.az\/wp-content\/uploads\/2022\/03\/16485478562398855541_1000x669.jpg",386,250,false]},"author_info":{"display_name":"Veteran.az","author_link":"https:\/\/veteran.az\/?author=3"},"category_info":"<a href=\"https:\/\/veteran.az\/?cat=6\" rel=\"category\">C\u0259miyy\u0259t<\/a>","tag_info":"C\u0259miyy\u0259t","comment_count":"0","_links":{"self":[{"href":"https:\/\/veteran.az\/index.php?rest_route=\/wp\/v2\/posts\/15646","targetHints":{"allow":["GET"]}}],"collection":[{"href":"https:\/\/veteran.az\/index.php?rest_route=\/wp\/v2\/posts"}],"about":[{"href":"https:\/\/veteran.az\/index.php?rest_route=\/wp\/v2\/types\/post"}],"author":[{"embeddable":true,"href":"https:\/\/veteran.az\/index.php?rest_route=\/wp\/v2\/users\/3"}],"replies":[{"embeddable":true,"href":"https:\/\/veteran.az\/index.php?rest_route=%2Fwp%2Fv2%2Fcomments&post=15646"}],"version-history":[{"count":1,"href":"https:\/\/veteran.az\/index.php?rest_route=\/wp\/v2\/posts\/15646\/revisions"}],"predecessor-version":[{"id":15650,"href":"https:\/\/veteran.az\/index.php?rest_route=\/wp\/v2\/posts\/15646\/revisions\/15650"}],"wp:featuredmedia":[{"embeddable":true,"href":"https:\/\/veteran.az\/index.php?rest_route=\/wp\/v2\/media\/15649"}],"wp:attachment":[{"href":"https:\/\/veteran.az\/index.php?rest_route=%2Fwp%2Fv2%2Fmedia&parent=15646"}],"wp:term":[{"taxonomy":"category","embeddable":true,"href":"https:\/\/veteran.az\/index.php?rest_route=%2Fwp%2Fv2%2Fcategories&post=15646"},{"taxonomy":"post_tag","embeddable":true,"href":"https:\/\/veteran.az\/index.php?rest_route=%2Fwp%2Fv2%2Ftags&post=15646"}],"curies":[{"name":"wp","href":"https:\/\/api.w.org\/{rel}","templated":true}]}}