{"id":15628,"date":"2022-03-28T13:02:33","date_gmt":"2022-03-28T09:02:33","guid":{"rendered":"http:\/\/veteran.az\/?p=15628"},"modified":"2022-03-28T13:02:33","modified_gmt":"2022-03-28T09:02:33","slug":"turkiy%c9%99-ukraynaya-s-400-gond%c9%99rm%c9%99y%c9%99c%c9%99k","status":"publish","type":"post","link":"https:\/\/veteran.az\/?p=15628","title":{"rendered":"T\u00fcrkiy\u0259 Ukraynaya S-400 g\u00f6nd\u0259rm\u0259y\u0259c\u0259k"},"content":{"rendered":"\n<p>T\u00fcrkiy\u0259 Prezident Administrasiyas\u0131n\u0131n Kommunikasiya \u0130dar\u0259sinin r\u0259hb\u0259ri Fahrettin Altun Amerikan\u0131n \u201cThe Wall Street Journal\u201d q\u0259zetind\u0259 d\u0259rc olunan v\u0259 T\u00fcrkiy\u0259nin Ukraynaya S-400 hava h\u00fccumundan m\u00fcdafi\u0259 sistemini g\u00f6nd\u0259rm\u0259sini t\u00f6vsiy\u0259 ed\u0259n m\u0259qal\u0259y\u0259 cavab verib.<\/p>\n\n\n\n<p><strong>Modern.az&nbsp;<\/strong>ax\u0259b\u0259r verir ki, mart\u0131n 18-d\u0259 \u201cThe Wall Street Journal\u201d q\u0259zetind\u0259 d\u0259rc olunan m\u0259qal\u0259d\u0259 \u201cT\u00fcrkiy\u0259nin Ukraynaya \u201cS-400\u201d hava h\u00fccumundan m\u00fcdafi\u0259 sistemi g\u00f6nd\u0259rm\u0259kl\u0259 ataca\u011f\u0131 add\u0131m\u0131n Ukraynan\u0131n t\u0259cili ehtiyac\u0131n\u0131 \u00f6d\u0259y\u0259c\u0259yi, h\u0259m\u00e7inin AB\u015e-\u0131n T\u00fcrkiy\u0259y\u0259 \u201cPatriot\u201d zenit-raket kompleksl\u0259ri sat\u0131\u015f\u0131 v\u0259 T\u00fcrkiy\u0259nin F-35 proqram\u0131na yenid\u0259n daxil edilm\u0259sin\u0259 z\u0259min yaradaraq AB\u015e-T\u00fcrkiy\u0259 m\u00fcnasib\u0259tl\u0259rini d\u00fcz\u0259ld\u0259c\u0259yi bildirilib.<\/p>\n\n\n\n<p>M\u0259qal\u0259 il\u0259 ba\u011fl\u0131 verdiyi a\u00e7\u0131qlamas\u0131nda s\u00f6z\u00fcged\u0259n ideyan\u0131n he\u00e7 d\u0259 real olmad\u0131\u011f\u0131n\u0131, ancaq T\u00fcrkiy\u0259nin son ill\u0259rd\u0259 Q\u0259rbl\u0259 ya\u015fad\u0131\u011f\u0131 probleml\u0259ri m\u00fczakir\u0259 etm\u0259k \u00fc\u00e7\u00fcn bir f\u00fcrs\u0259t verdiyini bildir\u0259n Altun T\u00fcrkiy\u0259nin Rusiyadan S-400 almas\u0131 q\u0259rar\u0131 il\u0259 ba\u011fl\u0131 AB\u015e t\u0259r\u0259find\u0259n veril\u0259n b\u00fct\u00fcn a\u00e7\u0131qlamalarda T\u00fcrkiy\u0259nin \u0259vv\u0259lc\u0259 AB\u015e-la g\u00f6r\u00fc\u015fd\u00fcy\u00fcn\u00fc lakin AB\u015e-\u0131n \u201cPatriot\u201d zenit-raket kompleksl\u0259ri satmaqdan imtina etdiyinin g\u00f6rm\u0259m\u0259zliy\u0259 vuruldu\u011funa diqq\u0259t \u00e7\u0259kib.<\/p>\n\n\n\n<p>T\u00fcrkiy\u0259nin d\u00fcnyan\u0131n \u0259n t\u0259hl\u00fck\u0259li v\u0259 qeyri-sabit b\u00f6lg\u0259l\u0259rind\u0259n birind\u0259 yerl\u0259\u015fdiyini vur\u011fulayan Altun \u201c\u00dczl\u0259\u015fdiyi t\u0259hdidl\u0259r v\u0259 AB\u015e-\u0131n r\u0259dd cavab\u0131 sehrli \u015f\u0259kild\u0259 aradan qalxmad\u0131\u011f\u0131 \u00fc\u00e7\u00fcn T\u00fcrkiy\u0259 alternativ sisteml\u0259r axtarmal\u0131 oldu. Bunu sabiq prezident Donald Tramp da v\u0259zif\u0259d\u0259 olark\u0259n bunu q\u0259bul etmi\u015fdi. Ona g\u00f6r\u0259 d\u0259 o zaman T\u00fcrkiy\u0259nin Patriot almaq variant\u0131 aradan qald\u0131r\u0131ld\u0131. Bundan \u0259lav\u0259, T\u00fcrkiy\u0259 Rusiya il\u0259 m\u00fcnasib\u0259tl\u0259rind\u0259 g\u0259rginliyin son h\u0259dd\u0259 \u00e7atd\u0131\u011f\u0131 bir vaxtda m\u00fctt\u0259fiql\u0259rimizin \u00f6lk\u0259mizd\u0259n \u201cPatriot\u201d zenit-raket kompleksl\u0259rini nec\u0259 \u00e7\u0131xard\u0131\u011f\u0131n\u0131 h\u0259l\u0259 unutmay\u0131b. Bu t\u0259cr\u00fcb\u0259l\u0259r\u0259 g\u00f6r\u0259 T\u00fcrk xalq\u0131 art\u0131q \u201cPatriot\u201dlar\u0131n t\u0259dar\u00fck\u00fc il\u0259 ba\u011fl\u0131 Q\u0259rbin verdiyi he\u00e7 bir \u201cqeyri-r\u0259smi \u00f6hd\u0259liyi\u201d ciddi q\u0259bul etmir. T\u00fcrkiy\u0259nin siyasi s\u0259b\u0259bl\u0259r\u0259 g\u00f6r\u0259 F-35 proqram\u0131ndan qeyri-qanuni olaraq k\u0259narla\u015fd\u0131r\u0131lmas\u0131, T\u00fcrkiy\u0259y\u0259 m\u00fckafat olaraq t\u0259qdim edil\u0259n \u201cproqrama t\u0259krar qat\u0131lmaq\u201d ideyas\u0131n\u0131 ciddi q\u0259bul etm\u0259sini d\u0259 \u00e7\u0259tinl\u0259\u015fdirir\u201d, \u2013 dey\u0259 bildirib.<\/p>\n\n\n\n<p>T\u00fcrkiy\u0259nin Q\u0259rbin b\u00fct\u00fcn mane olma c\u0259hdl\u0259rin\u0259 baxmayaraq haz\u0131rda Ukraynan\u0131n da inventar\u0131nda yer alan \u201cBayraktar\u201d pilotsuz u\u00e7u\u015f aparat\u0131n\u0131 dizayn edib istehsal etdiyini qeyd ed\u0259n Altun \u201cM\u0259s\u0259l\u0259n, Kanada T\u00fcrkiy\u0259y\u0259 silah sat\u0131\u015f\u0131n\u0131 qada\u011fan etdi. Lakin NATO m\u00fctt\u0259fiql\u0259ri aras\u0131nda m\u00fcdafi\u0259 sah\u0259sind\u0259 \u0259m\u0259kda\u015fl\u0131\u011f\u0131n m\u0259nas\u0131z \u015f\u0259kild\u0259 siyasil\u0259\u015fdirilm\u0259si, T\u00fcrkiy\u0259nin xarici d\u00f6vl\u0259tl\u0259rd\u0259n as\u0131l\u0131l\u0131\u011f\u0131n\u0131 azald\u0131b v\u0259 t\u00fcrk \u015firk\u0259tl\u0259rini yenilikl\u0259r etm\u0259y\u0259 s\u00f6vq edib\u201d, \u2013 deyib.<\/p>\n\n\n\n<p>Altun 70 illik NATO m\u00fctt\u0259fiqi v\u0259 bir \u00e7ox kritik b\u00f6lg\u0259d\u0259 stabill\u0259\u015fdirici aktyor olan T\u00fcrkiy\u0259 il\u0259 m\u00fcnasib\u0259tl\u0259rin normalla\u015fmas\u0131n\u0131n Q\u0259rbin v\u0259 x\u00fcsusil\u0259 AB\u015e-\u0131n \u00fcz\u0259rin\u0259 d\u00fc\u015fd\u00fcy\u00fcn\u00fc vur\u011fulayaraq bunlar\u0131 bildirib:<\/p>\n\n\n\n<p>\u201cAvropa Birliyin\u0259 \u00fczvl\u00fcy\u00fcn\u00fc strateji m\u0259qs\u0259d, NATO m\u00fctt\u0259fiqliyini q\u00fcrur m\u0259nb\u0259yi kimi g\u00f6r\u0259n T\u00fcrkiy\u0259 Q\u0259rbd\u0259n layiq oldu\u011fu d\u0259st\u0259yi alaca\u011f\u0131n\u0131 g\u00f6zl\u0259yir. Bu m\u00fcnasib\u0259tl\u0259ri b\u0259rpa etm\u0259k \u00fc\u00e7\u00fcn qeyri-r\u0259smi t\u0259klifl\u0259r deyil inam art\u0131r\u0131c\u0131 add\u0131mlar laz\u0131md\u0131r. Q\u0259rbin bu g\u00fcn etm\u0259si laz\u0131m olan F-35 d\u00f6y\u00fc\u015f t\u0259yyar\u0259l\u0259ri v\u0259 Patriot zenit-raket kompleksl\u0259rini ilkin \u015f\u0259rt olmadan T\u00fcrkiy\u0259y\u0259 \u00e7atd\u0131rmaqd\u0131r.\u201d<\/p>\n","protected":false},"excerpt":{"rendered":"<p>T\u00fcrkiy\u0259 Prezident Administrasiyas\u0131n\u0131n Kommunikasiya \u0130dar\u0259sinin r\u0259hb\u0259ri Fahrettin Altun Amerikan\u0131n \u201cThe Wall Street Journal\u201d q\u0259zetind\u0259 d\u0259rc&#8230;<\/p>\n","protected":false},"author":3,"featured_media":15629,"comment_status":"closed","ping_status":"closed","sticky":false,"template":"","format":"standard","meta":{"footnotes":""},"categories":[7],"tags":[],"class_list":["post-15628","post","type-post","status-publish","format-standard","has-post-thumbnail","hentry","category-dunya"],"featured_image_urls":{"full":["https:\/\/veteran.az\/wp-content\/uploads\/2022\/03\/1648456242_fahrettin-altun-un-paylasimlarini-yayan-sahte-hesap-ordusu-ortaya-cikti-838055-5-1.jpg",720,400,false],"thumbnail":["https:\/\/veteran.az\/wp-content\/uploads\/2022\/03\/1648456242_fahrettin-altun-un-paylasimlarini-yayan-sahte-hesap-ordusu-ortaya-cikti-838055-5-1-150x150.jpg",150,150,true],"medium":["https:\/\/veteran.az\/wp-content\/uploads\/2022\/03\/1648456242_fahrettin-altun-un-paylasimlarini-yayan-sahte-hesap-ordusu-ortaya-cikti-838055-5-1-300x167.jpg",300,167,true],"medium_large":["https:\/\/veteran.az\/wp-content\/uploads\/2022\/03\/1648456242_fahrettin-altun-un-paylasimlarini-yayan-sahte-hesap-ordusu-ortaya-cikti-838055-5-1.jpg",640,356,false],"large":["https:\/\/veteran.az\/wp-content\/uploads\/2022\/03\/1648456242_fahrettin-altun-un-paylasimlarini-yayan-sahte-hesap-ordusu-ortaya-cikti-838055-5-1.jpg",640,356,false],"1536x1536":["https:\/\/veteran.az\/wp-content\/uploads\/2022\/03\/1648456242_fahrettin-altun-un-paylasimlarini-yayan-sahte-hesap-ordusu-ortaya-cikti-838055-5-1.jpg",720,400,false],"2048x2048":["https:\/\/veteran.az\/wp-content\/uploads\/2022\/03\/1648456242_fahrettin-altun-un-paylasimlarini-yayan-sahte-hesap-ordusu-ortaya-cikti-838055-5-1.jpg",720,400,false],"covernews-slider-full":["https:\/\/veteran.az\/wp-content\/uploads\/2022\/03\/1648456242_fahrettin-altun-un-paylasimlarini-yayan-sahte-hesap-ordusu-ortaya-cikti-838055-5-1.jpg",720,400,false],"covernews-slider-center":["https:\/\/veteran.az\/wp-content\/uploads\/2022\/03\/1648456242_fahrettin-altun-un-paylasimlarini-yayan-sahte-hesap-ordusu-ortaya-cikti-838055-5-1.jpg",720,400,false],"covernews-featured":["https:\/\/veteran.az\/wp-content\/uploads\/2022\/03\/1648456242_fahrettin-altun-un-paylasimlarini-yayan-sahte-hesap-ordusu-ortaya-cikti-838055-5-1.jpg",720,400,false],"covernews-medium":["https:\/\/veteran.az\/wp-content\/uploads\/2022\/03\/1648456242_fahrettin-altun-un-paylasimlarini-yayan-sahte-hesap-ordusu-ortaya-cikti-838055-5-1-720x380.jpg",540,285,true],"covernews-medium-square":["https:\/\/veteran.az\/wp-content\/uploads\/2022\/03\/1648456242_fahrettin-altun-un-paylasimlarini-yayan-sahte-hesap-ordusu-ortaya-cikti-838055-5-1-675x400.jpg",400,237,true]},"author_info":{"display_name":"Veteran.az","author_link":"https:\/\/veteran.az\/?author=3"},"category_info":"<a href=\"https:\/\/veteran.az\/?cat=7\" rel=\"category\">D\u00fcnya<\/a>","tag_info":"D\u00fcnya","comment_count":"0","_links":{"self":[{"href":"https:\/\/veteran.az\/index.php?rest_route=\/wp\/v2\/posts\/15628","targetHints":{"allow":["GET"]}}],"collection":[{"href":"https:\/\/veteran.az\/index.php?rest_route=\/wp\/v2\/posts"}],"about":[{"href":"https:\/\/veteran.az\/index.php?rest_route=\/wp\/v2\/types\/post"}],"author":[{"embeddable":true,"href":"https:\/\/veteran.az\/index.php?rest_route=\/wp\/v2\/users\/3"}],"replies":[{"embeddable":true,"href":"https:\/\/veteran.az\/index.php?rest_route=%2Fwp%2Fv2%2Fcomments&post=15628"}],"version-history":[{"count":1,"href":"https:\/\/veteran.az\/index.php?rest_route=\/wp\/v2\/posts\/15628\/revisions"}],"predecessor-version":[{"id":15630,"href":"https:\/\/veteran.az\/index.php?rest_route=\/wp\/v2\/posts\/15628\/revisions\/15630"}],"wp:featuredmedia":[{"embeddable":true,"href":"https:\/\/veteran.az\/index.php?rest_route=\/wp\/v2\/media\/15629"}],"wp:attachment":[{"href":"https:\/\/veteran.az\/index.php?rest_route=%2Fwp%2Fv2%2Fmedia&parent=15628"}],"wp:term":[{"taxonomy":"category","embeddable":true,"href":"https:\/\/veteran.az\/index.php?rest_route=%2Fwp%2Fv2%2Fcategories&post=15628"},{"taxonomy":"post_tag","embeddable":true,"href":"https:\/\/veteran.az\/index.php?rest_route=%2Fwp%2Fv2%2Ftags&post=15628"}],"curies":[{"name":"wp","href":"https:\/\/api.w.org\/{rel}","templated":true}]}}