{"id":15527,"date":"2022-03-22T04:16:44","date_gmt":"2022-03-22T00:16:44","guid":{"rendered":"http:\/\/veteran.az\/?p=15527"},"modified":"2022-03-22T04:16:46","modified_gmt":"2022-03-22T00:16:46","slug":"ukrayna-ordusi-%c9%99ks-hucuma-kecib-isgalci-2-yasayis-m%c9%99nt%c9%99q%c9%99sind%c9%99n-cixarilib","status":"publish","type":"post","link":"https:\/\/veteran.az\/?p=15527","title":{"rendered":"UKRAYNA ORDUS\u0130 \u018fKS-H\u00dcCUMA KE\u00c7\u0130B &#8212; \u0130\u015f\u011fal\u00e7\u0131 2 ya\u015fay\u0131\u015f m\u0259nt\u0259q\u0259sind\u0259n \u00e7\u0131xar\u0131l\u0131b"},"content":{"rendered":"\n<p><strong>Ukrayna Silahl\u0131 Q\u00fcvv\u0259l\u0259rinin desant-h\u0259ml\u0259 qo\u015funlar\u0131n\u0131n b\u00f6lm\u0259l\u0259ri Nikolayev vilay\u0259tind\u0259 \u0259ks-h\u00fccuma ke\u00e7ibl\u0259r v\u0259 i\u015f\u011fal\u00e7\u0131 Rusiya q\u00fcvv\u0259l\u0259rini m\u00fchasir\u0259y\u0259 alaraq iki ya\u015fay\u0131\u015f m\u0259nt\u0259q\u0259sind\u0259n vurub \u00e7\u0131xar\u0131blar. Bu haqda desant-h\u0259ml\u0259 qo\u015funlar\u0131n\u0131n m\u0259tbuat xidm\u0259ti bildirir.<\/strong><\/p>\n\n\n\n<p>M\u0259lumata \u0259sas\u0259n desant\u00e7\u0131lar ya\u015fay\u0131\u015f m\u0259nt\u0259q\u0259sini iki cinahdan m\u00fchasir\u0259y\u0259 al\u0131blar, ard\u0131nca k\u0259ndin azad edilm\u0259si \u0259m\u0259liyyat\u0131 ba\u015flay\u0131b. D\u00f6y\u00fc\u015fl\u0259r n\u0259tic\u0259sind\u0259 i\u015f\u011fal\u00e7\u0131lar ya\u015fay\u0131\u015f m\u0259nt\u0259q\u0259sind\u0259n tam t\u0259mizl\u0259nib, onlar canl\u0131 q\u00fcvv\u0259 v\u0259 texnika sar\u0131dan itki veribl\u0259r. Ukrayna d\u00f6y\u00fc\u015f\u00e7\u00fcl\u0259ri bir ne\u00e7\u0259 h\u0259rbi texnikan\u0131 q\u0259nim\u0259t olaraq \u0259l\u0259 ke\u00e7irib.<\/p>\n\n\n\n<figure class=\"wp-block-image size-large\"><img loading=\"lazy\" decoding=\"async\" width=\"620\" height=\"345\" src=\"http:\/\/veteran.az\/wp-content\/uploads\/2022\/03\/400690_src.jpg\" alt=\"\" class=\"wp-image-15531\" srcset=\"https:\/\/veteran.az\/wp-content\/uploads\/2022\/03\/400690_src.jpg 620w, https:\/\/veteran.az\/wp-content\/uploads\/2022\/03\/400690_src-300x167.jpg 300w\" sizes=\"auto, (max-width: 620px) 100vw, 620px\" \/><\/figure>\n\n\n\n<p><strong>Virtualaz.org-un m\u0259lumat\u0131na g\u00f6r\u0259, h<\/strong><strong>\u0259rbi jurnalist Yuri Butusov da bu d\u00f6y\u00fc\u015fl\u0259r haqda \u00f6z\u00fcn\u00fcn Facebook s\u0259hif\u0259sind\u0259 yaz\u0131b. Bildirib ki, Ukrayna Silahl\u0131 Q\u00fcvv\u0259l\u0259rinin b\u00f6lm\u0259l\u0259ri Peski v\u0259 Xristoforovka k\u0259ndl\u0259ri istiqam\u0259tind\u0259 u\u011furlu \u0259ks h\u00fccum h\u0259yata ke\u00e7ir\u0259r\u0259k Rusiya qo\u015funlar\u0131n\u0131 geri oturdublar.&nbsp;<\/strong><\/p>\n\n\n\n<p>Bu zaman d\u00fc\u015fm\u0259nin BTR-80 komanda-q\u0259rargah ma\u015f\u0131n\u0131, 4 MTLB, artilleriya diviziyonunun komandirinin idar\u0259etm\u0259 ma\u015f\u0131n\u0131 m\u0259hv edilib. Bunlar Rusiya ordusunun 205-ci motoat\u0131c\u0131 briqadas\u0131n\u0131n texnikas\u0131d\u0131r. Habel\u0259 bir ne\u00e7\u0259 h\u0259rbi y\u00fck avtomobilinin d\u0259 yand\u0131r\u0131ld\u0131\u011f\u0131 bildirilir. Butusov Rusiya texnikas\u0131n\u0131n utilizasiyas\u0131nda yerli sakinl\u0259rin d\u0259 f\u0259al i\u015ftirak etdiyini deyib.<\/p>\n\n\n\n<p><strong>Habel\u0259 Kiyev \u0259traf\u0131nda \u00f6t\u0259n g\u00fcn Rusiya ordusunun reaktiv artilleriya b\u00f6lm\u0259sinin darmada\u011f\u0131n edilm\u0259sini \u0259ks etdir\u0259n videokadrlar yay\u0131l\u0131b. H\u0259min m\u00f6vqel\u0259rd\u0259n ruslar Kiyevi at\u0259\u015f\u0259 tuturdu.&nbsp;<\/strong>Kadrlara \u0259sas\u0259n ukraynal\u0131 d\u00f6y\u00fc\u015f\u00e7\u00fcl\u0259r me\u015f\u0259d\u0259 yerl\u0259\u015fdirilmi\u015f \u201cQrad\u201d qur\u011fular\u0131n\u0131, BMD-4D desant-d\u00f6y\u00fc\u015f ma\u015f\u0131n\u0131n\u0131, \u201cUral\u201d y\u00fck ma\u015f\u0131nlar\u0131n\u0131, \u201cAkasiya\u201d qaubitsalar\u0131n\u0131 v\u0259 MTLB bazas\u0131nda komanda-q\u0259rargah ma\u015f\u0131n\u0131n\u0131 m\u0259hv edibl\u0259r.<\/p>\n\n\n\n<figure class=\"wp-block-image size-large\"><img loading=\"lazy\" decoding=\"async\" width=\"620\" height=\"344\" src=\"http:\/\/veteran.az\/wp-content\/uploads\/2022\/03\/400691_src.jpg\" alt=\"\" class=\"wp-image-15528\" srcset=\"https:\/\/veteran.az\/wp-content\/uploads\/2022\/03\/400691_src.jpg 620w, https:\/\/veteran.az\/wp-content\/uploads\/2022\/03\/400691_src-300x166.jpg 300w\" sizes=\"auto, (max-width: 620px) 100vw, 620px\" \/><\/figure>\n\n\n\n<p><strong>&#171;AzPolitika.info&#187; xat\u0131rlad\u0131r ki,&nbsp;Ukrayna Silahl\u0131 Q\u00fcvv\u0259l\u0259rinin Ba\u015f Q\u0259rargah\u0131 is\u0259 d\u00fc\u015fm\u0259nin Kiyev vilay\u0259tinin Brovar\u0131 \u015f\u0259h\u0259ri istiqam\u0259tind\u0259 yeni h\u00fccum c\u0259hdi g\u00f6st\u0259rdiyini, lakin b\u00f6y\u00fck itkil\u0259r ver\u0259r\u0259k geri oturduldu\u011funu bildirib<\/strong>. Ba\u015f Q\u0259rargah bildirir ki, Kiyev \u0259traf\u0131nda Rusiya qo\u015funlar\u0131 tutduqlar\u0131 m\u00f6vqel\u0259rd\u0259 m\u00f6hk\u0259ml\u0259nm\u0259y\u0259 \u00e7al\u0131\u015f\u0131r v\u0259 m\u00fch\u0259ndis qur\u011fular\u0131 yarad\u0131r, vallar d\u00fcz\u0259ldir. Habel\u0259 t\u0259minat z\u0259nciri yaratma\u011fa \u00e7al\u0131\u015f\u0131r, lakin ukraynal\u0131 d\u00f6y\u00fc\u015f\u00e7\u00fcl\u0259r d\u00fc\u015fm\u0259nin t\u0259minat z\u0259ncirini pozmaqda davam edirl\u0259r.<\/p>\n\n\n\n<p>Ukrayna prezidentinin Ofisinin r\u0259hb\u0259rinin m\u00fc\u015faviri Aleksey Arestovi\u00e7 bu g\u00fcn ke\u00e7irdiyi brifinqd\u0259 deyib ki, Rusiya ordusu h\u00fccum potensial\u0131n\u0131 dem\u0259k olar itirib.&nbsp;<\/p>\n\n\n\n<p><em>\u201cD\u00fc\u015fm\u0259n Ukrayna \u0259razisinin h\u0259r hans\u0131 istiqam\u0259tind\u0259 h\u00fccum etm\u0259k imkan\u0131n\u0131 dem\u0259k olar ki, itirib v\u0259 ancaq taktiki f\u0259aliyy\u0259tl\u0259rl\u0259 m\u0259\u015f\u011fuldur, ehtiyat q\u00fcvv\u0259l\u0259r s\u0259f\u0259rb\u0259r etm\u0259y\u0259 \u00e7al\u0131\u015f\u0131r, ancaq bizim raket v\u0259 artilleriya q\u00fcvv\u0259l\u0259rimiz onlara sars\u0131d\u0131c\u0131 z\u0259rb\u0259l\u0259r vurur\u201d<\/em>, &#8212; Arestovi\u00e7 bildirib.<\/p>\n\n\n\n<figure class=\"wp-block-embed is-type-video is-provider-youtube wp-block-embed-youtube wp-embed-aspect-16-9 wp-has-aspect-ratio\"><div class=\"wp-block-embed__wrapper\">\n<iframe loading=\"lazy\" title=\"Destroyed Russian military base. Kyiv reion, Ukraine.\" width=\"640\" height=\"360\" src=\"https:\/\/www.youtube.com\/embed\/B1rg96OUDr0?feature=oembed\" frameborder=\"0\" allow=\"accelerometer; autoplay; clipboard-write; encrypted-media; gyroscope; picture-in-picture; web-share\" referrerpolicy=\"strict-origin-when-cross-origin\" allowfullscreen><\/iframe>\n<\/div><\/figure>\n\n\n\n<p><strong>O qeyd edib ki, \u00f6t\u0259n sutka \u0259rzind\u0259 d\u0259 x\u00fcsus\u0259n gec\u0259 saatlar\u0131nda Ukrayna ordusu d\u00fc\u015fm\u0259n\u0259 bir ne\u00e7\u0259 istiqam\u0259td\u0259 sars\u0131d\u0131c\u0131 z\u0259rb\u0259 vurub. Arestovi\u00e7in s\u00f6zl\u0259rin\u0259 g\u00f6r\u0259, bu g\u00fcn\u0259 q\u0259d\u0259r Rusiya ordusunun 11 batalyon tank\u0131, 34 batalyon zirehli d\u00f6y\u00fc\u015f ma\u015f\u0131nlar\u0131, 5 diviziyon reaktiv-artilleriya sisteml\u0259ri, 17 diviziyon artilleriyas\u0131, az qala 5 aviapolku v\u0259 5 vertolyot polku m\u0259hv edilib.&nbsp;<\/strong><\/p>\n\n\n\n<p><em>\u201cBu is\u0259 Rusiyan\u0131n \u00fc\u00e7 z\u0259rb\u0259 ordusunun komplektl\u0259\u015fdirilm\u0259si \u00fc\u00e7\u00fcn t\u0259l\u0259b olunan sayda texnika dem\u0259kdir. Y\u0259ni biz Rusiyan\u0131n \u00fc\u00e7 z\u0259rb\u0259 ordusunu v\u0259 bir hava ordusunu m\u0259hv etmi\u015fik. Rusiyan\u0131n is\u0259 c\u0259mi 10 z\u0259rb\u0259 ordusu var idi\u201d,<\/em>\u00a0&#8212; o deyib.<\/p>\n\n\n\n<figure class=\"wp-block-embed is-type-video is-provider-youtube wp-block-embed-youtube wp-embed-aspect-16-9 wp-has-aspect-ratio\"><div class=\"wp-block-embed__wrapper\">\n<iframe loading=\"lazy\" title=\"\u0417\u043d\u0438\u0449\u0435\u043d\u043d\u044f \u0411\u041c\u0414-4\u041c \u0432\u0456\u0439\u0441\u044c\u043a \u0420\u043e\u0441\u0456\u0457 \u0437 \u0433\u0440\u0430\u043d\u0430\u0442\u043e\u043c\u0435\u0442\u0430 \u043d\u0430 \u041a\u0438\u0457\u0432\u0449\u0438\u043d\u0456\" width=\"640\" height=\"360\" src=\"https:\/\/www.youtube.com\/embed\/Oe0OEP6DkVc?feature=oembed\" frameborder=\"0\" allow=\"accelerometer; autoplay; clipboard-write; encrypted-media; gyroscope; picture-in-picture; web-share\" referrerpolicy=\"strict-origin-when-cross-origin\" allowfullscreen><\/iframe>\n<\/div><\/figure>\n","protected":false},"excerpt":{"rendered":"<p>Ukrayna Silahl\u0131 Q\u00fcvv\u0259l\u0259rinin desant-h\u0259ml\u0259 qo\u015funlar\u0131n\u0131n b\u00f6lm\u0259l\u0259ri Nikolayev vilay\u0259tind\u0259 \u0259ks-h\u00fccuma ke\u00e7ibl\u0259r v\u0259 i\u015f\u011fal\u00e7\u0131 Rusiya q\u00fcvv\u0259l\u0259rini m\u00fchasir\u0259y\u0259&#8230;<\/p>\n","protected":false},"author":3,"featured_media":15530,"comment_status":"closed","ping_status":"closed","sticky":false,"template":"","format":"standard","meta":{"footnotes":""},"categories":[7],"tags":[],"class_list":["post-15527","post","type-post","status-publish","format-standard","has-post-thumbnail","hentry","category-dunya"],"featured_image_urls":{"full":["https:\/\/veteran.az\/wp-content\/uploads\/2022\/03\/9eb3bfb2-77fe-41c3-95d6-9bd58a864999.jpg",767,433,false],"thumbnail":["https:\/\/veteran.az\/wp-content\/uploads\/2022\/03\/9eb3bfb2-77fe-41c3-95d6-9bd58a864999-150x150.jpg",150,150,true],"medium":["https:\/\/veteran.az\/wp-content\/uploads\/2022\/03\/9eb3bfb2-77fe-41c3-95d6-9bd58a864999-300x169.jpg",300,169,true],"medium_large":["https:\/\/veteran.az\/wp-content\/uploads\/2022\/03\/9eb3bfb2-77fe-41c3-95d6-9bd58a864999.jpg",640,361,false],"large":["https:\/\/veteran.az\/wp-content\/uploads\/2022\/03\/9eb3bfb2-77fe-41c3-95d6-9bd58a864999.jpg",640,361,false],"1536x1536":["https:\/\/veteran.az\/wp-content\/uploads\/2022\/03\/9eb3bfb2-77fe-41c3-95d6-9bd58a864999.jpg",767,433,false],"2048x2048":["https:\/\/veteran.az\/wp-content\/uploads\/2022\/03\/9eb3bfb2-77fe-41c3-95d6-9bd58a864999.jpg",767,433,false],"covernews-slider-full":["https:\/\/veteran.az\/wp-content\/uploads\/2022\/03\/9eb3bfb2-77fe-41c3-95d6-9bd58a864999.jpg",767,433,false],"covernews-slider-center":["https:\/\/veteran.az\/wp-content\/uploads\/2022\/03\/9eb3bfb2-77fe-41c3-95d6-9bd58a864999.jpg",767,433,false],"covernews-featured":["https:\/\/veteran.az\/wp-content\/uploads\/2022\/03\/9eb3bfb2-77fe-41c3-95d6-9bd58a864999.jpg",767,433,false],"covernews-medium":["https:\/\/veteran.az\/wp-content\/uploads\/2022\/03\/9eb3bfb2-77fe-41c3-95d6-9bd58a864999-720x380.jpg",540,285,true],"covernews-medium-square":["https:\/\/veteran.az\/wp-content\/uploads\/2022\/03\/9eb3bfb2-77fe-41c3-95d6-9bd58a864999-675x433.jpg",390,250,true]},"author_info":{"display_name":"Veteran.az","author_link":"https:\/\/veteran.az\/?author=3"},"category_info":"<a href=\"https:\/\/veteran.az\/?cat=7\" rel=\"category\">D\u00fcnya<\/a>","tag_info":"D\u00fcnya","comment_count":"0","_links":{"self":[{"href":"https:\/\/veteran.az\/index.php?rest_route=\/wp\/v2\/posts\/15527","targetHints":{"allow":["GET"]}}],"collection":[{"href":"https:\/\/veteran.az\/index.php?rest_route=\/wp\/v2\/posts"}],"about":[{"href":"https:\/\/veteran.az\/index.php?rest_route=\/wp\/v2\/types\/post"}],"author":[{"embeddable":true,"href":"https:\/\/veteran.az\/index.php?rest_route=\/wp\/v2\/users\/3"}],"replies":[{"embeddable":true,"href":"https:\/\/veteran.az\/index.php?rest_route=%2Fwp%2Fv2%2Fcomments&post=15527"}],"version-history":[{"count":1,"href":"https:\/\/veteran.az\/index.php?rest_route=\/wp\/v2\/posts\/15527\/revisions"}],"predecessor-version":[{"id":15532,"href":"https:\/\/veteran.az\/index.php?rest_route=\/wp\/v2\/posts\/15527\/revisions\/15532"}],"wp:featuredmedia":[{"embeddable":true,"href":"https:\/\/veteran.az\/index.php?rest_route=\/wp\/v2\/media\/15530"}],"wp:attachment":[{"href":"https:\/\/veteran.az\/index.php?rest_route=%2Fwp%2Fv2%2Fmedia&parent=15527"}],"wp:term":[{"taxonomy":"category","embeddable":true,"href":"https:\/\/veteran.az\/index.php?rest_route=%2Fwp%2Fv2%2Fcategories&post=15527"},{"taxonomy":"post_tag","embeddable":true,"href":"https:\/\/veteran.az\/index.php?rest_route=%2Fwp%2Fv2%2Ftags&post=15527"}],"curies":[{"name":"wp","href":"https:\/\/api.w.org\/{rel}","templated":true}]}}