{"id":15445,"date":"2022-03-16T12:43:11","date_gmt":"2022-03-16T08:43:11","guid":{"rendered":"http:\/\/veteran.az\/?p=15445"},"modified":"2022-03-16T12:43:12","modified_gmt":"2022-03-16T08:43:12","slug":"erm%c9%99nistan-turkiy%c9%99-il%c9%99-s%c9%99rh%c9%99dl%c9%99ri-acmaga-hazirdir-mirzoyan","status":"publish","type":"post","link":"https:\/\/veteran.az\/?p=15445","title":{"rendered":"\u201cErm\u0259nistan T\u00fcrkiy\u0259 il\u0259 s\u0259rh\u0259dl\u0259ri a\u00e7ma\u011fa haz\u0131rd\u0131r\u201c &#8212; M\u0130RZOYAN"},"content":{"rendered":"\n<p><strong>\u201cErm\u0259nistan \u0259halisi T\u00fcrkiy\u0259 il\u0259 m\u00fcnasib\u0259tl\u0259ri normalla\u015fd\u0131rmaq ist\u0259yir\u201d.<\/strong><\/p>\n\n\n\n<p>Bunu Erm\u0259nistan\u0131n xarici i\u015fl\u0259r naziri Ararat Mirzoyan \u201cAnadolu\u201d Agentliyin\u0259 m\u00fcsahib\u0259sind\u0259 deyib.<\/p>\n\n\n\n<p>\u201c\u00d6t\u0259n aylarda Erm\u0259nistan v\u0259 T\u00fcrkiy\u0259 aras\u0131nda ba\u015f vermi\u015f m\u00fch\u00fcm epizodlar\u0131 xat\u0131rlatmaq ist\u0259rdim. \u0130ki \u00f6lk\u0259nin liderl\u0259ri a\u00e7\u0131q b\u0259yanatlarla \u00e7\u0131x\u0131\u015f ed\u0259r\u0259k, dan\u0131\u015f\u0131qlara ba\u015flama\u011fa haz\u0131r olduqlar\u0131n\u0131 bildiribl\u0259r. Daha sonra Moskva v\u0259 Vyanada art\u0131q iki g\u00f6r\u00fc\u015f ke\u00e7irmi\u015f x\u00fcsusi n\u00fcmay\u0259nd\u0259l\u0259r t\u0259yin olundu v\u0259 onlar m\u00fcnasib\u0259tl\u0259rin tam normalla\u015fmas\u0131na y\u00f6n\u0259lmi\u015f ilkin \u015f\u0259rt olmadan dan\u0131\u015f\u0131qlar\u0131 davam etdirm\u0259y\u0259 raz\u0131l\u0131q verdil\u0259r. M\u0259n Antalyaya Erm\u0259nistan h\u00f6kum\u0259tinin T\u00fcrkiy\u0259 il\u0259 m\u00fcnasib\u0259tl\u0259ri tam \u015f\u0259kild\u0259 normalla\u015fd\u0131rmaq v\u0259 regionda dinc v\u0259 davaml\u0131 inki\u015faf d\u00f6vr\u00fcn\u00fc a\u00e7maq \u00fc\u00e7\u00fcn siyasi irad\u0259sini bir daha t\u0259sdiql\u0259m\u0259k \u00fc\u00e7\u00fcn s\u0259f\u0259r etdim.<\/p>\n\n\n\n<p>\u00dcmumiyy\u0259tl\u0259, T\u00fcrkiy\u0259 il\u0259 Erm\u0259nistan aras\u0131nda m\u00fcnasib\u0259tl\u0259rin t\u0259nziml\u0259nm\u0259si prosesini m\u00fcsb\u0259t qiym\u0259tl\u0259ndiririk.<\/p>\n\n\n\n<p>Erm\u0259nistan T\u00fcrkiy\u0259 il\u0259 diplomatik \u0259laq\u0259l\u0259r qurma\u011fa v\u0259 s\u0259rh\u0259dl\u0259ri a\u00e7ma\u011fa haz\u0131rd\u0131r. T\u00fcrkiy\u0259li h\u0259mkar\u0131mdan onlar\u0131n da prosesi sona \u00e7atd\u0131rmaq \u00fc\u00e7\u00fcn siyasi irad\u0259l\u0259rinin oldu\u011funu e\u015fitm\u0259k m\u0259ni sevindirdi. \u0130ndi d\u00fcnyada hadis\u0259l\u0259r \u00e7ox s\u00fcr\u0259tl\u0259 inki\u015faf ed\u0259nd\u0259 konkret add\u0131mlar atmaqdan \u00e7\u0259kinm\u0259m\u0259liyik.<\/p>\n\n\n\n<p>\u0130nsanlar art\u0131q \u0130r\u0259vandan \u0130stanbula birba\u015fa u\u00e7u\u015flardan istifad\u0259 edirl\u0259r. S\u0259rh\u0259dl\u0259rin a\u00e7\u0131lmas\u0131 iki \u00f6lk\u0259 aras\u0131nda kommunikasiyaya, ticar\u0259t-iqtisadi \u0259laq\u0259l\u0259r\u0259, insanlar aras\u0131nda t\u0259maslara v\u0259 \u00fcmumilikd\u0259 regionda sabitliy\u0259 m\u00fcsb\u0259t t\u0259sir g\u00f6st\u0259r\u0259c\u0259k.<\/p>\n\n\n\n<p>M\u0259nim s\u0259f\u0259rim y\u00fcks\u0259k r\u00fctb\u0259li erm\u0259ni r\u0259sminin son on ild\u0259 T\u00fcrkiy\u0259y\u0259 ilk g\u0259li\u015fidir. \u018fg\u0259r nizamlanma prosesi rahat gets\u0259 v\u0259 m\u00fcsb\u0259t n\u0259tic\u0259l\u0259r \u0259ld\u0259 ets\u0259k, qar\u015f\u0131l\u0131ql\u0131 s\u0259f\u0259rl\u0259r d\u0259 m\u00fcmk\u00fcnd\u00fcr.<\/p>\n\n\n\n<p>\u00dcmumiyy\u0259tl\u0259, Erm\u0259nistan \u0259halisi T\u00fcrkiy\u0259 il\u0259 m\u00fcnasib\u0259tl\u0259ri normalla\u015fd\u0131rmaq ist\u0259yir. Bu, r\u0259y sor\u011fular\u0131nda da \u00f6z\u00fcn\u00fc g\u00f6st\u0259rir. T\u0259bii ki, h\u0259m Erm\u0259nistan, h\u0259m d\u0259 T\u00fcrkiy\u0259 c\u0259miyy\u0259tind\u0259 bu proses\u0259 \u015f\u00fcbh\u0259 il\u0259 yana\u015fan qruplar var.<\/p>\n\n\n\n<p>Bu m\u0259s\u0259l\u0259l\u0259rin h\u0259llind\u0259 h\u0259r iki t\u0259r\u0259fin r\u0259smil\u0259ri liderlik etm\u0259lidir. \u00c7avu\u015fo\u011flu il\u0259 g\u00f6r\u00fc\u015f\u00fcm zaman\u0131 b\u0259zi a\u011fr\u0131l\u0131 m\u0259qamlarla ba\u011fl\u0131 fikir m\u00fcbadil\u0259si apard\u0131q v\u0259 \u00fcmid edir\u0259m ki, bunlar n\u0259z\u0259r\u0259 al\u0131nacaq\u201d, &#8212; Erm\u0259nistan X\u0130N r\u0259hb\u0259ri qeyd edib.<\/p>\n\n\n\n<p>M\u0259nb\u0259: Yenisabah.az<\/p>\n","protected":false},"excerpt":{"rendered":"<p>\u201cErm\u0259nistan \u0259halisi T\u00fcrkiy\u0259 il\u0259 m\u00fcnasib\u0259tl\u0259ri normalla\u015fd\u0131rmaq ist\u0259yir\u201d. Bunu Erm\u0259nistan\u0131n xarici i\u015fl\u0259r naziri Ararat Mirzoyan \u201cAnadolu\u201d&#8230;<\/p>\n","protected":false},"author":3,"featured_media":15446,"comment_status":"closed","ping_status":"closed","sticky":false,"template":"","format":"standard","meta":{"footnotes":""},"categories":[7],"tags":[],"class_list":["post-15445","post","type-post","status-publish","format-standard","has-post-thumbnail","hentry","category-dunya"],"featured_image_urls":{"full":["https:\/\/veteran.az\/wp-content\/uploads\/2022\/03\/mr.jpg",767,433,false],"thumbnail":["https:\/\/veteran.az\/wp-content\/uploads\/2022\/03\/mr-150x150.jpg",150,150,true],"medium":["https:\/\/veteran.az\/wp-content\/uploads\/2022\/03\/mr-300x169.jpg",300,169,true],"medium_large":["https:\/\/veteran.az\/wp-content\/uploads\/2022\/03\/mr.jpg",640,361,false],"large":["https:\/\/veteran.az\/wp-content\/uploads\/2022\/03\/mr.jpg",640,361,false],"1536x1536":["https:\/\/veteran.az\/wp-content\/uploads\/2022\/03\/mr.jpg",767,433,false],"2048x2048":["https:\/\/veteran.az\/wp-content\/uploads\/2022\/03\/mr.jpg",767,433,false],"covernews-slider-full":["https:\/\/veteran.az\/wp-content\/uploads\/2022\/03\/mr.jpg",767,433,false],"covernews-slider-center":["https:\/\/veteran.az\/wp-content\/uploads\/2022\/03\/mr.jpg",767,433,false],"covernews-featured":["https:\/\/veteran.az\/wp-content\/uploads\/2022\/03\/mr.jpg",767,433,false],"covernews-medium":["https:\/\/veteran.az\/wp-content\/uploads\/2022\/03\/mr-720x380.jpg",540,285,true],"covernews-medium-square":["https:\/\/veteran.az\/wp-content\/uploads\/2022\/03\/mr-675x433.jpg",390,250,true]},"author_info":{"display_name":"Veteran.az","author_link":"https:\/\/veteran.az\/?author=3"},"category_info":"<a href=\"https:\/\/veteran.az\/?cat=7\" rel=\"category\">D\u00fcnya<\/a>","tag_info":"D\u00fcnya","comment_count":"0","_links":{"self":[{"href":"https:\/\/veteran.az\/index.php?rest_route=\/wp\/v2\/posts\/15445","targetHints":{"allow":["GET"]}}],"collection":[{"href":"https:\/\/veteran.az\/index.php?rest_route=\/wp\/v2\/posts"}],"about":[{"href":"https:\/\/veteran.az\/index.php?rest_route=\/wp\/v2\/types\/post"}],"author":[{"embeddable":true,"href":"https:\/\/veteran.az\/index.php?rest_route=\/wp\/v2\/users\/3"}],"replies":[{"embeddable":true,"href":"https:\/\/veteran.az\/index.php?rest_route=%2Fwp%2Fv2%2Fcomments&post=15445"}],"version-history":[{"count":1,"href":"https:\/\/veteran.az\/index.php?rest_route=\/wp\/v2\/posts\/15445\/revisions"}],"predecessor-version":[{"id":15447,"href":"https:\/\/veteran.az\/index.php?rest_route=\/wp\/v2\/posts\/15445\/revisions\/15447"}],"wp:featuredmedia":[{"embeddable":true,"href":"https:\/\/veteran.az\/index.php?rest_route=\/wp\/v2\/media\/15446"}],"wp:attachment":[{"href":"https:\/\/veteran.az\/index.php?rest_route=%2Fwp%2Fv2%2Fmedia&parent=15445"}],"wp:term":[{"taxonomy":"category","embeddable":true,"href":"https:\/\/veteran.az\/index.php?rest_route=%2Fwp%2Fv2%2Fcategories&post=15445"},{"taxonomy":"post_tag","embeddable":true,"href":"https:\/\/veteran.az\/index.php?rest_route=%2Fwp%2Fv2%2Ftags&post=15445"}],"curies":[{"name":"wp","href":"https:\/\/api.w.org\/{rel}","templated":true}]}}