{"id":15442,"date":"2022-03-16T12:41:57","date_gmt":"2022-03-16T08:41:57","guid":{"rendered":"http:\/\/veteran.az\/?p=15442"},"modified":"2022-03-16T12:41:57","modified_gmt":"2022-03-16T08:41:57","slug":"rus-imperiyasi-cok%c9%99c%c9%99k-iranin-avropada-movqeyi-artacaq-erm%c9%99ni-analitikl%c9%99rin-sok-proqnozlari","status":"publish","type":"post","link":"https:\/\/veteran.az\/?p=15442","title":{"rendered":"\u201cRus imperiyas\u0131 \u00e7\u00f6k\u0259c\u0259k, \u0130ran\u0131n Avropada m\u00f6vqeyi artacaq\u201d \u2013 Erm\u0259ni analitikl\u0259rin \u015eOK PROQNOZLARI"},"content":{"rendered":"\n<p><strong>\u201cD\u00fcnya s\u00fcr\u0259tl\u0259 d\u0259yi\u015fir. G\u00fccl\u0259rin B\u00f6y\u00fck Yax\u0131n \u015e\u0259rq siyas\u0259ti detallar\u0131na q\u0259d\u0259r, \u00f6l\u00e7\u00fcl\u00fcb-bi\u00e7ilmi\u015f \u015f\u0259kild\u0259 h\u0259yata ke\u00e7irilir\u201d.<\/strong><\/p>\n\n\n\n<p>Erm\u0259nistan\u0131n analitik m\u0259rk\u0259zl\u0259rind\u0259n birinin haz\u0131rlad\u0131\u011f\u0131 ara\u015fd\u0131rma yaz\u0131da bel\u0259 vur\u011fulan\u0131r.<\/p>\n\n\n\n<p>Analitik m\u0259qal\u0259d\u0259 vur\u011fulan\u0131r ki, \u0259g\u0259r soyuq m\u00fcharib\u0259nin yekunu olaraq SSR\u0130 da\u011f\u0131lm\u0131\u015fd\u0131sa, Var\u015fava M\u00fcqavil\u0259si T\u0259\u015fkilat\u0131 l\u0259\u011fv olunmu\u015fdusa, \u0259r\u0259b bahar\u0131 adlanan prosesl\u0259rd\u0259n sonra d\u00fcnya yenid\u0259n qurulur.<\/p>\n\n\n\n<p>Analitik yaz\u0131da daha sonra deyilir: \u201cT\u0259sad\u00fcfi deyil ki, bu d\u00f6vr\u0259nin sonu Rusiyan\u0131n faktiki par\u00e7alanmas\u0131 il\u0259 bit\u0259c\u0259k. V\u0259 bununla da Erm\u0259nistan\u0131n qon\u015fulu\u011funda olan rus imperiyas\u0131n\u0131n \u00f6mr\u00fc sona \u00e7atacaq ki, bunun ard\u0131nca onun m\u00fctt\u0259fiqi, Osmanl\u0131 \u0130mperiyas\u0131n\u0131n qal\u0131\u011f\u0131 olan T\u00fcrkiy\u0259nin d\u0259rhal par\u00e7alanmas\u0131 ba\u015f ver\u0259c\u0259k.<\/p>\n\n\n\n<p>B\u0259li, d\u00fcnya d\u0259yi\u015fir v\u0259 bu, B\u00f6y\u00fck Yax\u0131n \u015e\u0259rq regionunun geosiyasi diqq\u0259t m\u0259rk\u0259zind\u0259 olmaqla h\u0259m d\u0259 bizim \u00fcmumi m\u00fchitimiz\u0259 b\u00f6y\u00fck t\u0259sir g\u00f6st\u0259r\u0259c\u0259k. Biz tamamil\u0259 yeni m\u00fchitd\u0259 davaml\u0131 m\u00f6vcudlu\u011fumuzu v\u0259 inki\u015faf\u0131m\u0131z\u0131 t\u0259min etm\u0259k \u00fc\u00e7\u00fcn yeni strategiyalar haz\u0131rlamal\u0131y\u0131q.<\/p>\n\n\n\n<p>Yeni strategiyalar\u0131m\u0131zda \u0259n az\u0131 bunu n\u0259z\u0259r\u0259 almal\u0131y\u0131q:<\/p>\n\n\n\n<p>B\u00f6lg\u0259miz Rusiya v\u0259 T\u00fcrkiy\u0259nin t\u0259sir v\u0259 m\u00fcdaxil\u0259l\u0259rind\u0259n azad olacaq v\u0259 bununla da Qafqazda Rusiya-T\u00fcrkiy\u0259 h\u0259rbi m\u00f6vcudlu\u011fu olmayacaq. Bu arada \u0130ran\u0131n \u00e7\u0259kisi v\u0259 rolu xeyli d\u0259yi\u015f\u0259c\u0259k. Bu, AB\u015e-\u0131n \u0130ran\u0131n b\u00fct\u00fcn Q\u0259rb \u00fc\u00e7\u00fcn imkanlar\u0131n\u0131 k\u0259skin \u015f\u0259kild\u0259 art\u0131rmas\u0131 \u00fc\u00e7\u00fcn bu \u00f6lk\u0259 il\u0259 m\u00fcnasib\u0259tl\u0259rini t\u0259dric\u0259n yax\u015f\u0131la\u015fd\u0131racaq.<\/p>\n\n\n\n<p>\u0130ran bu g\u00fcn Q\u0259rb \u00fc\u00e7\u00fcn qism\u0259n T\u00fcrkiy\u0259 rolunu oynayacaq, Rusiya \u0259v\u0259zin\u0259 Q\u0259rbin \u0259sas enerji t\u0259chizat\u00e7\u0131lar\u0131ndan birin\u0259 \u00e7evril\u0259c\u0259k, h\u0259m\u00e7inin Hindistandan Avropaya b\u00f6y\u00fck k\u00f6rp\u00fc olacaq. AB\u015e \u0130ranla bir d\u0259 ona g\u00f6r\u0259 yax\u0131nla\u015facaq ki, \u00c7inin Bir Qlobal Zona \u2013 Bir Yol kommunikasiya layih\u0259sini z\u0259r\u0259rsizl\u0259\u015fdirsin.<\/p>\n\n\n\n<p>Bundan \u0259lav\u0259, eyni m\u0259qs\u0259dl\u0259 \u015eimal-C\u0259nub kommunikasiya mar\u015frutunun \u0259sas c\u0259nub operatoru v\u0259 benefisiar\u0131 olan n\u0259h\u0259ng Hindistan \u00c7ini cilovlamaq m\u0259qs\u0259di il\u0259 regionumuzla strateji \u0259laq\u0259l\u0259r\u0259 girir.<\/p>\n\n\n\n<p><br>\u015e\u00fcbh\u0259siz ki, artan AB\u015e-\u00c7in r\u0259qab\u0259ti kontekstind\u0259 g\u00f6zl\u0259nil\u0259n dig\u0259r inki\u015faflar v\u0259 g\u0259rginlikl\u0259r regionumuza t\u0259sir ed\u0259c\u0259k.<\/p>\n\n\n\n<p>B\u00fct\u00fcn bunlar\u0131n fonunda y\u0259qin ki, \u0130srail faktoru azalacaq.<\/p>\n\n\n\n<p>B\u00fct\u00fcn bu kontekstd\u0259, x\u00fcsus\u0259n d\u0259 yeni d\u00fcnya nizam\u0131n\u0131n birinci, daha t\u0259lat\u00fcml\u00fc m\u0259rh\u0259l\u0259sind\u0259, h\u0259m \u00e7a\u011f\u0131r\u0131\u015flar, h\u0259m d\u0259 regionun h\u0259r bir yerli xalq\u0131n\u0131n v\u0259 \u00f6lk\u0259l\u0259rinin inki\u015faf\u0131 v\u0259 g\u00fccl\u0259nm\u0259si \u00fc\u00e7\u00fcn imkanlar \u0259h\u0259miyy\u0259tli d\u0259r\u0259c\u0259d\u0259 artacaq.<\/p>\n\n\n\n<p>M\u00fcvafiq olaraq, ham\u0131m\u0131z bir-birimizin fikir ayr\u0131l\u0131qlar\u0131n\u0131 h\u0259ll etm\u0259liyik, b\u00fct\u00fcn m\u00fcmk\u00fcn \u0259m\u0259kda\u015fl\u0131q h\u0259ll yollar\u0131n\u0131 axtarmal\u0131 v\u0259 s\u0259m\u0259r\u0259li istifad\u0259 etm\u0259liyik\u201d.<\/p>\n\n\n\n<p>Qeyd ed\u0259k ki, bu analitik yaz\u0131 art\u0131q Erm\u0259nistan\u0131n m\u00fcvafiq strukturlar\u0131 t\u0259r\u0259find\u0259n ictimai\u015fl\u0259\u015fdirilib.<\/p>\n\n\n\n<p>Yeri g\u0259lmi\u015fk\u0259n, bu yaz\u0131n\u0131 Jirayr Sefilyan da \u00f6z\u00fcn\u00fcn teleqram kanal\u0131nda payla\u015f\u0131b.<\/p>\n\n\n\n<p>M\u0259nb\u0259: Konkret.az<\/p>\n","protected":false},"excerpt":{"rendered":"<p>\u201cD\u00fcnya s\u00fcr\u0259tl\u0259 d\u0259yi\u015fir. G\u00fccl\u0259rin B\u00f6y\u00fck Yax\u0131n \u015e\u0259rq siyas\u0259ti detallar\u0131na q\u0259d\u0259r, \u00f6l\u00e7\u00fcl\u00fcb-bi\u00e7ilmi\u015f \u015f\u0259kild\u0259 h\u0259yata ke\u00e7irilir\u201d. Erm\u0259nistan\u0131n&#8230;<\/p>\n","protected":false},"author":3,"featured_media":0,"comment_status":"closed","ping_status":"closed","sticky":false,"template":"","format":"standard","meta":{"footnotes":""},"categories":[6],"tags":[],"class_list":["post-15442","post","type-post","status-publish","format-standard","hentry","category-cmiyyt"],"featured_image_urls":{"full":"","thumbnail":"","medium":"","medium_large":"","large":"","1536x1536":"","2048x2048":"","covernews-slider-full":"","covernews-slider-center":"","covernews-featured":"","covernews-medium":"","covernews-medium-square":""},"author_info":{"display_name":"Veteran.az","author_link":"https:\/\/veteran.az\/?author=3"},"category_info":"<a href=\"https:\/\/veteran.az\/?cat=6\" rel=\"category\">C\u0259miyy\u0259t<\/a>","tag_info":"C\u0259miyy\u0259t","comment_count":"0","_links":{"self":[{"href":"https:\/\/veteran.az\/index.php?rest_route=\/wp\/v2\/posts\/15442","targetHints":{"allow":["GET"]}}],"collection":[{"href":"https:\/\/veteran.az\/index.php?rest_route=\/wp\/v2\/posts"}],"about":[{"href":"https:\/\/veteran.az\/index.php?rest_route=\/wp\/v2\/types\/post"}],"author":[{"embeddable":true,"href":"https:\/\/veteran.az\/index.php?rest_route=\/wp\/v2\/users\/3"}],"replies":[{"embeddable":true,"href":"https:\/\/veteran.az\/index.php?rest_route=%2Fwp%2Fv2%2Fcomments&post=15442"}],"version-history":[{"count":1,"href":"https:\/\/veteran.az\/index.php?rest_route=\/wp\/v2\/posts\/15442\/revisions"}],"predecessor-version":[{"id":15444,"href":"https:\/\/veteran.az\/index.php?rest_route=\/wp\/v2\/posts\/15442\/revisions\/15444"}],"wp:attachment":[{"href":"https:\/\/veteran.az\/index.php?rest_route=%2Fwp%2Fv2%2Fmedia&parent=15442"}],"wp:term":[{"taxonomy":"category","embeddable":true,"href":"https:\/\/veteran.az\/index.php?rest_route=%2Fwp%2Fv2%2Fcategories&post=15442"},{"taxonomy":"post_tag","embeddable":true,"href":"https:\/\/veteran.az\/index.php?rest_route=%2Fwp%2Fv2%2Ftags&post=15442"}],"curies":[{"name":"wp","href":"https:\/\/api.w.org\/{rel}","templated":true}]}}