{"id":15428,"date":"2022-03-15T14:04:05","date_gmt":"2022-03-15T10:04:05","guid":{"rendered":"http:\/\/veteran.az\/?p=15428"},"modified":"2022-03-15T14:04:05","modified_gmt":"2022-03-15T10:04:05","slug":"ukrayna-muharib%c9%99si-haqda-klip-c%c9%99kildi","status":"publish","type":"post","link":"https:\/\/veteran.az\/?p=15428","title":{"rendered":"Ukrayna m\u00fcharib\u0259si haqda klip \u00e7\u0259kildi"},"content":{"rendered":"\n<p><strong>M\u0259\u015fhur ukraynal\u0131 m\u00fc\u011f\u0259nni Nastya Kamenskix \u201cM\u0259n Ukraynayam\u201d mahn\u0131s\u0131na klip \u00e7\u0259kdirib.<\/strong><\/p>\n\n\n\n<p>Kult.az\u00a0x\u0259b\u0259r verir ki, o, bu bar\u0259d\u0259 \u0130nstaqramda video payla\u015f\u0131b.<\/p>\n\n\n\n<p>Klipd\u0259 Ukraynada m\u00fcharib\u0259, g\u00fcll\u0259baran v\u0259 yan\u011f\u0131n kadrlar\u0131 yer al\u0131b.<\/p>\n\n\n\n<p>\u201cUkraynal\u0131lar! Biz h\u0259r \u015fey\u0259 d\u00f6z\u0259c\u0259yik! Biz g\u00fccl\u00fcy\u00fck! Bu g\u00fcnl\u0259rd\u0259 \u0259b\u0259diyy\u0259t\u0259 qovu\u015fmu\u015f he\u00e7 kimi unutmayaq! N\u0259 q\u0259d\u0259r \u00e7\u0259tin olsa da, dayan\u0131r\u0131q. Bu g\u00fcn h\u0259r birimiz Ukraynay\u0131q\u201d, &#8212; Kamenski video payla\u015f\u0131mda bildirib.<\/p>\n\n\n\n<figure class=\"wp-block-embed is-type-video is-provider-youtube wp-block-embed-youtube wp-embed-aspect-16-9 wp-has-aspect-ratio\"><div class=\"wp-block-embed__wrapper\">\n<iframe loading=\"lazy\" title=\"Nastya Kamenskix - M\u0259n Ukraynayam\" width=\"640\" height=\"360\" src=\"https:\/\/www.youtube.com\/embed\/m_xTM_FEZ5M?feature=oembed\" frameborder=\"0\" allow=\"accelerometer; autoplay; clipboard-write; encrypted-media; gyroscope; picture-in-picture; web-share\" referrerpolicy=\"strict-origin-when-cross-origin\" allowfullscreen><\/iframe>\n<\/div><\/figure>\n","protected":false},"excerpt":{"rendered":"<p>M\u0259\u015fhur ukraynal\u0131 m\u00fc\u011f\u0259nni Nastya Kamenskix \u201cM\u0259n Ukraynayam\u201d mahn\u0131s\u0131na klip \u00e7\u0259kdirib. Kult.az\u00a0x\u0259b\u0259r verir ki, o, bu&#8230;<\/p>\n","protected":false},"author":3,"featured_media":0,"comment_status":"closed","ping_status":"closed","sticky":false,"template":"","format":"standard","meta":{"footnotes":""},"categories":[7],"tags":[],"class_list":["post-15428","post","type-post","status-publish","format-standard","hentry","category-dunya"],"featured_image_urls":{"full":"","thumbnail":"","medium":"","medium_large":"","large":"","1536x1536":"","2048x2048":"","covernews-slider-full":"","covernews-slider-center":"","covernews-featured":"","covernews-medium":"","covernews-medium-square":""},"author_info":{"display_name":"Veteran.az","author_link":"https:\/\/veteran.az\/?author=3"},"category_info":"<a href=\"https:\/\/veteran.az\/?cat=7\" rel=\"category\">D\u00fcnya<\/a>","tag_info":"D\u00fcnya","comment_count":"0","_links":{"self":[{"href":"https:\/\/veteran.az\/index.php?rest_route=\/wp\/v2\/posts\/15428","targetHints":{"allow":["GET"]}}],"collection":[{"href":"https:\/\/veteran.az\/index.php?rest_route=\/wp\/v2\/posts"}],"about":[{"href":"https:\/\/veteran.az\/index.php?rest_route=\/wp\/v2\/types\/post"}],"author":[{"embeddable":true,"href":"https:\/\/veteran.az\/index.php?rest_route=\/wp\/v2\/users\/3"}],"replies":[{"embeddable":true,"href":"https:\/\/veteran.az\/index.php?rest_route=%2Fwp%2Fv2%2Fcomments&post=15428"}],"version-history":[{"count":1,"href":"https:\/\/veteran.az\/index.php?rest_route=\/wp\/v2\/posts\/15428\/revisions"}],"predecessor-version":[{"id":15430,"href":"https:\/\/veteran.az\/index.php?rest_route=\/wp\/v2\/posts\/15428\/revisions\/15430"}],"wp:attachment":[{"href":"https:\/\/veteran.az\/index.php?rest_route=%2Fwp%2Fv2%2Fmedia&parent=15428"}],"wp:term":[{"taxonomy":"category","embeddable":true,"href":"https:\/\/veteran.az\/index.php?rest_route=%2Fwp%2Fv2%2Fcategories&post=15428"},{"taxonomy":"post_tag","embeddable":true,"href":"https:\/\/veteran.az\/index.php?rest_route=%2Fwp%2Fv2%2Ftags&post=15428"}],"curies":[{"name":"wp","href":"https:\/\/api.w.org\/{rel}","templated":true}]}}