{"id":15331,"date":"2022-03-09T11:26:40","date_gmt":"2022-03-09T07:26:40","guid":{"rendered":"http:\/\/veteran.az\/?p=15331"},"modified":"2022-03-09T11:27:51","modified_gmt":"2022-03-09T07:27:51","slug":"uc-az%c9%99rbaycanli-ail%c9%99-ruslarin-isgal-etdiyi-k%c9%99ndd%c9%99n-cixa-bilmir","status":"publish","type":"post","link":"https:\/\/veteran.az\/?p=15331","title":{"rendered":"\u00dc\u00e7 az\u0259rbaycanl\u0131 ail\u0259 ruslar\u0131n i\u015f\u011fal etdiyi k\u0259ndd\u0259n \u00e7\u0131xa bilmir"},"content":{"rendered":"\n<p><strong>Rusiyan\u0131n Ukrayna \u0259razisil\u0259rini i\u015f\u011fal&nbsp;<\/strong><strong>etm\u0259si n\u0259tic\u0259sind\u0259 bu \u00f6lk\u0259d\u0259 olan Az\u0259rbaycan v\u0259t\u0259nda\u015flar\u0131 probleml\u0259r ya\u015famaqda davam edirl\u0259r.<\/strong><\/p>\n\n\n\n<p>Ukraynan\u0131n m\u00fcxt\u0259lif \u015f\u0259h\u0259r v\u0259 rayonlar\u0131nda qalan \u00e7oxlu sayda Az\u0259rbaycan v\u0259t\u0259nda\u015flar\u0131 t\u0259xliy\u0259 edil\u0259c\u0259yi g\u00fcn\u00fc g\u00f6zl\u0259yirl\u0259r.<\/p>\n\n\n\n<p>U\u015faqlar v\u0259 hamil\u0259 qad\u0131n\u0131n da oldu\u011fu 3 az\u0259rbaycanl\u0131 ail\u0259 Rusiya Silahl\u0131 Q\u00fcvv\u0259l\u0259rinin i\u015f\u011fal\u0131 alt\u0131nda olan k\u0259ndd\u0259 qal\u0131blar.<\/p>\n\n\n\n<p><strong>3 ail\u0259nin 15 \u00fczv\u00fc Ba\u015fdansk rayonunda yerl\u0259\u015f\u0259n k\u0259ndl\u0259rd\u0259n birind\u0259 ya\u015fay\u0131rd\u0131. Ancaq ya\u015fad\u0131qlar\u0131 k\u0259nd at\u0259\u015f\u0259 tutuldu\u011fundan, onlar haz\u0131rda bu rayonun Mixayilovka k\u0259ndind\u0259ki bir fermada qalmal\u0131 olublar.<\/strong><\/p>\n\n\n\n<p>H\u0259min k\u0259nd Rusiya Silahl\u0131 Q\u00fcvv\u0259l\u0259ri t\u0259r\u0259find\u0259n&nbsp;tam i\u015f\u011fal edildiyind\u0259n onlar he\u00e7 c\u00fcr \u0259razini t\u0259rk ed\u0259 bilmirl\u0259r. Onlar deyirl\u0259r ki, m\u0259hz bu s\u0259b\u0259bd\u0259n \u0259rzaqla t\u0259minatda problem ya\u015fay\u0131rlar.<\/p>\n\n\n\n<p>M\u0259nb\u0259: Qafqazmedia.az<\/p>\n\n\n\n<p><strong>P.S. Elmira sa\u011fd\u0131 bu biz\u0259 b\u0259sdi&#8230;<\/strong><\/p>\n\n\n\n<figure class=\"wp-block-embed is-type-video is-provider-youtube wp-block-embed-youtube wp-embed-aspect-16-9 wp-has-aspect-ratio\"><div class=\"wp-block-embed__wrapper\">\n<iframe loading=\"lazy\" title=\"\u00dc\u00e7 az\u0259rbaycanl\u0131 ail\u0259 Ukraynada rus h\u0259rb\u00e7il\u0259rin n\u0259zar\u0259tind\u0259 olan k\u0259ndd\u0259n \u00e7\u0131xa bilmirl\u0259r\" width=\"640\" height=\"360\" src=\"https:\/\/www.youtube.com\/embed\/lh-3i0KCDeo?feature=oembed\" frameborder=\"0\" allow=\"accelerometer; autoplay; clipboard-write; encrypted-media; gyroscope; picture-in-picture; web-share\" referrerpolicy=\"strict-origin-when-cross-origin\" allowfullscreen><\/iframe>\n<\/div><\/figure>\n","protected":false},"excerpt":{"rendered":"<p>Rusiyan\u0131n Ukrayna \u0259razisil\u0259rini i\u015f\u011fal&nbsp;etm\u0259si n\u0259tic\u0259sind\u0259 bu \u00f6lk\u0259d\u0259 olan Az\u0259rbaycan v\u0259t\u0259nda\u015flar\u0131 probleml\u0259r ya\u015famaqda davam edirl\u0259r. Ukraynan\u0131n&#8230;<\/p>\n","protected":false},"author":3,"featured_media":15332,"comment_status":"closed","ping_status":"closed","sticky":false,"template":"","format":"standard","meta":{"footnotes":""},"categories":[6],"tags":[],"class_list":["post-15331","post","type-post","status-publish","format-standard","has-post-thumbnail","hentry","category-cmiyyt"],"featured_image_urls":{"full":["https:\/\/veteran.az\/wp-content\/uploads\/2022\/03\/5XA.jpg",767,433,false],"thumbnail":["https:\/\/veteran.az\/wp-content\/uploads\/2022\/03\/5XA-150x150.jpg",150,150,true],"medium":["https:\/\/veteran.az\/wp-content\/uploads\/2022\/03\/5XA-300x169.jpg",300,169,true],"medium_large":["https:\/\/veteran.az\/wp-content\/uploads\/2022\/03\/5XA.jpg",640,361,false],"large":["https:\/\/veteran.az\/wp-content\/uploads\/2022\/03\/5XA.jpg",640,361,false],"1536x1536":["https:\/\/veteran.az\/wp-content\/uploads\/2022\/03\/5XA.jpg",767,433,false],"2048x2048":["https:\/\/veteran.az\/wp-content\/uploads\/2022\/03\/5XA.jpg",767,433,false],"covernews-slider-full":["https:\/\/veteran.az\/wp-content\/uploads\/2022\/03\/5XA.jpg",767,433,false],"covernews-slider-center":["https:\/\/veteran.az\/wp-content\/uploads\/2022\/03\/5XA.jpg",767,433,false],"covernews-featured":["https:\/\/veteran.az\/wp-content\/uploads\/2022\/03\/5XA.jpg",767,433,false],"covernews-medium":["https:\/\/veteran.az\/wp-content\/uploads\/2022\/03\/5XA-720x380.jpg",540,285,true],"covernews-medium-square":["https:\/\/veteran.az\/wp-content\/uploads\/2022\/03\/5XA-675x433.jpg",390,250,true]},"author_info":{"display_name":"Veteran.az","author_link":"https:\/\/veteran.az\/?author=3"},"category_info":"<a href=\"https:\/\/veteran.az\/?cat=6\" rel=\"category\">C\u0259miyy\u0259t<\/a>","tag_info":"C\u0259miyy\u0259t","comment_count":"0","_links":{"self":[{"href":"https:\/\/veteran.az\/index.php?rest_route=\/wp\/v2\/posts\/15331","targetHints":{"allow":["GET"]}}],"collection":[{"href":"https:\/\/veteran.az\/index.php?rest_route=\/wp\/v2\/posts"}],"about":[{"href":"https:\/\/veteran.az\/index.php?rest_route=\/wp\/v2\/types\/post"}],"author":[{"embeddable":true,"href":"https:\/\/veteran.az\/index.php?rest_route=\/wp\/v2\/users\/3"}],"replies":[{"embeddable":true,"href":"https:\/\/veteran.az\/index.php?rest_route=%2Fwp%2Fv2%2Fcomments&post=15331"}],"version-history":[{"count":2,"href":"https:\/\/veteran.az\/index.php?rest_route=\/wp\/v2\/posts\/15331\/revisions"}],"predecessor-version":[{"id":15334,"href":"https:\/\/veteran.az\/index.php?rest_route=\/wp\/v2\/posts\/15331\/revisions\/15334"}],"wp:featuredmedia":[{"embeddable":true,"href":"https:\/\/veteran.az\/index.php?rest_route=\/wp\/v2\/media\/15332"}],"wp:attachment":[{"href":"https:\/\/veteran.az\/index.php?rest_route=%2Fwp%2Fv2%2Fmedia&parent=15331"}],"wp:term":[{"taxonomy":"category","embeddable":true,"href":"https:\/\/veteran.az\/index.php?rest_route=%2Fwp%2Fv2%2Fcategories&post=15331"},{"taxonomy":"post_tag","embeddable":true,"href":"https:\/\/veteran.az\/index.php?rest_route=%2Fwp%2Fv2%2Ftags&post=15331"}],"curies":[{"name":"wp","href":"https:\/\/api.w.org\/{rel}","templated":true}]}}