{"id":15310,"date":"2022-03-08T12:00:30","date_gmt":"2022-03-08T08:00:30","guid":{"rendered":"http:\/\/veteran.az\/?p=15310"},"modified":"2022-03-08T12:14:54","modified_gmt":"2022-03-08T08:14:54","slug":"ukraynalilar-rusiyanin-daha-bir-kolonunu-m%c9%99hv-etdil%c9%99r-video","status":"publish","type":"post","link":"https:\/\/veteran.az\/?p=15310","title":{"rendered":"AVMV\u0130B s\u0259dri Az\u0259rbaycan xan\u0131mlar\u0131n\u0131 t\u0259brik etdi"},"content":{"rendered":"\n<p><strong>Az\u0259rbaycan V\u0259t\u0259n M\u00fcharib\u0259si Veteranlar\u0131 \u0130ctimai Birliyinin (AVMV\u0130B) s\u0259dri F\u00fczuli Rzaquliyev 8 Mart Beyn\u0259lxalq Qad\u0131nlar G\u00fcn\u00fc m\u00fcnasib\u0259til\u0259 Az\u0259rbaycan xan\u0131mlar\u0131n\u0131, \u015f\u0259hid analar\u0131, h\u0259yat yolda\u015flar\u0131 v\u0259 bac\u0131lar\u0131n\u0131, d\u00f6y\u00fc\u015f\u00e7\u00fc xan\u0131mlar\u0131m\u0131z\u0131 t\u0259brik edib.<\/strong><\/p>\n\n\n\n<p>AVMV\u0130B s\u0259dri F. Rzaquliyev deyib: \u00abMill\u0259tin formala\u015fmas\u0131 v\u0259 onun v\u0259t\u0259np\u0259rv\u0259r ruhda b\u00f6y\u00fcm\u0259si qad\u0131nlarm\u0131z\u0131n ad\u0131yla ba\u011fl\u0131d\u0131r. Qad\u0131n m\u00fcq\u0259dd\u0259s \u015f\u0259hidl\u0259rimizin anas\u0131, bac\u0131s\u0131 v\u0259 yaxud da xan\u0131m\u0131d\u0131r. 44 g\u00fcnl\u00fck V\u0259t\u0259n m\u00fcharib\u0259si g\u00fcnl\u0259rind\u0259 Az\u0259rbaycan qad\u0131n\u0131 b\u00fct\u00fcn d\u00fcnyaya \u00f6z c\u0259sur v\u0259 m\u0259\u011frurlu\u011funu g\u00f6st\u0259rdi. Bu m\u0259ml\u0259k\u0259t o\u011ful v\u0259 h\u0259yat yolda\u015f\u0131n\u0131n tabutuna \u00e7iyin ver\u0259n xan\u0131mlar\u0131n z\u0259rif \u00e7iyinl\u0259ri \u00fcz\u0259rind\u0259 dayan\u0131b.<\/p>\n\n\n\n<p><br>Az\u0259rbaycan qad\u0131n\u0131 m\u0259n\u0259vi t\u0259bi\u0259tin\u0259 sadiq qalaraq, z\u0259rifliyin, \u00fclviliyin v\u0259 g\u00f6z\u0259lliyin r\u0259mzi olan ad\u0131n\u0131n ucal\u0131\u011f\u0131n\u0131 h\u0259mi\u015f\u0259 qoruyub saxlam\u0131\u015fd\u0131r. Tarix boyu Az\u0259rbaycan qad\u0131nlar\u0131 tarixd\u0259 parlaq s\u0259hif\u0259l\u0259r yazm\u0131\u015flar. M\u0259hz bu analar\u0131n say\u0259sind\u0259 m\u00fcr\u0259kk\u0259b d\u00f6vrl\u0259rin t\u0259qib v\u0259 s\u0131naqlar\u0131na qalib g\u0259l\u0259r\u0259k, bir Z\u0259f\u0259r dastan\u0131n\u0131 yaza bildik.<\/p>\n\n\n\n<p>Ey \u015f\u0259r\u0259fli Az\u0259rbaycan qad\u0131n\u0131! Bayram\u0131n\u0131z m\u00fcbar\u0259k! Tanr\u0131 Sizl\u0259ri qorusun v\u0259 \u00e7\u00f6hr\u0259nizd\u0259n t\u0259b\u0259ss\u00fcml\u0259riniz \u0259skik olmas\u0131n!<\/p>\n\n\n\n<p><br><strong>AVMV\u0130B M\u0259tbuat Xidm\u0259ti<\/strong><\/p>\n","protected":false},"excerpt":{"rendered":"<p>Az\u0259rbaycan V\u0259t\u0259n M\u00fcharib\u0259si Veteranlar\u0131 \u0130ctimai Birliyinin (AVMV\u0130B) s\u0259dri F\u00fczuli Rzaquliyev 8 Mart Beyn\u0259lxalq Qad\u0131nlar G\u00fcn\u00fc&#8230;<\/p>\n","protected":false},"author":3,"featured_media":15314,"comment_status":"closed","ping_status":"closed","sticky":false,"template":"","format":"standard","meta":{"footnotes":""},"categories":[6],"tags":[],"class_list":["post-15310","post","type-post","status-publish","format-standard","has-post-thumbnail","hentry","category-cmiyyt"],"featured_image_urls":{"full":["https:\/\/veteran.az\/wp-content\/uploads\/2022\/03\/KK7-685x400-1.jpg",685,400,false],"thumbnail":["https:\/\/veteran.az\/wp-content\/uploads\/2022\/03\/KK7-685x400-1-150x150.jpg",150,150,true],"medium":["https:\/\/veteran.az\/wp-content\/uploads\/2022\/03\/KK7-685x400-1-300x175.jpg",300,175,true],"medium_large":["https:\/\/veteran.az\/wp-content\/uploads\/2022\/03\/KK7-685x400-1.jpg",640,374,false],"large":["https:\/\/veteran.az\/wp-content\/uploads\/2022\/03\/KK7-685x400-1.jpg",640,374,false],"1536x1536":["https:\/\/veteran.az\/wp-content\/uploads\/2022\/03\/KK7-685x400-1.jpg",685,400,false],"2048x2048":["https:\/\/veteran.az\/wp-content\/uploads\/2022\/03\/KK7-685x400-1.jpg",685,400,false],"covernews-slider-full":["https:\/\/veteran.az\/wp-content\/uploads\/2022\/03\/KK7-685x400-1.jpg",685,400,false],"covernews-slider-center":["https:\/\/veteran.az\/wp-content\/uploads\/2022\/03\/KK7-685x400-1.jpg",685,400,false],"covernews-featured":["https:\/\/veteran.az\/wp-content\/uploads\/2022\/03\/KK7-685x400-1.jpg",685,400,false],"covernews-medium":["https:\/\/veteran.az\/wp-content\/uploads\/2022\/03\/KK7-685x400-1-685x380.jpg",540,300,true],"covernews-medium-square":["https:\/\/veteran.az\/wp-content\/uploads\/2022\/03\/KK7-685x400-1-675x400.jpg",400,237,true]},"author_info":{"display_name":"Veteran.az","author_link":"https:\/\/veteran.az\/?author=3"},"category_info":"<a href=\"https:\/\/veteran.az\/?cat=6\" rel=\"category\">C\u0259miyy\u0259t<\/a>","tag_info":"C\u0259miyy\u0259t","comment_count":"0","_links":{"self":[{"href":"https:\/\/veteran.az\/index.php?rest_route=\/wp\/v2\/posts\/15310","targetHints":{"allow":["GET"]}}],"collection":[{"href":"https:\/\/veteran.az\/index.php?rest_route=\/wp\/v2\/posts"}],"about":[{"href":"https:\/\/veteran.az\/index.php?rest_route=\/wp\/v2\/types\/post"}],"author":[{"embeddable":true,"href":"https:\/\/veteran.az\/index.php?rest_route=\/wp\/v2\/users\/3"}],"replies":[{"embeddable":true,"href":"https:\/\/veteran.az\/index.php?rest_route=%2Fwp%2Fv2%2Fcomments&post=15310"}],"version-history":[{"count":2,"href":"https:\/\/veteran.az\/index.php?rest_route=\/wp\/v2\/posts\/15310\/revisions"}],"predecessor-version":[{"id":15315,"href":"https:\/\/veteran.az\/index.php?rest_route=\/wp\/v2\/posts\/15310\/revisions\/15315"}],"wp:featuredmedia":[{"embeddable":true,"href":"https:\/\/veteran.az\/index.php?rest_route=\/wp\/v2\/media\/15314"}],"wp:attachment":[{"href":"https:\/\/veteran.az\/index.php?rest_route=%2Fwp%2Fv2%2Fmedia&parent=15310"}],"wp:term":[{"taxonomy":"category","embeddable":true,"href":"https:\/\/veteran.az\/index.php?rest_route=%2Fwp%2Fv2%2Fcategories&post=15310"},{"taxonomy":"post_tag","embeddable":true,"href":"https:\/\/veteran.az\/index.php?rest_route=%2Fwp%2Fv2%2Ftags&post=15310"}],"curies":[{"name":"wp","href":"https:\/\/api.w.org\/{rel}","templated":true}]}}