{"id":15274,"date":"2022-03-06T09:45:25","date_gmt":"2022-03-06T05:45:25","guid":{"rendered":"http:\/\/veteran.az\/?p=15274"},"modified":"2022-03-06T09:45:25","modified_gmt":"2022-03-06T05:45:25","slug":"zelenski-q%c9%99rbin-oyunbazligindan-bezdiyi-ortadadir","status":"publish","type":"post","link":"https:\/\/veteran.az\/?p=15274","title":{"rendered":"Zelenski Q\u0259rbin oyunbazl\u0131\u011f\u0131ndan bezdiyi ortadad\u0131r"},"content":{"rendered":"\n<p><strong>\u201c\u018fmin\u0259m ki, biz tezlikl\u0259 v\u0259t\u0259nda\u015flar\u0131m\u0131za dey\u0259c\u0259yik: qay\u0131d\u0131n\u201d&#8230;<\/strong><\/p>\n\n\n\n<p><strong><br>Bunu Ukrayna Prezidenti Volodimir Zelenski mart\u0131n 5-d\u0259 xalqa m\u00fcraci\u0259tind\u0259 bildirib.<\/strong><\/p>\n\n\n\n<p><br>\u201c\u018fmin\u0259m ki, biz tezlikl\u0259 v\u0259t\u0259nda\u015flar\u0131m\u0131za dey\u0259c\u0259yik: qay\u0131d\u0131n, \u00e7\u00fcnki sizi art\u0131q he\u00e7 bir t\u0259hl\u00fck\u0259 g\u00f6zl\u0259mir. Pol\u015fadan, Rum\u0131niyadan, Slovakiyadan v\u0259 ba\u015fqa \u00f6lk\u0259l\u0259rd\u0259n qay\u0131d\u0131n. Art\u0131q Ukraynan\u0131n b\u0259rpas\u0131 \u00fc\u00e7\u00fcn onlarla milyard dollar ayr\u0131l\u0131b. Bu, ilk q\u0259rard\u0131r. Biz i\u015f\u011fal\u00e7\u0131lara b\u00f6y\u00fck z\u0259rb\u0259 vururuq. Rusiya ordusu 10 min\u0259 yax\u0131n canl\u0131 q\u00fcvv\u0259 itirib. Bu d\u0259h\u015f\u0259tdir, \u0259sg\u0259rl\u0259r 18-20 ya\u015f\u0131ndad\u0131r. Onlar niy\u0259 df\u00f6y\u00fc\u015fd\u00fckl\u0259rini bel\u0259 izah ed\u0259 bilmirl\u0259r. Rusiya onlara \u00f6l\u00fcmd\u0259n ba\u015fqa da n\u0259s\u0259 ver\u0259 bil\u0259rdi. Biz dan\u0131\u015f\u0131qlar n\u0259tic\u0259sind\u0259 \u0259ld\u0259 olunmu\u015f raz\u0131la\u015fman\u0131n \u00fcz\u0259rimiz\u0259 d\u00fc\u015f\u0259n hiss\u0259sin\u0259 \u0259m\u0259l edirik\u201d, &#8212; dey\u0259 d\u00f6vl\u0259t ba\u015f\u00e7\u0131s\u0131 vur\u011fulay\u0131b.<\/p>\n\n\n\n<p><br>Yeni h\u00fccumlar\u0131n v\u0259 itkil\u0259rin qa\u00e7\u0131lmaz oldu\u011funu bil\u0259n NATO \u015f\u00fcurlu \u015f\u0259kild\u0259 Ukraynan\u0131n hava m\u0259kan\u0131n\u0131 ba\u011flamama\u011fa q\u0259rar verdi. Bu g\u00fcnd\u0259n etibar\u0259n \u00f6l\u0259nl\u0259rin ham\u0131s\u0131n\u0131n s\u0259b\u0259bkar\u0131 siz olacaqs\u0131n\u0131z.<\/p>\n\n\n\n<p><br>\u201cBu g\u00fcn alyans\u0131n ed\u0259 bil\u0259c\u0259yi yegan\u0259 \u015fey Ukraynan\u0131 50 ton dizel yanaca\u011f\u0131 il\u0259 t\u0259min etm\u0259kdir! Y\u0259qin ki, Budape\u015ft Memorandumunu yand\u0131raq ki, daha yax\u015f\u0131 yans\u0131n\u201d, &#8212; Zelenski qeyd edib.<\/p>\n\n\n\n<p><br>H\u0259m\u00e7inin, Ukrayna Prezidenti Volodimir Zelenski NATO-nun Ukrayna s\u0259mas\u0131n\u0131 ba\u011flamamaq q\u0259rar\u0131n\u0131 \u015f\u0259rh edib.<\/p>\n\n\n\n<p><br>UN\u0130AN verdiyi x\u0259b\u0259r\u0259 g\u00f6r\u0259, o, m\u00fcraci\u0259tind\u0259 daha sonra bunlar\u0131 deyib:<br>&#171;NATO sammiti ba\u015f tutdu. Z\u0259if sammit, qar\u0131\u015f\u0131q sammit. He\u00e7 d\u0259 ham\u0131n\u0131n Avropa u\u011frunda azadl\u0131q m\u00fcbariz\u0259sini bir n\u00f6mr\u0259li m\u0259qs\u0259d hesab etm\u0259diyini g\u00f6st\u0259r\u0259n sammit. NATO \u00f6lk\u0259l\u0259rinin b\u00fct\u00fcn k\u0259\u015ffiyyat qurumlar\u0131 d\u00fc\u015fm\u0259nin planlar\u0131n\u0131 yax\u015f\u0131 bilirl\u0259r. Onlar da t\u0259sdiql\u0259dil\u0259r ki, Rusiya h\u00fccumu davam etdirm\u0259k ist\u0259yir. Doqquz g\u00fcnd\u00fcr ki, biz a\u011f\u0131r m\u00fcharib\u0259 g\u00f6r\u00fcr\u00fck, \u015f\u0259h\u0259rl\u0259rimizi viran qoyur, insanlar\u0131m\u0131z\u0131, u\u015faqlar\u0131m\u0131z\u0131, ya\u015fay\u0131\u015f m\u0259nt\u0259q\u0259l\u0259rini, kils\u0259l\u0259ri, m\u0259kt\u0259bl\u0259ri at\u0259\u015f\u0259 tutur, normal \u015f\u0259raiti t\u0259min ed\u0259n h\u0259r \u015feyi m\u0259hv edir\u201d, &#8212; Zelenski qeyd edib.<\/p>\n\n\n\n<p><br>NATO yeni z\u0259rb\u0259l\u0259rin v\u0259 itkil\u0259rin qa\u00e7\u0131lmaz oldu\u011funu bil\u0259r\u0259k Ukrayna s\u0259mas\u0131n\u0131 ba\u011flamamaq bar\u0259d\u0259 \u015f\u00fcurlu q\u0259rar verdi. Biz inan\u0131r\u0131q &#8212; NATO \u00f6lk\u0259l\u0259ri \u00f6zl\u0259ri bel\u0259 bir r\u0259vay\u0259t yarad\u0131blar ki, guya Ukrayna s\u0259mas\u0131n\u0131n ba\u011flanmas\u0131 Rusiyan\u0131n NATO-ya qar\u015f\u0131 birba\u015fa t\u0259cav\u00fcz\u00fcn\u0259 s\u0259b\u0259b olacaq.<br>Bu, bizd\u0259n qat-qat g\u00fccl\u00fc silahlara sahib olsalar da, z\u0259if, daxil\u0259n etibars\u0131z olanlar\u0131n \u00f6z\u00fcn\u00fc hipnozudur. \u0130nsanlar\u0131, insanl\u0131\u011f\u0131 d\u00fc\u015f\u00fcnm\u0259li idiniz. H\u0259min g\u00f6r\u00fc\u015fd\u0259 n\u0259 haqda fikirl\u0259\u015fdiniz? Bu g\u00fcnd\u0259n h\u0259lak olan b\u00fct\u00fcn insanlar da sizin ucbat\u0131n\u0131zdan, sizin z\u0259ifliyinizd\u0259n, par\u00e7alanm\u0131\u015fl\u0131\u011f\u0131n\u0131zdan \u00f6l\u0259c\u0259kl\u0259r\u201d, &#8212; Ukrayna Prezidenti deyib.<\/p>\n\n\n\n<p><br>Onun s\u00f6zl\u0259rin\u0259 g\u00f6r\u0259, bu g\u00fcn Alyans\u0131n bacard\u0131\u011f\u0131 yegan\u0259 \u015fey Ukrayna \u00fc\u00e7\u00fcn 50 ton dizel yanaca\u011f\u0131n\u0131 \u00f6z sat\u0131nalma sistemi vasit\u0259sil\u0259 \u00f6t\u00fcrm\u0259kdir.<br>&#171;G\u00f6r\u00fcn\u00fcr, Budape\u015ft Memorandumunu yand\u0131ra bil\u0259rsiniz. Daha yax\u015f\u0131 yans\u0131n. Amma bizim \u00fc\u00e7\u00fcn o, art\u0131q Rusiya qo\u015funlar\u0131n\u0131n at\u0259\u015find\u0259 yand\u0131. Bu, bizim ist\u0259diyimiz NATO idi? Sizin qurdu\u011funuz Alyans budurmu?<br>Siz s\u0259man\u0131 ba\u011flaya bil\u0259rdiniz. Amma&#8230;Bilmir\u0259m, siz kimi qoruya bilirsiniz v\u0259 \u00f6z \u00f6lk\u0259l\u0259rinizi &#8212; Alyans \u00f6lk\u0259l\u0259rini qoruya bilirsinizmi? Siz \u00fcmumi Avropam\u0131z, \u00fcmumi azadl\u0131\u011f\u0131m\u0131z, \u00fcmumi g\u0259l\u0259c\u0259yimiz \u00fc\u00e7\u00fcn t\u00f6k\u00fcl\u0259n bir litr qan\u0131m\u0131z\u0131n \u0259v\u0259zini litrl\u0259rl\u0259 yanacaqla \u00f6d\u0259y\u0259 bilm\u0259y\u0259c\u0259ksiniz\u201d, &#8212; d\u00f6vl\u0259t ba\u015f\u00e7\u0131s\u0131 vur\u011fulay\u0131b.<\/p>\n\n\n\n<p><br>Zelenski bununla yana\u015f\u0131, Ukraynan\u0131n NATO-dak\u0131 dostlar\u0131na da minn\u0259tdarl\u0131\u011f\u0131n\u0131 bildirib.<\/p>\n\n\n\n<p><br>&#171;Orada \u00e7oxlu dostlar\u0131m\u0131z, t\u0259r\u0259fda\u015flar\u0131m\u0131z var, \u00e7oxu g\u00fccl\u00fc t\u0259r\u0259fda\u015flard\u0131r. D\u00f6vl\u0259timiz\u0259 n\u0259 olursa-olsun, k\u00f6m\u0259k ed\u0259nl\u0259r. \u0130\u015f\u011fal\u0131n ilk g\u00fcn\u00fcnd\u0259n. V\u0259 \u0259min\u0259m &#8212; q\u0259l\u0259b\u0259y\u0259 q\u0259d\u0259r. Biz m\u00fcbariz\u0259mizi davam etdiririk. Biz \u00f6lk\u0259mizi qoruyaca\u011f\u0131q. Torpaqlar\u0131m\u0131z\u0131 azad ed\u0259c\u0259yik. Q\u0259hr\u0259manlar\u0131m\u0131za t\u0259\u015f\u0259kk\u00fcrl\u0259r\u201d, &#8212; Zelenski vur\u011fulay\u0131b.<\/p>\n\n\n\n<figure class=\"wp-block-image size-large\"><img loading=\"lazy\" decoding=\"async\" width=\"660\" height=\"370\" src=\"http:\/\/veteran.az\/wp-content\/uploads\/2022\/03\/file-7a4ef183823f65a4f7e54913411b081e.jpg\" alt=\"\" class=\"wp-image-15275\" srcset=\"https:\/\/veteran.az\/wp-content\/uploads\/2022\/03\/file-7a4ef183823f65a4f7e54913411b081e.jpg 660w, https:\/\/veteran.az\/wp-content\/uploads\/2022\/03\/file-7a4ef183823f65a4f7e54913411b081e-300x168.jpg 300w\" sizes=\"auto, (max-width: 660px) 100vw, 660px\" \/><\/figure>\n\n\n\n<p><br><strong>Zelenski son \u00fcmidini d\u0259 itirdiyi Avropa v\u0259 NATO haqq\u0131nda dediyi q\u0131sa tezisl\u0259r K\u0130V-L\u018fR T\u018fR\u018fF\u0130ND\u018fN BEL\u018f YAYILIB:<\/strong><\/p>\n\n\n\n<p>&#8212; Biz 9 g\u00fcn z\u00fclm\u0259t\u0259, 9 g\u00fcn z\u00fclm\u0259 d\u00f6zd\u00fck. Qar\u015f\u0131la\u015fd\u0131\u011f\u0131m\u0131z z\u00fclm\u0259t v\u0259 z\u00fclm g\u00f6zl\u0259diyimizd\u0259n \u00fc\u00e7 d\u0259f\u0259 \u00e7oxdur. Strateji olaraq h\u0259r \u015fey ayd\u0131nd\u0131r. <\/p>\n\n\n\n<p>Ujqoroddan Xarkova , Kiyevd\u0259n Xersona kimi ukraynal\u0131lar birlik ifad\u0259 etdi. Ukraynal\u0131lar d\u00fc\u015fm\u0259ni Kiyev yax\u0131nl\u0131\u011f\u0131ndan qovur, Axt\u0131rkaya, Hostomel\u0259 g\u00f6r\u0259 c\u0259zaland\u0131r\u0131r, Xersona g\u00f6r\u0259 qisas al\u0131r. Ukraynan\u0131n o Xersonuna g\u00f6r\u0259 ki, onu bu g\u00fcn a\u015fa\u011f\u0131lama\u011fa c\u0259hd etmi\u015fdil\u0259r. Amma al\u0131nmad\u0131. ( Putin hakimiyy\u0259ti Xerson \u015f\u0259h\u0259rini alandan sonra orada Rusiyaya d\u0259st\u0259k aksiyas\u0131 ke\u00e7irm\u0259y\u0259 c\u0259hd etmi\u015fdi).<\/p>\n\n\n\n<p><br>&#8212; \u0130\u015f\u011fal\u00e7\u0131lar d\u00fc\u015f\u00fcn\u00fcrd\u00fc ki, ukraynal\u0131lar\u0131 televiziyas\u0131z qoya bil\u0259c\u0259k, tabit\u0259ni k\u0259s\u0259c\u0259k, \u0259rzaqs\u0131z qoyacaq, \u0259lektrik enerjisinin verilm\u0259sini dayand\u0131racaqlar. Onlar d\u00fc\u015f\u00fcn\u00fcrd\u00fcl\u0259r ki, ukraynal\u0131lar\u0131 \u00f6zl\u0259rin\u0259 tabe ed\u0259c\u0259kl\u0259r. Amma siz bizi oksigensiz qoysaz bel\u0259 biz tam g\u00fcc\u00fcm\u00fczl\u0259 n\u0259f\u0259s al\u0131b dey\u0259c\u0259yik &#8212; R\u0259dd olun bizim torpa\u011f\u0131m\u0131zdan!&#187;.<\/p>\n\n\n\n<p> <strong>&#8212; Bu g\u00fcn NATO \u00fczv\u00fc olan \u00f6lk\u0259l\u0259rin sammiti ke\u00e7irilib. Z\u0259if bir sammit. Ba\u015f\u0131n\u0131 itirmi\u015fl\u0259rin sammiti.<\/strong> Sammitd\u0259 g\u00f6rd\u00fck ki, he\u00e7 d\u0259 ham\u0131 Avropan\u0131n azadl\u0131\u011f\u0131 u\u011frunda sava\u015f\u0131 bir n\u00f6mr\u0259li m\u0259qs\u0259d hesab etmir. NATO \u00fczv\u00fc olan \u00f6lk\u0259l\u0259rin k\u0259\u015ffiyyat idar\u0259l\u0259ri d\u00fc\u015fm\u0259nin planlar\u0131ndan x\u0259b\u0259rdard\u0131r. Onlar Rusiyan\u0131n h\u00fccumu davam etdirm\u0259k ist\u0259yind\u0259 oldu\u011funu t\u0259sdiql\u0259yirl\u0259r.<\/p>\n\n\n\n<p> &#8212; NATO bunu ba\u015fa d\u00fc\u015f\u0259r\u0259k Ukrayna hava m\u0259kan\u0131n\u0131 ba\u011flamaq haqq\u0131nda q\u0259rar q\u0259bul etm\u0259di. Biz hesab edirik ki, NATO \u00f6lk\u0259l\u0259ri \u00f6\u00f6zl\u0259ri bel\u0259 bir r\u0259vay\u0259t uydurublar ki, guya Ukrayna hava m\u0259kan\u0131n\u0131n ba\u011flanmas\u0131 Rusiyan\u0131n NATO-ya qar\u015f\u0131 birba\u015fa t\u0259cav\u00fcz\u00fcn\u0259 s\u0259b\u0259b olacaq. Bu, z\u0259if, \u00f6zl\u0259rin\u0259 arxay\u0131n olmayanlar\u0131n \u00f6z\u00fcn\u00fc hipnozudur&#8230; <\/p>\n\n\n\n<p><strong>Bu g\u00fcnd\u0259n sonra \u00f6l\u0259c\u0259k b\u00fct\u00fcn insanlar\u0131n qan\u0131nda sizin d\u0259 \u0259liniz olacaq. Sizin z\u0259ifliyiniz, fikir ayr\u0131l\u0131qlar\u0131n\u0131za g\u00f6r\u0259 onlar m\u0259hv olacaqlar\u201d.<\/strong><\/p>\n","protected":false},"excerpt":{"rendered":"<p>\u201c\u018fmin\u0259m ki, biz tezlikl\u0259 v\u0259t\u0259nda\u015flar\u0131m\u0131za dey\u0259c\u0259yik: qay\u0131d\u0131n\u201d&#8230; Bunu Ukrayna Prezidenti Volodimir Zelenski mart\u0131n 5-d\u0259 xalqa&#8230;<\/p>\n","protected":false},"author":3,"featured_media":15276,"comment_status":"closed","ping_status":"closed","sticky":false,"template":"","format":"standard","meta":{"footnotes":""},"categories":[7],"tags":[],"class_list":["post-15274","post","type-post","status-publish","format-standard","has-post-thumbnail","hentry","category-dunya"],"featured_image_urls":{"full":["https:\/\/veteran.az\/wp-content\/uploads\/2022\/03\/2022-03-02-17-08-28ru9yVYkidA1VNztJyOLK_file.jpg",2048,1366,false],"thumbnail":["https:\/\/veteran.az\/wp-content\/uploads\/2022\/03\/2022-03-02-17-08-28ru9yVYkidA1VNztJyOLK_file-150x150.jpg",150,150,true],"medium":["https:\/\/veteran.az\/wp-content\/uploads\/2022\/03\/2022-03-02-17-08-28ru9yVYkidA1VNztJyOLK_file-300x200.jpg",300,200,true],"medium_large":["https:\/\/veteran.az\/wp-content\/uploads\/2022\/03\/2022-03-02-17-08-28ru9yVYkidA1VNztJyOLK_file-768x512.jpg",640,427,true],"large":["https:\/\/veteran.az\/wp-content\/uploads\/2022\/03\/2022-03-02-17-08-28ru9yVYkidA1VNztJyOLK_file-1024x683.jpg",640,427,true],"1536x1536":["https:\/\/veteran.az\/wp-content\/uploads\/2022\/03\/2022-03-02-17-08-28ru9yVYkidA1VNztJyOLK_file-1536x1025.jpg",1536,1025,true],"2048x2048":["https:\/\/veteran.az\/wp-content\/uploads\/2022\/03\/2022-03-02-17-08-28ru9yVYkidA1VNztJyOLK_file.jpg",2048,1366,false],"covernews-slider-full":["https:\/\/veteran.az\/wp-content\/uploads\/2022\/03\/2022-03-02-17-08-28ru9yVYkidA1VNztJyOLK_file-1536x1020.jpg",1077,715,true],"covernews-slider-center":["https:\/\/veteran.az\/wp-content\/uploads\/2022\/03\/2022-03-02-17-08-28ru9yVYkidA1VNztJyOLK_file-936x897.jpg",522,500,true],"covernews-featured":["https:\/\/veteran.az\/wp-content\/uploads\/2022\/03\/2022-03-02-17-08-28ru9yVYkidA1VNztJyOLK_file-1024x683.jpg",1024,683,true],"covernews-medium":["https:\/\/veteran.az\/wp-content\/uploads\/2022\/03\/2022-03-02-17-08-28ru9yVYkidA1VNztJyOLK_file-720x380.jpg",540,285,true],"covernews-medium-square":["https:\/\/veteran.az\/wp-content\/uploads\/2022\/03\/2022-03-02-17-08-28ru9yVYkidA1VNztJyOLK_file-675x450.jpg",375,250,true]},"author_info":{"display_name":"Veteran.az","author_link":"https:\/\/veteran.az\/?author=3"},"category_info":"<a href=\"https:\/\/veteran.az\/?cat=7\" rel=\"category\">D\u00fcnya<\/a>","tag_info":"D\u00fcnya","comment_count":"0","_links":{"self":[{"href":"https:\/\/veteran.az\/index.php?rest_route=\/wp\/v2\/posts\/15274","targetHints":{"allow":["GET"]}}],"collection":[{"href":"https:\/\/veteran.az\/index.php?rest_route=\/wp\/v2\/posts"}],"about":[{"href":"https:\/\/veteran.az\/index.php?rest_route=\/wp\/v2\/types\/post"}],"author":[{"embeddable":true,"href":"https:\/\/veteran.az\/index.php?rest_route=\/wp\/v2\/users\/3"}],"replies":[{"embeddable":true,"href":"https:\/\/veteran.az\/index.php?rest_route=%2Fwp%2Fv2%2Fcomments&post=15274"}],"version-history":[{"count":1,"href":"https:\/\/veteran.az\/index.php?rest_route=\/wp\/v2\/posts\/15274\/revisions"}],"predecessor-version":[{"id":15277,"href":"https:\/\/veteran.az\/index.php?rest_route=\/wp\/v2\/posts\/15274\/revisions\/15277"}],"wp:featuredmedia":[{"embeddable":true,"href":"https:\/\/veteran.az\/index.php?rest_route=\/wp\/v2\/media\/15276"}],"wp:attachment":[{"href":"https:\/\/veteran.az\/index.php?rest_route=%2Fwp%2Fv2%2Fmedia&parent=15274"}],"wp:term":[{"taxonomy":"category","embeddable":true,"href":"https:\/\/veteran.az\/index.php?rest_route=%2Fwp%2Fv2%2Fcategories&post=15274"},{"taxonomy":"post_tag","embeddable":true,"href":"https:\/\/veteran.az\/index.php?rest_route=%2Fwp%2Fv2%2Ftags&post=15274"}],"curies":[{"name":"wp","href":"https:\/\/api.w.org\/{rel}","templated":true}]}}