{"id":15206,"date":"2022-03-03T11:34:34","date_gmt":"2022-03-03T07:34:34","guid":{"rendered":"http:\/\/veteran.az\/?p=15206"},"modified":"2022-03-03T11:34:35","modified_gmt":"2022-03-03T07:34:35","slug":"%c9%99sir-rus-mayor-rusiyanin-ukraynani-isgal-etm%c9%99k-planlarini-acdi","status":"publish","type":"post","link":"https:\/\/veteran.az\/?p=15206","title":{"rendered":"\u018fsir rus mayor Rusiyan\u0131n Ukraynan\u0131 i\u015f\u011fal etm\u0259k planlar\u0131n\u0131 a\u00e7d\u0131"},"content":{"rendered":"\n<p><strong>&#171;Ukrayna h\u0259rb\u00e7il\u0259ri 12676 sayl\u0131 h\u0259rbi hiss\u0259nin batalyon komandirinin m\u00fcavini, Dmitri \u015ei\u015fkanovu \u0259sir g\u00f6t\u00fcr\u00fcb. \u0130\u015f\u011fal\u00e7\u0131 bildirib ki, rus qo\u015funlar\u0131na mart\u0131n 2-si v\u0259 ya 3-n\u0259 q\u0259d\u0259r Ukraynadan qay\u0131dacaqlar\u0131 v\u0259d edilib. Bel\u0259 bir d\u00f6n\u0259md\u0259 Rusiya prezidentinin \u00f6lk\u0259mizi \u0259l\u0259 ke\u00e7ir\u0259c\u0259yi a\u00e7\u0131q-ayd\u0131n g\u00f6zl\u0259nilirdi\u201d.<\/strong><\/p>\n\n\n\n<p><br>Sfera.az\u00a0 x\u0259b\u0259r verir ki, bu haqda Unian-\u0131n m\u0259lumat\u0131nda deyilir.<\/p>\n\n\n\n<p><br>&#171;Biz\u0259 mart\u0131n 2-si v\u0259 ya 3-n\u0259 q\u0259d\u0259r bit\u0259c\u0259yini demi\u015fdil\u0259r\u201d, &#8212; \u015ei\u015fkanov bildirib.<br>Jurnalist Andrey Tsaplienko maraql\u0131 bir m\u0259qama diqq\u0259t \u00e7\u0259kib: \u0259sir g\u00f6t\u00fcr\u00fclm\u00fc\u015f mayorun xidm\u0259t etdiyi h\u0259rbi hiss\u0259 Suvorov sahil m\u00fcdafi\u0259 briqadas\u0131n\u0131n iki d\u0259f\u0259 Q\u0131rm\u0131z\u0131 Bayraq ordenli 126-c\u0131 ayr\u0131 Horlivka b\u00f6lm\u0259sidir. Bu h\u0259rbi hiss\u0259 Kr\u0131m\u0131n Perevalnoye k\u0259ndind\u0259 yerl\u0259\u015f\u0259n v\u0259 2014-c\u00fc ild\u0259 Rusiyaya qa\u00e7m\u0131\u015f Ukrayna Silahl\u0131 Q\u00fcvv\u0259l\u0259rinin 36-c\u0131 Sahil M\u00fchafiz\u0259si briqadas\u0131n\u0131n xainl\u0259ri \u0259sas\u0131nda qurulub.<\/p>\n\n\n\n<figure class=\"wp-block-embed is-type-video is-provider-youtube wp-block-embed-youtube wp-embed-aspect-16-9 wp-has-aspect-ratio\"><div class=\"wp-block-embed__wrapper\">\n<iframe loading=\"lazy\" title=\"\u00ab\u041d\u0430\u043c \u0433\u043e\u0432\u043e\u0440\u0438\u043b\u0438, \u0434\u043e 2-\u0433\u043e \u0438\u043b\u0438 3-\u0433\u043e \u043c\u0430\u0440\u0442\u0430\u00bb: \u043f\u043b\u0435\u043d\u043d\u044b\u0439 \u0437\u0430\u043c\u043a\u043e\u043c\u0431\u0430\u0442\u0430 \u0440\u043e\u0441\u0441\u0438\u0439\u0441\u043a\u043e\u0439 \u0430\u0440\u043c\u0438\u0438 \u0440\u0430\u0441\u043a\u0440\u044b\u043b \u043f\u043b\u0430\u043d\u044b \u041f\u0443\u0442\u0438\u043d\u0430\" width=\"640\" height=\"360\" src=\"https:\/\/www.youtube.com\/embed\/9Kad1NHHzbY?feature=oembed\" frameborder=\"0\" allow=\"accelerometer; autoplay; clipboard-write; encrypted-media; gyroscope; picture-in-picture; web-share\" referrerpolicy=\"strict-origin-when-cross-origin\" allowfullscreen><\/iframe>\n<\/div><\/figure>\n","protected":false},"excerpt":{"rendered":"<p>&#171;Ukrayna h\u0259rb\u00e7il\u0259ri 12676 sayl\u0131 h\u0259rbi hiss\u0259nin batalyon komandirinin m\u00fcavini, Dmitri \u015ei\u015fkanovu \u0259sir g\u00f6t\u00fcr\u00fcb. \u0130\u015f\u011fal\u00e7\u0131 bildirib&#8230;<\/p>\n","protected":false},"author":3,"featured_media":0,"comment_status":"closed","ping_status":"closed","sticky":false,"template":"","format":"standard","meta":{"footnotes":""},"categories":[6],"tags":[],"class_list":["post-15206","post","type-post","status-publish","format-standard","hentry","category-cmiyyt"],"featured_image_urls":{"full":"","thumbnail":"","medium":"","medium_large":"","large":"","1536x1536":"","2048x2048":"","covernews-slider-full":"","covernews-slider-center":"","covernews-featured":"","covernews-medium":"","covernews-medium-square":""},"author_info":{"display_name":"Veteran.az","author_link":"https:\/\/veteran.az\/?author=3"},"category_info":"<a href=\"https:\/\/veteran.az\/?cat=6\" rel=\"category\">C\u0259miyy\u0259t<\/a>","tag_info":"C\u0259miyy\u0259t","comment_count":"0","_links":{"self":[{"href":"https:\/\/veteran.az\/index.php?rest_route=\/wp\/v2\/posts\/15206","targetHints":{"allow":["GET"]}}],"collection":[{"href":"https:\/\/veteran.az\/index.php?rest_route=\/wp\/v2\/posts"}],"about":[{"href":"https:\/\/veteran.az\/index.php?rest_route=\/wp\/v2\/types\/post"}],"author":[{"embeddable":true,"href":"https:\/\/veteran.az\/index.php?rest_route=\/wp\/v2\/users\/3"}],"replies":[{"embeddable":true,"href":"https:\/\/veteran.az\/index.php?rest_route=%2Fwp%2Fv2%2Fcomments&post=15206"}],"version-history":[{"count":1,"href":"https:\/\/veteran.az\/index.php?rest_route=\/wp\/v2\/posts\/15206\/revisions"}],"predecessor-version":[{"id":15208,"href":"https:\/\/veteran.az\/index.php?rest_route=\/wp\/v2\/posts\/15206\/revisions\/15208"}],"wp:attachment":[{"href":"https:\/\/veteran.az\/index.php?rest_route=%2Fwp%2Fv2%2Fmedia&parent=15206"}],"wp:term":[{"taxonomy":"category","embeddable":true,"href":"https:\/\/veteran.az\/index.php?rest_route=%2Fwp%2Fv2%2Fcategories&post=15206"},{"taxonomy":"post_tag","embeddable":true,"href":"https:\/\/veteran.az\/index.php?rest_route=%2Fwp%2Fv2%2Ftags&post=15206"}],"curies":[{"name":"wp","href":"https:\/\/api.w.org\/{rel}","templated":true}]}}