{"id":15193,"date":"2022-03-01T14:08:22","date_gmt":"2022-03-01T10:08:22","guid":{"rendered":"http:\/\/veteran.az\/?p=15193"},"modified":"2022-03-01T14:09:00","modified_gmt":"2022-03-01T10:09:00","slug":"b%c9%99z%c9%99kli-sozl%c9%99r-arxasinda-gizl%c9%99tdikl%c9%99ri-cirkin-uzl%c9%99ri-ortaya-cixir","status":"publish","type":"post","link":"https:\/\/veteran.az\/?p=15193","title":{"rendered":"\u201cB\u0259z\u0259kli s\u00f6zl\u0259r arxas\u0131nda gizl\u0259tdikl\u0259ri \u00e7irkin \u00fczl\u0259ri ortaya \u00e7\u0131x\u0131r\u201d"},"content":{"rendered":"\n<p><strong>\u201cD\u00fcnyan\u0131n bir m\u00fcdd\u0259tdir k\u00f6kl\u00fc d\u0259yi\u015fiklik prosesind\u0259n ke\u00e7diyini h\u0259r f\u00fcrs\u0259td\u0259 t\u0259krar edirik. Bu sistemin \u0259sas\u0131n\u0131 t\u0259\u015fkil ed\u0259n birinci v\u0259 ikinci d\u00fcnya m\u00fcharib\u0259si haqq\u0131n\u0131 t\u0259l\u0259b etm\u0259k deyil, b\u00f6l\u00fc\u015fd\u00fcrm\u0259 m\u00fcbariz\u0259si idi\u201d.<\/strong><\/p>\n\n\n\n<p>\u201cQafqazinfo\u201d x\u0259b\u0259r verir ki, bunu T\u00fcrkiy\u0259 Prezidenti R\u0259c\u0259b Tayyib \u018frdo\u011fan \u018frdo\u011fan Nazirl\u0259r Kabinetinin iclas\u0131ndan sonra ke\u00e7irdiyi brifinqd\u0259 bildirib.<\/p>\n\n\n\n<p>T\u00fcrkiy\u0259 lideri bildirib ki, \u00f6lk\u0259si bu m\u00fcbariz\u0259l\u0259rd\u0259 masadak\u0131 deyil, menyudak\u0131 \u00f6lk\u0259l\u0259rd\u0259n biri idi:<\/p>\n\n\n\n<p>\u201cOnsuz da sanc\u0131l\u0131 olan bu sistemd\u0259 \u201csoyuq m\u00fcharib\u0259\u201dnin sona \u00e7atmas\u0131ndan sonra tamamil\u0259 balanss\u0131zl\u0131q yarand\u0131. Qlobal idar\u0259\u00e7ilik sistemind\u0259ki t\u0259hrifl\u0259r ya\u015fanan h\u0259r hadis\u0259 il\u0259 \u00f6z\u00fcn\u00fc yenid\u0259n g\u00f6st\u0259rir.<\/p>\n\n\n\n<p>\u00d6z t\u0259hl\u00fck\u0259sizlikl\u0259ri v\u0259 rifahlar\u0131 xaricind\u0259 he\u00e7 bir \u015fey\u0259 \u0259h\u0259miyy\u0259t verm\u0259y\u0259n \u00f6lk\u0259l\u0259rin b\u0259r-b\u0259z\u0259kli s\u00f6zl\u0259r arxas\u0131nda gizl\u0259tdikl\u0259ri \u00e7irkin \u00fczl\u0259ri art\u0131q ortaya \u00e7\u0131xmaqdad\u0131r.<\/p>\n\n\n\n<p>Son olaraq Ukraynada ya\u015fanan hadis\u0259l\u0259r bu h\u0259qiq\u0259ti g\u00f6st\u0259rib. \u018fvv\u0259lc\u0259 bunu vur\u011fulamal\u0131yam, T\u00fcrkiy\u0259 b\u00f6lg\u0259d\u0259 s\u00fclh, rifah ist\u0259y\u0259n bir \u00f6lk\u0259dir. Bu yana\u015fmam\u0131z\u0131 h\u0259r yerd\u0259 g\u00f6st\u0259rdik.<\/p>\n\n\n\n<p>Qara d\u0259nizin \u015fimal\u0131nda da Ukrayna v\u0259 Rusiyaya aralar\u0131ndak\u0131 problemi dialoq yolu il\u0259 h\u0259ll etm\u0259yi dedik. Yen\u0259 bu prosesd\u0259 s\u00fclh v\u0259 sabitliyin t\u0259min olunmas\u0131 \u00fc\u00e7\u00fcn \u00e7oxt\u0259r\u0259fli diplomatiyam\u0131z\u0131 g\u00fcnd\u0259m\u0259 g\u0259tirdik. Bel\u0259 bir tablonun ortaya \u00e7\u0131xmas\u0131na g\u00f6r\u0259 \u00e7ox m\u0259yusuq. NATO ba\u015fda olmaqla, h\u0259r platformada \u00f6lk\u0259mizin m\u0259s\u0259l\u0259y\u0259 bax\u0131\u015f\u0131n\u0131 ifad\u0259 etm\u0259y\u0259 davam edirik\u201d.<\/p>\n","protected":false},"excerpt":{"rendered":"<p>\u201cD\u00fcnyan\u0131n bir m\u00fcdd\u0259tdir k\u00f6kl\u00fc d\u0259yi\u015fiklik prosesind\u0259n ke\u00e7diyini h\u0259r f\u00fcrs\u0259td\u0259 t\u0259krar edirik. Bu sistemin \u0259sas\u0131n\u0131 t\u0259\u015fkil&#8230;<\/p>\n","protected":false},"author":3,"featured_media":15196,"comment_status":"closed","ping_status":"closed","sticky":false,"template":"","format":"standard","meta":{"footnotes":""},"categories":[7],"tags":[],"class_list":["post-15193","post","type-post","status-publish","format-standard","has-post-thumbnail","hentry","category-dunya"],"featured_image_urls":{"full":["https:\/\/veteran.az\/wp-content\/uploads\/2022\/03\/seventimes_7d203fbd3287a695e43b9ad588cbb2c1_vpao89jygfuk4tr20qhx-700x403-1.jpg",700,403,false],"thumbnail":["https:\/\/veteran.az\/wp-content\/uploads\/2022\/03\/seventimes_7d203fbd3287a695e43b9ad588cbb2c1_vpao89jygfuk4tr20qhx-700x403-1-150x150.jpg",150,150,true],"medium":["https:\/\/veteran.az\/wp-content\/uploads\/2022\/03\/seventimes_7d203fbd3287a695e43b9ad588cbb2c1_vpao89jygfuk4tr20qhx-700x403-1-300x173.jpg",300,173,true],"medium_large":["https:\/\/veteran.az\/wp-content\/uploads\/2022\/03\/seventimes_7d203fbd3287a695e43b9ad588cbb2c1_vpao89jygfuk4tr20qhx-700x403-1.jpg",640,368,false],"large":["https:\/\/veteran.az\/wp-content\/uploads\/2022\/03\/seventimes_7d203fbd3287a695e43b9ad588cbb2c1_vpao89jygfuk4tr20qhx-700x403-1.jpg",640,368,false],"1536x1536":["https:\/\/veteran.az\/wp-content\/uploads\/2022\/03\/seventimes_7d203fbd3287a695e43b9ad588cbb2c1_vpao89jygfuk4tr20qhx-700x403-1.jpg",700,403,false],"2048x2048":["https:\/\/veteran.az\/wp-content\/uploads\/2022\/03\/seventimes_7d203fbd3287a695e43b9ad588cbb2c1_vpao89jygfuk4tr20qhx-700x403-1.jpg",700,403,false],"covernews-slider-full":["https:\/\/veteran.az\/wp-content\/uploads\/2022\/03\/seventimes_7d203fbd3287a695e43b9ad588cbb2c1_vpao89jygfuk4tr20qhx-700x403-1.jpg",700,403,false],"covernews-slider-center":["https:\/\/veteran.az\/wp-content\/uploads\/2022\/03\/seventimes_7d203fbd3287a695e43b9ad588cbb2c1_vpao89jygfuk4tr20qhx-700x403-1.jpg",700,403,false],"covernews-featured":["https:\/\/veteran.az\/wp-content\/uploads\/2022\/03\/seventimes_7d203fbd3287a695e43b9ad588cbb2c1_vpao89jygfuk4tr20qhx-700x403-1.jpg",700,403,false],"covernews-medium":["https:\/\/veteran.az\/wp-content\/uploads\/2022\/03\/seventimes_7d203fbd3287a695e43b9ad588cbb2c1_vpao89jygfuk4tr20qhx-700x403-1-700x380.jpg",540,293,true],"covernews-medium-square":["https:\/\/veteran.az\/wp-content\/uploads\/2022\/03\/seventimes_7d203fbd3287a695e43b9ad588cbb2c1_vpao89jygfuk4tr20qhx-700x403-1-675x403.jpg",400,239,true]},"author_info":{"display_name":"Veteran.az","author_link":"https:\/\/veteran.az\/?author=3"},"category_info":"<a href=\"https:\/\/veteran.az\/?cat=7\" rel=\"category\">D\u00fcnya<\/a>","tag_info":"D\u00fcnya","comment_count":"0","_links":{"self":[{"href":"https:\/\/veteran.az\/index.php?rest_route=\/wp\/v2\/posts\/15193","targetHints":{"allow":["GET"]}}],"collection":[{"href":"https:\/\/veteran.az\/index.php?rest_route=\/wp\/v2\/posts"}],"about":[{"href":"https:\/\/veteran.az\/index.php?rest_route=\/wp\/v2\/types\/post"}],"author":[{"embeddable":true,"href":"https:\/\/veteran.az\/index.php?rest_route=\/wp\/v2\/users\/3"}],"replies":[{"embeddable":true,"href":"https:\/\/veteran.az\/index.php?rest_route=%2Fwp%2Fv2%2Fcomments&post=15193"}],"version-history":[{"count":1,"href":"https:\/\/veteran.az\/index.php?rest_route=\/wp\/v2\/posts\/15193\/revisions"}],"predecessor-version":[{"id":15195,"href":"https:\/\/veteran.az\/index.php?rest_route=\/wp\/v2\/posts\/15193\/revisions\/15195"}],"wp:featuredmedia":[{"embeddable":true,"href":"https:\/\/veteran.az\/index.php?rest_route=\/wp\/v2\/media\/15196"}],"wp:attachment":[{"href":"https:\/\/veteran.az\/index.php?rest_route=%2Fwp%2Fv2%2Fmedia&parent=15193"}],"wp:term":[{"taxonomy":"category","embeddable":true,"href":"https:\/\/veteran.az\/index.php?rest_route=%2Fwp%2Fv2%2Fcategories&post=15193"},{"taxonomy":"post_tag","embeddable":true,"href":"https:\/\/veteran.az\/index.php?rest_route=%2Fwp%2Fv2%2Ftags&post=15193"}],"curies":[{"name":"wp","href":"https:\/\/api.w.org\/{rel}","templated":true}]}}