{"id":14951,"date":"2022-02-16T02:59:25","date_gmt":"2022-02-15T22:59:25","guid":{"rendered":"http:\/\/veteran.az\/?p=14951"},"modified":"2022-02-16T02:59:25","modified_gmt":"2022-02-15T22:59:25","slug":"nato-bas-katibind%c9%99n-ilham-%c9%99liyev%c9%99-z%c9%99ng-g%c9%99ldi","status":"publish","type":"post","link":"https:\/\/veteran.az\/?p=14951","title":{"rendered":"NATO ba\u015f katibind\u0259n \u0130lham \u018fliyev\u0259 z\u0259ng g\u0259ldi"},"content":{"rendered":"\n<p><strong>NATO-nun ba\u015f katibi Yens Stoltenberq Az\u0259rbaycan Respublikas\u0131n\u0131n Prezidenti \u0130lham \u018fliyev\u0259 z\u0259ng edib.<\/strong><\/p>\n\n\n\n<p>D\u00fcnyan\u0131n \u0259n b\u00f6y\u00fck h\u0259rbi-siyasi t\u0259\u015fkilat\u0131n\u0131n ofisind\u0259n Bak\u0131ya edil\u0259n z\u0259ngin t\u0259m\u0259li Ukrayna m\u00fcnaqi\u015f\u0259sinin m\u00fcharib\u0259 h\u0259ddin\u0259 \u00e7atd\u0131\u011f\u0131 d\u00f6vr\u0259 t\u0259sad\u00fcf edir.<\/p>\n\n\n\n<p><strong>Bununla da NATO:<\/strong><\/p>\n\n\n\n<p>1. Az\u0259rbaycan qaz\u0131n\u0131n Avropa bazarlar\u0131nda \u015fax\u0259l\u0259ndirilm\u0259sinin Q\u0259rb \u00fc\u00e7\u00fcn h\u0259rbi-siyasi v\u0259 iqtisadi \u00fcst\u00fcnl\u00fck v\u0259d ed\u0259c\u0259yini bildirir. NATO-nun Ba\u015f katibi Avropan\u0131n etibarl\u0131 qaz t\u0259chizat\u00e7\u0131 olmas\u0131na v\u0259 qaz ixrac\u0131n\u0131 art\u0131rmas\u0131na g\u00f6r\u0259 Az\u0259rbaycana t\u0259\u015f\u0259kk\u00fcr\u00fcn\u00fc ifad\u0259 edib.<\/p>\n\n\n\n<p>&nbsp;2. Rusiya-Ukrayna aras\u0131nda Az\u0259rbaycan\u0131n vasit\u0259\u00e7iliyinin \u0259h\u0259miyy\u0259tli roluna diqq\u0259t \u00e7\u0259kir,<\/p>\n\n\n\n<p>3. Bu i\u015fd\u0259 Az\u0259rbaycan-T\u00fcrkiy\u0259 m\u00fc\u015ft\u0259r\u0259k maraqlar\u0131na d\u0259st\u0259k verir.<\/p>\n\n\n\n<p>\u018fliyev-Stoltenberq m\u00fczakir\u0259l\u0259rind\u0259 C\u0259nubi Qafqazdak\u0131 yeni reall\u0131q, Ukrayna \u0259traf\u0131nda c\u0259r\u0259yan ed\u0259n prosesl\u0259r dan\u0131\u015f\u0131qlar predmetin\u0259 daxil olub.<\/p>\n\n\n\n<p>Az\u0259rbaycan enerji m\u0259hsulu n\u00f6vl\u0259rinin \u00f6n\u0259mli ixracat\u00e7\u0131s\u0131 kimi etibarl\u0131 t\u0259r\u0259fda\u015f olaraq qalmaqda davam ed\u0259c\u0259k, Prezident \u0130lham \u018fliyev bunu bir daha bildirib.<\/p>\n\n\n\n<p>Az\u0259rbaycana olan ehtiyac Bak\u0131-\u0130r\u0259van m\u00fcnasib\u0259tl\u0259rinin normalla\u015fmas\u0131 prosesind\u0259 Q\u0259rbin Erm\u0259nistan\u0131n qeyri-konstruktiv m\u00f6vqeyin\u0259 qar\u015f\u0131 c\u0259bh\u0259d\u0259 effektiv f\u0259aliyy\u0259tini \u015f\u0259rtl\u0259ndirir.<\/p>\n\n\n\n<p>Az\u0259rbaycan Erm\u0259nistanla m\u00fcharib\u0259ni el\u0259 bir konfiqurasiya quraraq apard\u0131 ki, bu, Rusiyan\u0131n da maraqlar\u0131 il\u0259 toqqu\u015fan hala g\u0259lm\u0259di.<\/p>\n\n\n\n<p>Az\u0259rbaycan d\u00f6vl\u0259tinin Q\u0259rbl\u0259 Rusiya aras\u0131nda tarazlay\u0131c\u0131 m\u00f6vqed\u0259 durmas\u0131 Bak\u0131n\u0131n \u00f6n\u0259mini art\u0131ran siyas\u0259t idi.<\/p>\n\n\n\n<p>Az\u0259rbaycan\u0131n Rusiya il\u0259 m\u00fcnasib\u0259tl\u0259rini qoruyub saxlay\u0131r, bu, Q\u0259rb \u00fc\u00e7\u00fcn bir t\u0259cr\u00fcb\u0259dir.<\/p>\n\n\n\n<p>Ona g\u00f6r\u0259 d\u0259, NATO Ukrayna m\u00fcnaqi\u015f\u0259sinin s\u00fclh yolu il\u0259 h\u0259lli \u00fc\u00e7\u00fcn \u0130lham \u018fliyevin Moskva il\u0259 m\u00fcnasib\u0259tl\u0259rd\u0259ki diplomatik-siyasi t\u0259cr\u00fcb\u0259sind\u0259n b\u0259hr\u0259l\u0259nm\u0259k ist\u0259yir.<\/p>\n\n\n\n<p>\u018fliyev-Stoltenberq aras\u0131ndak\u0131 telefon dan\u0131\u015f\u0131\u011f\u0131n\u0131n perspektiv n\u0259tic\u0259sin\u0259 g\u0259linc\u0259, dey\u0259 bil\u0259rik ki:<\/p>\n\n\n\n<p>&#8212; Bak\u0131 il\u0259 t\u0259maslar davam etdiril\u0259c\u0259k,<\/p>\n\n\n\n<p>&#8212; Q\u0259rb Az\u0259rbaycan-Erm\u0259nistan m\u00fcnasib\u0259tl\u0259rinin normalla\u015fmas\u0131 prosesind\u0259 Bak\u0131n\u0131n maraqlar\u0131na uy\u011fun vasit\u0259\u00e7ilik s\u0259yl\u0259rini g\u00fccl\u0259ndirm\u0259k m\u0259cburiyy\u0259tind\u0259 qalacaq,<\/p>\n\n\n\n<p>&#8212; Ukrayna m\u00fcnaqi\u015f\u0259nin t\u0259nziml\u0259nm\u0259sind\u0259 Bak\u0131n\u0131n reseptl\u0259ri Q\u0259rb siyas\u0259tinin h\u0259ll paketind\u0259 yer alacaq.<\/p>\n\n\n\n<p>M\u0259nb\u0259: Oxu.az<\/p>\n","protected":false},"excerpt":{"rendered":"<p>NATO-nun ba\u015f katibi Yens Stoltenberq Az\u0259rbaycan Respublikas\u0131n\u0131n Prezidenti \u0130lham \u018fliyev\u0259 z\u0259ng edib. D\u00fcnyan\u0131n \u0259n b\u00f6y\u00fck&#8230;<\/p>\n","protected":false},"author":3,"featured_media":14952,"comment_status":"closed","ping_status":"closed","sticky":false,"template":"","format":"standard","meta":{"footnotes":""},"categories":[6],"tags":[],"class_list":["post-14951","post","type-post","status-publish","format-standard","has-post-thumbnail","hentry","category-cmiyyt"],"featured_image_urls":{"full":["https:\/\/veteran.az\/wp-content\/uploads\/2022\/02\/2hhcvq7zuf_01.jpg",620,418,false],"thumbnail":["https:\/\/veteran.az\/wp-content\/uploads\/2022\/02\/2hhcvq7zuf_01-150x150.jpg",150,150,true],"medium":["https:\/\/veteran.az\/wp-content\/uploads\/2022\/02\/2hhcvq7zuf_01-300x202.jpg",300,202,true],"medium_large":["https:\/\/veteran.az\/wp-content\/uploads\/2022\/02\/2hhcvq7zuf_01.jpg",620,418,false],"large":["https:\/\/veteran.az\/wp-content\/uploads\/2022\/02\/2hhcvq7zuf_01.jpg",620,418,false],"1536x1536":["https:\/\/veteran.az\/wp-content\/uploads\/2022\/02\/2hhcvq7zuf_01.jpg",620,418,false],"2048x2048":["https:\/\/veteran.az\/wp-content\/uploads\/2022\/02\/2hhcvq7zuf_01.jpg",620,418,false],"covernews-slider-full":["https:\/\/veteran.az\/wp-content\/uploads\/2022\/02\/2hhcvq7zuf_01.jpg",620,418,false],"covernews-slider-center":["https:\/\/veteran.az\/wp-content\/uploads\/2022\/02\/2hhcvq7zuf_01.jpg",620,418,false],"covernews-featured":["https:\/\/veteran.az\/wp-content\/uploads\/2022\/02\/2hhcvq7zuf_01.jpg",620,418,false],"covernews-medium":["https:\/\/veteran.az\/wp-content\/uploads\/2022\/02\/2hhcvq7zuf_01-620x380.jpg",540,331,true],"covernews-medium-square":["https:\/\/veteran.az\/wp-content\/uploads\/2022\/02\/2hhcvq7zuf_01.jpg",371,250,false]},"author_info":{"display_name":"Veteran.az","author_link":"https:\/\/veteran.az\/?author=3"},"category_info":"<a href=\"https:\/\/veteran.az\/?cat=6\" rel=\"category\">C\u0259miyy\u0259t<\/a>","tag_info":"C\u0259miyy\u0259t","comment_count":"0","_links":{"self":[{"href":"https:\/\/veteran.az\/index.php?rest_route=\/wp\/v2\/posts\/14951","targetHints":{"allow":["GET"]}}],"collection":[{"href":"https:\/\/veteran.az\/index.php?rest_route=\/wp\/v2\/posts"}],"about":[{"href":"https:\/\/veteran.az\/index.php?rest_route=\/wp\/v2\/types\/post"}],"author":[{"embeddable":true,"href":"https:\/\/veteran.az\/index.php?rest_route=\/wp\/v2\/users\/3"}],"replies":[{"embeddable":true,"href":"https:\/\/veteran.az\/index.php?rest_route=%2Fwp%2Fv2%2Fcomments&post=14951"}],"version-history":[{"count":1,"href":"https:\/\/veteran.az\/index.php?rest_route=\/wp\/v2\/posts\/14951\/revisions"}],"predecessor-version":[{"id":14953,"href":"https:\/\/veteran.az\/index.php?rest_route=\/wp\/v2\/posts\/14951\/revisions\/14953"}],"wp:featuredmedia":[{"embeddable":true,"href":"https:\/\/veteran.az\/index.php?rest_route=\/wp\/v2\/media\/14952"}],"wp:attachment":[{"href":"https:\/\/veteran.az\/index.php?rest_route=%2Fwp%2Fv2%2Fmedia&parent=14951"}],"wp:term":[{"taxonomy":"category","embeddable":true,"href":"https:\/\/veteran.az\/index.php?rest_route=%2Fwp%2Fv2%2Fcategories&post=14951"},{"taxonomy":"post_tag","embeddable":true,"href":"https:\/\/veteran.az\/index.php?rest_route=%2Fwp%2Fv2%2Ftags&post=14951"}],"curies":[{"name":"wp","href":"https:\/\/api.w.org\/{rel}","templated":true}]}}