{"id":14928,"date":"2022-02-15T01:42:16","date_gmt":"2022-02-14T21:42:16","guid":{"rendered":"http:\/\/veteran.az\/?p=14928"},"modified":"2022-02-15T01:43:31","modified_gmt":"2022-02-14T21:43:31","slug":"m%c9%99n-daha-o-kaset%c9%99-baxa-bilm%c9%99r%c9%99m-o-toyun-h%c9%99rbci-b%c9%99yi-danisdi","status":"publish","type":"post","link":"https:\/\/veteran.az\/?p=14928","title":{"rendered":"&#171;M\u0259n daha o kaset\u0259 baxa bilm\u0259r\u0259m&#187;- O toyun h\u0259rb\u00e7i b\u0259yi dan\u0131\u015fd\u0131"},"content":{"rendered":"\n<p><strong>\u201cAtan\u0131n yoxlu\u011funu q\u0259bul ed\u0259 bilmirl\u0259r, el\u0259 bilirl\u0259r yen\u0259 g\u0259l\u0259c\u0259k, yen\u0259 isti \u00e7\u00f6r\u0259k v\u0259 \u00e7\u00f6pl\u00fc sok g\u0259tir\u0259c\u0259k&#8230; D\u00fcnyadan bix\u0259b\u0259r balalar\u0131m&#8230;Atan\u0131 g\u00f6rm\u0259d\u0259n hiss ed\u0259c\u0259ksiniz\u201d.<\/strong><\/p>\n\n\n\n<p>2019-cu il 8 avqust, A\u011fstafa rayonu \u201cSezar\u201d \u015fadl\u0131q saray\u0131. \u018fliyev Ucal S\u00f6hb\u0259t o\u011flunun toyudur&#8230;<\/p>\n\n\n\n<figure class=\"wp-block-image size-large is-resized\"><img loading=\"lazy\" decoding=\"async\" src=\"http:\/\/veteran.az\/wp-content\/uploads\/2022\/02\/1644819904_pp_1644589553.jpg\" alt=\"\" class=\"wp-image-14931\" width=\"581\" height=\"581\" srcset=\"https:\/\/veteran.az\/wp-content\/uploads\/2022\/02\/1644819904_pp_1644589553.jpg 640w, https:\/\/veteran.az\/wp-content\/uploads\/2022\/02\/1644819904_pp_1644589553-300x300.jpg 300w, https:\/\/veteran.az\/wp-content\/uploads\/2022\/02\/1644819904_pp_1644589553-150x150.jpg 150w\" sizes=\"auto, (max-width: 581px) 100vw, 581px\" \/><\/figure>\n\n\n\n<p><strong>Kimdi Ucal \u018fliyev?<\/strong><\/p>\n\n\n\n<p>25 oktyabr 1995-ci ild\u0259 A\u011fstafa rayonunun X\u0131lx\u0131na k\u0259ndind\u0259 anadan olub. 2014-2015-ci ill\u0259rd\u0259 L\u0259nk\u0259randa h\u0259rbi xidm\u0259t ke\u00e7ib. O, 6 ildir ki, m\u00fcdd\u0259td\u0259n art\u0131q h\u0259rbi xidm\u0259td\u0259di. II Qaraba\u011f m\u00fcharib\u0259sinin i\u015ftirak\u00e7\u0131s\u0131d\u0131r. M\u00fcharib\u0259d\u0259 iki d\u0259f\u0259 yaralan\u0131b. Haz\u0131rda K\u0259lb\u0259c\u0259rd\u0259 xidm\u0259t edir. \u201cF\u00fczulinin azad olunmas\u0131na g\u00f6r\u0259\u201d v\u0259 \u201cH\u0259rbi xidm\u0259tl\u0259r\u0259 g\u00f6r\u0259\u201d medallar\u0131 il\u0259 t\u0259ltif olunub. Evlidir, Firuz\u0259 ad\u0131nda bir q\u0131z\u0131 var.&nbsp;<\/p>\n\n\n\n<p>H\u0259, qay\u0131daq 3 il \u0259vv\u0259l, 8 avqust tarixin\u0259. H\u0259min g\u00fcn Ucal b\u0259yin toyu idi. O g\u00fcn Ucal b\u0259y 170 n\u0259f\u0259r \u0259sg\u0259r yolda\u015f\u0131n\u0131 \u00f6z \u015fad g\u00fcn\u00fcn\u0259 d\u0259v\u0259t etmi\u015fdi&#8230;<\/p>\n\n\n\n<p>Onlar\u0131n aras\u0131nda komandir mayor V\u0259liyev V\u00fcsal \u0130slam o\u011flu da vard\u0131.&nbsp;<\/p>\n\n\n\n<p><strong>B\u0259s, mayor V\u00fcsal V\u0259liyev kimdi?<\/strong><\/p>\n\n\n\n<figure class=\"wp-block-image size-large\"><img loading=\"lazy\" decoding=\"async\" width=\"526\" height=\"701\" src=\"http:\/\/veteran.az\/wp-content\/uploads\/2022\/02\/1644819992_272310864_1980004355540253_6494786927836937313_n_1644589637.jpg\" alt=\"\" class=\"wp-image-14932\" srcset=\"https:\/\/veteran.az\/wp-content\/uploads\/2022\/02\/1644819992_272310864_1980004355540253_6494786927836937313_n_1644589637.jpg 526w, https:\/\/veteran.az\/wp-content\/uploads\/2022\/02\/1644819992_272310864_1980004355540253_6494786927836937313_n_1644589637-225x300.jpg 225w\" sizes=\"auto, (max-width: 526px) 100vw, 526px\" \/><\/figure>\n\n\n\n<p><strong>\u015e\u0259hid mayor V\u00fcsal V\u0259liyev<\/strong><\/p>\n\n\n\n<p>V\u00fcsal 1988-ci il 15 iyulda \u015e\u0259rur rayonunun Diz\u0259 k\u0259ndind\u0259 anadan olub. Heyd\u0259r \u018fliyev ad\u0131na Ali H\u0259rbi M\u0259kt\u0259bd\u0259 h\u0259rbi t\u0259hsilin sirl\u0259rin\u0259 yiy\u0259l\u0259nib. 2009-cu ild\u0259n leytenant r\u00fctb\u0259sind\u0259 Beyl\u0259qan rayonunda xidm\u0259t\u0259 ba\u015flay\u0131b. O da II Qaraba\u011f m\u00fcharib\u0259sinin i\u015ftirak\u00e7\u0131s\u0131 olub. \u201cV\u0259t\u0259n u\u011furunda\u201d, \u201cK\u0259lb\u0259c\u0259rin azad olunmas\u0131na g\u00f6r\u0259\u201d, \u201c\u0130gidliy\u0259 g\u00f6r\u0259\u201d medallar\u0131 v\u0259 \u201cAz\u0259rbaycan bayra\u011f\u0131\u201d ordeni il\u0259 t\u0259ltif edilib.<\/p>\n\n\n\n<p>H\u0259, Ucal b\u0259yin toyu, toyundak\u0131 g\u00f6r\u00fcnt\u00fcl\u0259r, bir videonun g\u0259l\u0259c\u0259kd\u0259ki k\u0259d\u0259rli xatir\u0259si&#8230;<\/p>\n\n\n\n<p>H\u0259min k\u0259d\u0259rli tarixi el\u0259 Ucal b\u0259yin dilind\u0259n oxuyacaqs\u0131n\u0131z:<\/p>\n\n\n\n<p>\u201cM\u0259n toyuma h\u0259rbi hiss\u0259mizd\u0259n 170 n\u0259f\u0259ri d\u0259v\u0259t etmi\u015fdim. H\u0259r biri d\u0259 toyda i\u015ftirak etdi. Toy 2019-cu ild\u0259 olub. Ondan bir il sonra is\u0259 m\u00fcharib\u0259 ba\u015flad\u0131. H\u0259min 170 n\u0259f\u0259rd\u0259n m\u00fcharib\u0259d\u0259 27-si m\u00fcxt\u0259lif \u0259razil\u0259rd\u0259 \u015f\u0259hid oldu. O g\u00fcnd\u0259n m\u0259n \u00f6z toy kasetim\u0259 baxm\u0131ram. Art\u0131q biz o g\u00fcn\u00fc \u015f\u0259n g\u00fcn\u00fcm\u00fcz kimi xat\u0131rlaya bilmirik .\u201d.<br>Dan\u0131\u015f\u0131\u011f\u0131ndak\u0131 k\u0259d\u0259ri sezm\u0259m\u0259k olmur&#8230;<\/p>\n\n\n\n<p>S\u00f6hb\u0259ti d\u0259 el\u0259 o k\u0259d\u0259rl\u0259 davam edir ki&#8230;&nbsp;<\/p>\n\n\n\n<p>\u201cV\u00fcsal V\u0259liyev, Ya\u015far Babayev, Teymur Hac\u0131yev v\u0259 Taleh Abdullayevl\u0259 \u00e7ox yax\u0131n idik.&nbsp; Hac\u0131yev Teymur, Abdullayev Taleh, H\u0259s\u0259nov Fariz, P\u0259nahov Elm\u0259ddin&#8230; g\u00f6z\u00fcm\u00fcn qaba\u011f\u0131nda \u015f\u0259hid oldular. H\u0259min anlar\u0131 s\u00f6zl\u0259rl\u0259 ifad\u0259 etm\u0259k m\u00fcmk\u00fcns\u00fczd\u00fc. El\u0259 bir situasiya yarand\u0131 ki, he\u00e7 onlara k\u00f6m\u0259k d\u0259 ed\u0259 bilm\u0259dik&#8230;\u201d<\/p>\n\n\n\n<p>Toy g\u00fcnl\u0259ri yasa d\u00f6n\u0259nl\u0259r, barmaqlarda qalan \u00fcz\u00fckl\u0259rin yara olan ni\u015fanlar\u0131 v\u0259 daha n\u0259l\u0259r, n\u0259l\u0259r&#8230;<\/p>\n\n\n\n<p>\u201cKomandirimiz V\u00fcsal V\u0259liyev ni\u015fanl\u0131 idi, 2020-ci ilin mart ay\u0131n\u0131n 26-a toy t\u0259yin edilmi\u015fdi. Ham\u0131m\u0131z Nax\u00e7\u0131vana, onun toyuna getm\u0259y\u0259 haz\u0131rla\u015f\u0131rd\u0131q. Olmad\u0131, qism\u0259t olmad\u0131. O getdi, biz d\u0259 Nax\u00e7\u0131vana getm\u0259dik\u201d.&nbsp;<\/p>\n\n\n\n<p>V\u00fcsal V\u0259liyevin qarda\u015f\u0131 Elyar \u0130slamo\u011flu:<\/p>\n\n\n\n<p>\u201cM\u0259nim qarda\u015f\u0131m V\u00fcsal onlar\u0131n komandiri idi. Ham\u0131s\u0131 deyirdi ki, V\u00fcsal\u0131n, komutan\u0131m\u0131z\u0131n toyu \u00fc\u00e7\u00fcn Nax\u00e7\u0131vana g\u0259l\u0259c\u0259yik. Onlar, h\u0259tta Ucal\u0131n toyunda V\u00fcsala g\u00f6r\u0259, \u201cBar\u0131 Nax\u00e7\u0131van\u201d mahn\u0131s\u0131na da r\u0259qs edibl\u0259r. Qism\u0259t olmad\u0131\u201d.&nbsp;<\/p>\n\n\n\n<p>Yeri g\u0259lmi\u015fk\u0259n, o \u015f\u0259hidl\u0259r aras\u0131nda Ya\u015far Babayev v\u0259 Anar Novruzov Milli q\u0259hr\u0259man general-mayor Polad H\u0259\u015fimovla birlikd\u0259 \u015f\u0259hid olublar.&nbsp;<\/p>\n\n\n\n<p>Ya\u015far Babayev evli olub v\u0259 8 il u\u015faq h\u0259sr\u0259ti il\u0259 ya\u015fay\u0131b. O, \u015f\u0259hid olandan \u00fc\u00e7 g\u00fcn sonra is\u0259 q\u0131z\u0131 Nar\u0131n d\u00fcnyaya g\u0259lib. H\u0259tta \u015f\u0259hid q\u0131z\u0131n\u0131n ad\u0131n\u0131 da \u00f6z\u00fc se\u00e7ibmi\u015f&#8230;<\/p>\n\n\n\n<figure class=\"wp-block-image size-large is-resized\"><img loading=\"lazy\" decoding=\"async\" src=\"http:\/\/veteran.az\/wp-content\/uploads\/2022\/02\/1644820048_222-6505343032_1644598783.jpg\" alt=\"\" class=\"wp-image-14933\" width=\"578\" height=\"645\" srcset=\"https:\/\/veteran.az\/wp-content\/uploads\/2022\/02\/1644820048_222-6505343032_1644598783.jpg 403w, https:\/\/veteran.az\/wp-content\/uploads\/2022\/02\/1644820048_222-6505343032_1644598783-269x300.jpg 269w\" sizes=\"auto, (max-width: 578px) 100vw, 578px\" \/><\/figure>\n\n\n\n<p><strong>\u015e\u0259hid Ya\u015far Babayev<\/strong><\/p>\n\n\n\n<p>B\u00f6l\u00fck komandiri, kapitan R\u00f6v\u015f\u0259n P\u0259nahovun \u00f6z\u00fcnd\u0259n sonra iki k\u00f6rp\u0259 \u00f6vlad\u0131 yadigar qal\u0131b. \u00d6z ad g\u00fcn\u00fcnd\u0259 d\u0259fn olunub.&nbsp;<\/p>\n\n\n\n<figure class=\"wp-block-image size-large is-resized\"><img loading=\"lazy\" decoding=\"async\" src=\"http:\/\/veteran.az\/wp-content\/uploads\/2022\/02\/1644820124_download-8_1644590123.jpg\" alt=\"\" class=\"wp-image-14934\" width=\"577\" height=\"1030\"\/><\/figure>\n\n\n\n<p><strong>\u015e\u0259hid R\u00f6v\u015f\u0259n P\u0259nahov<\/strong><\/p>\n\n\n\n<p>H\u0259yata g\u0259ldiyi g\u00fcn d\u0259 ged\u0259rmi insan?&nbsp;<\/p>\n\n\n\n<figure class=\"wp-block-image size-large\"><img loading=\"lazy\" decoding=\"async\" width=\"750\" height=\"673\" src=\"http:\/\/veteran.az\/wp-content\/uploads\/2022\/02\/1644820082_elcin_ibrahimov_sehid_1644590265.jpeg\" alt=\"\" class=\"wp-image-14935\" srcset=\"https:\/\/veteran.az\/wp-content\/uploads\/2022\/02\/1644820082_elcin_ibrahimov_sehid_1644590265.jpeg 750w, https:\/\/veteran.az\/wp-content\/uploads\/2022\/02\/1644820082_elcin_ibrahimov_sehid_1644590265-300x269.jpeg 300w\" sizes=\"auto, (max-width: 750px) 100vw, 750px\" \/><\/figure>\n\n\n\n<p><strong>\u015e\u0259hid El\u00e7in \u0130brahimov<\/strong><\/p>\n\n\n\n<p>\u015e\u0259hid El\u00e7in \u0130brahimov is\u0259 el\u0259 Ucal \u018fliyevin h\u0259m sinif yolda\u015f\u0131, h\u0259m d\u0259 qon\u015fusu olub&#8230;<\/p>\n\n\n\n<figure class=\"wp-block-image size-large\"><img loading=\"lazy\" decoding=\"async\" width=\"732\" height=\"1024\" src=\"http:\/\/veteran.az\/wp-content\/uploads\/2022\/02\/1644820193_fariz_hesenov_1644589860-732x1024.jpg\" alt=\"\" class=\"wp-image-14936\" srcset=\"https:\/\/veteran.az\/wp-content\/uploads\/2022\/02\/1644820193_fariz_hesenov_1644589860-732x1024.jpg 732w, https:\/\/veteran.az\/wp-content\/uploads\/2022\/02\/1644820193_fariz_hesenov_1644589860-214x300.jpg 214w, https:\/\/veteran.az\/wp-content\/uploads\/2022\/02\/1644820193_fariz_hesenov_1644589860-768x1075.jpg 768w, https:\/\/veteran.az\/wp-content\/uploads\/2022\/02\/1644820193_fariz_hesenov_1644589860-1098x1536.jpg 1098w, https:\/\/veteran.az\/wp-content\/uploads\/2022\/02\/1644820193_fariz_hesenov_1644589860-1024x1433.jpg 1024w, https:\/\/veteran.az\/wp-content\/uploads\/2022\/02\/1644820193_fariz_hesenov_1644589860.jpg 1200w\" sizes=\"auto, (max-width: 732px) 100vw, 732px\" \/><\/figure>\n\n\n\n<p><strong>\u015e\u0259hid Fariz H\u0259s\u0259nov<\/strong><\/p>\n\n\n\n<p>\u00c7avu\u015f H\u0259s\u0259nov Farizin h\u0259yat yolda\u015f\u0131 \u018fziz\u0259 H\u0259s\u0259nova ya da onun dili il\u0259 des\u0259k, \u015f\u0259hid Farizin \u018fziz\u0259si:<\/p>\n\n\n\n<p>\u201cTelefonu g\u00f6t\u00fcrd\u00fcm ki, videoya bax\u0131m&#8230; U\u015faqlar da h\u0259r zamank\u0131 kimi, yan\u0131mdayd\u0131lar. Videonu a\u00e7an kimi diqq\u0259tl\u0259 baxd\u0131lar&#8230; Dedil\u0259r \u201cmama bu n\u0259 toydu?\u201d Dinm\u0259dim&#8230;&nbsp;<\/p>\n\n\n\n<p>Telefonu \u00e7evirdim, g\u00f6z\u00fcm\u00fcn ya\u015f\u0131 dinmir&#8230;Dilim lal olub, bax\u0131ram.. bird\u0259n u\u015faqlar q\u0131\u015fq\u0131rd\u0131 ki, \u201cmama, ataya bax, orda oynay\u0131r, qara koftada olan atam\u0131zd\u0131. Biz d\u0259 getm\u0259k ist\u0259yirik o toya, ata niy\u0259 bizi aparmay\u0131b?\u201d<\/p>\n\n\n\n<p>Bu sual qar\u015f\u0131s\u0131nda \u00e7\u00f6kd\u00fcm, aciz qald\u0131m, bilir\u0259m ki, o suala he\u00e7 vaxt cavab tapa bilm\u0259y\u0259c\u0259m. Farizim oynaya bilm\u0259diyin\u0259 g\u00f6r\u0259, h\u0259mi\u015f\u0259 toylarda arxada durub, \u00f6z toyumuzda da d\u00f6y\u00fc\u015f yolda\u015flar\u0131n\u0131, dostlar\u0131n\u0131 d\u0259v\u0259t edirdi ki, onlar oynas\u0131nlar. M\u0259n d\u0259 Farizimi art\u0131q bel\u0259 videolarda axtaraca\u011fam, balalar\u0131m da h\u0259m\u00e7inin&#8230;<\/p>\n\n\n\n<p>Atan\u0131n yoxlu\u011funu q\u0259bul ed\u0259 bilmirl\u0259r, el\u0259 bilirl\u0259r yen\u0259 g\u0259l\u0259c\u0259k, yen\u0259 isti \u00e7\u00f6r\u0259k v\u0259 \u00e7\u00f6pl\u00fc sok g\u0259tir\u0259c\u0259k&#8230; D\u00fcnyadan bix\u0259b\u0259r balalar\u0131m&#8230;Atan\u0131 g\u00f6rm\u0259d\u0259n hiss ed\u0259c\u0259ksiniz\u201d.<\/p>\n\n\n\n<p>Ax\u0131, n\u0259 \u015f\u0259rh ver\u0259s\u0259n bu c\u00fcml\u0259l\u0259r\u0259&#8230; \u015e\u0259rhd\u0259n \u0259lav\u0259 n\u0259 il\u0259 t\u0259s\u0259lli ed\u0259 bil\u0259rik ki, \u018fziz\u0259l\u0259ri?&nbsp;<\/p>\n\n\n\n<figure class=\"wp-block-image size-large\"><img loading=\"lazy\" decoding=\"async\" width=\"640\" height=\"961\" src=\"http:\/\/veteran.az\/wp-content\/uploads\/2022\/02\/1644820187_emin_sadiqov_1644589999.jpg\" alt=\"\" class=\"wp-image-14937\" srcset=\"https:\/\/veteran.az\/wp-content\/uploads\/2022\/02\/1644820187_emin_sadiqov_1644589999.jpg 640w, https:\/\/veteran.az\/wp-content\/uploads\/2022\/02\/1644820187_emin_sadiqov_1644589999-200x300.jpg 200w\" sizes=\"auto, (max-width: 640px) 100vw, 640px\" \/><\/figure>\n\n\n\n<p><strong>\u015e\u0259hid Emin Sad\u0131qov<\/strong><\/p>\n\n\n\n<p>Leytenant Sad\u0131qov Emin evin t\u0259k o\u011flu idi. Atas\u0131 da d\u00fcnyas\u0131n\u0131 d\u0259yi\u015fib. \u0130ndi is\u0259 Anas\u0131 Nax\u00e7\u0131vanda t\u0259k ya\u015fay\u0131r.&nbsp;<\/p>\n\n\n\n<p>B\u00fct\u00fcn \u015f\u0259hidl\u0259rd\u0259n yazma\u011fa \u0259slind\u0259, insan\u0131n m\u0259n\u0259vi g\u00fcc\u00fc \u00e7atmaz&#8230; Bu q\u0259d\u0259r d\u0259rdi nec\u0259 da\u015f\u0131yar ki, insan?<\/p>\n\n\n\n<p>Soldan 6-c\u0131 Ba\u015f leytenant Dada\u015fzad\u0259 Mahir, Sa\u011fdan birinci Ba\u015f gizir Hac\u0131yev Teymur v\u0259 soldan 8-ci is\u0259 Gizir Babayev Ya\u015far<\/p>\n\n\n\n<p>Qeyd ed\u0259k ki, bu \u015f\u0259kli onlar\u0131n \u0259sg\u0259r yolda\u015f\u0131 Famil Yusubov g\u00f6nd\u0259rib.<\/p>\n\n\n\n<figure class=\"wp-block-image size-large\"><img loading=\"lazy\" decoding=\"async\" width=\"1024\" height=\"639\" src=\"http:\/\/veteran.az\/wp-content\/uploads\/2022\/02\/1644820183_atkn-sehidler_1644590482-1024x639.jpg\" alt=\"\" class=\"wp-image-14939\" srcset=\"https:\/\/veteran.az\/wp-content\/uploads\/2022\/02\/1644820183_atkn-sehidler_1644590482-1024x639.jpg 1024w, https:\/\/veteran.az\/wp-content\/uploads\/2022\/02\/1644820183_atkn-sehidler_1644590482-300x187.jpg 300w, https:\/\/veteran.az\/wp-content\/uploads\/2022\/02\/1644820183_atkn-sehidler_1644590482-768x479.jpg 768w, https:\/\/veteran.az\/wp-content\/uploads\/2022\/02\/1644820183_atkn-sehidler_1644590482-1536x959.jpg 1536w, https:\/\/veteran.az\/wp-content\/uploads\/2022\/02\/1644820183_atkn-sehidler_1644590482-2048x1279.jpg 2048w\" sizes=\"auto, (max-width: 1024px) 100vw, 1024px\" \/><\/figure>\n\n\n\n<p><strong>S\u00f6z\u00fc ged\u0259n videoda olan \u015f\u0259hidl\u0259r onlard\u0131:<\/strong><\/p>\n\n\n\n<p><strong>Mayor V\u00fcsal V\u0259liyev<br>Mayor Anar Novruzov\u00a0<br>Kapitan P\u0259nahov R\u00f6v\u015f\u0259n<br>Kapitan C\u0259bray\u0131lov Elnur<br>Bas leytenant Dada\u015fzad\u0259 Mahir<br>Leytenant Sad\u0131qov Emin<br>Ba\u015f gizir Qafarov R\u0259van<br>Ba\u015f gizir Hac\u0131yev Teymur\u00a0<br>Gizir \u015eirinov Elvin<br>Gizir Babayev Ya\u015far<br>\u00c7avu\u015f H\u0259s\u0259nov Fariz<br>\u00c7avu\u015f Abdullayev Taleh<br>\u00c7avu\u015f M\u0259mm\u0259dli Fazil<br>\u00c7avu\u015f Veyisli Xal\u0259ddin<br>\u00c7avu\u015f \u018fliyev Timur<br>\u00c7avu\u015f Qas\u0131mov Oruc<br>\u00c7avu\u015f N\u0259sibov Elm\u0259ddin<br>\u00c7avu\u015f Qarag\u00f6zov Alixan<br>\u00c7avu\u015f P\u0259nahov Elm\u0259ddin<br>\u00c7avu\u015f Namazov Mahmud<br>\u00c7avu\u015f \u0130sg\u0259nd\u0259rov P\u0259rvin<br>\u00c7avu\u015f Mustafayev S\u0259rxan<br>\u00c7avu\u015f M\u0259mm\u0259dov \u018fhm\u0259d<br>\u00c7avu\u015f M\u0259d\u0259tov Asif<br>\u00c7avu\u015f Mustafayev Zaur<br>Kicik \u00e7avu\u015f Namazov Taleh<br>\u018fsg\u0259r \u0130brahimov El\u00e7in<\/strong><\/p>\n\n\n\n<p>M\u0259nb\u0259: \u00d6lk\u0259.az<\/p>\n\n\n\n<figure class=\"wp-block-embed is-type-video is-provider-youtube wp-block-embed-youtube wp-embed-aspect-4-3 wp-has-aspect-ratio\"><div class=\"wp-block-embed__wrapper\">\n<iframe loading=\"lazy\" title=\"27 \u015f\u0259hid bir toyda...\" width=\"640\" height=\"480\" src=\"https:\/\/www.youtube.com\/embed\/NgzSbEOJugo?feature=oembed\" frameborder=\"0\" allow=\"accelerometer; autoplay; clipboard-write; encrypted-media; gyroscope; picture-in-picture; web-share\" referrerpolicy=\"strict-origin-when-cross-origin\" allowfullscreen><\/iframe>\n<\/div><\/figure>\n","protected":false},"excerpt":{"rendered":"<p>\u201cAtan\u0131n yoxlu\u011funu q\u0259bul ed\u0259 bilmirl\u0259r, el\u0259 bilirl\u0259r yen\u0259 g\u0259l\u0259c\u0259k, yen\u0259 isti \u00e7\u00f6r\u0259k v\u0259 \u00e7\u00f6pl\u00fc sok&#8230;<\/p>\n","protected":false},"author":3,"featured_media":14938,"comment_status":"closed","ping_status":"closed","sticky":false,"template":"","format":"standard","meta":{"footnotes":""},"categories":[6],"tags":[],"class_list":["post-14928","post","type-post","status-publish","format-standard","has-post-thumbnail","hentry","category-cmiyyt"],"featured_image_urls":{"full":["https:\/\/veteran.az\/wp-content\/uploads\/2022\/02\/1644821429_c4b0206b-1e8d-4a65-9f13-395fd8a3133b.jpg",770,415,false],"thumbnail":["https:\/\/veteran.az\/wp-content\/uploads\/2022\/02\/1644821429_c4b0206b-1e8d-4a65-9f13-395fd8a3133b-150x150.jpg",150,150,true],"medium":["https:\/\/veteran.az\/wp-content\/uploads\/2022\/02\/1644821429_c4b0206b-1e8d-4a65-9f13-395fd8a3133b-300x162.jpg",300,162,true],"medium_large":["https:\/\/veteran.az\/wp-content\/uploads\/2022\/02\/1644821429_c4b0206b-1e8d-4a65-9f13-395fd8a3133b-768x414.jpg",640,345,true],"large":["https:\/\/veteran.az\/wp-content\/uploads\/2022\/02\/1644821429_c4b0206b-1e8d-4a65-9f13-395fd8a3133b.jpg",640,345,false],"1536x1536":["https:\/\/veteran.az\/wp-content\/uploads\/2022\/02\/1644821429_c4b0206b-1e8d-4a65-9f13-395fd8a3133b.jpg",770,415,false],"2048x2048":["https:\/\/veteran.az\/wp-content\/uploads\/2022\/02\/1644821429_c4b0206b-1e8d-4a65-9f13-395fd8a3133b.jpg",770,415,false],"covernews-slider-full":["https:\/\/veteran.az\/wp-content\/uploads\/2022\/02\/1644821429_c4b0206b-1e8d-4a65-9f13-395fd8a3133b.jpg",770,415,false],"covernews-slider-center":["https:\/\/veteran.az\/wp-content\/uploads\/2022\/02\/1644821429_c4b0206b-1e8d-4a65-9f13-395fd8a3133b.jpg",770,415,false],"covernews-featured":["https:\/\/veteran.az\/wp-content\/uploads\/2022\/02\/1644821429_c4b0206b-1e8d-4a65-9f13-395fd8a3133b.jpg",770,415,false],"covernews-medium":["https:\/\/veteran.az\/wp-content\/uploads\/2022\/02\/1644821429_c4b0206b-1e8d-4a65-9f13-395fd8a3133b-720x380.jpg",540,285,true],"covernews-medium-square":["https:\/\/veteran.az\/wp-content\/uploads\/2022\/02\/1644821429_c4b0206b-1e8d-4a65-9f13-395fd8a3133b-675x415.jpg",400,246,true]},"author_info":{"display_name":"Veteran.az","author_link":"https:\/\/veteran.az\/?author=3"},"category_info":"<a href=\"https:\/\/veteran.az\/?cat=6\" rel=\"category\">C\u0259miyy\u0259t<\/a>","tag_info":"C\u0259miyy\u0259t","comment_count":"0","_links":{"self":[{"href":"https:\/\/veteran.az\/index.php?rest_route=\/wp\/v2\/posts\/14928","targetHints":{"allow":["GET"]}}],"collection":[{"href":"https:\/\/veteran.az\/index.php?rest_route=\/wp\/v2\/posts"}],"about":[{"href":"https:\/\/veteran.az\/index.php?rest_route=\/wp\/v2\/types\/post"}],"author":[{"embeddable":true,"href":"https:\/\/veteran.az\/index.php?rest_route=\/wp\/v2\/users\/3"}],"replies":[{"embeddable":true,"href":"https:\/\/veteran.az\/index.php?rest_route=%2Fwp%2Fv2%2Fcomments&post=14928"}],"version-history":[{"count":2,"href":"https:\/\/veteran.az\/index.php?rest_route=\/wp\/v2\/posts\/14928\/revisions"}],"predecessor-version":[{"id":14941,"href":"https:\/\/veteran.az\/index.php?rest_route=\/wp\/v2\/posts\/14928\/revisions\/14941"}],"wp:featuredmedia":[{"embeddable":true,"href":"https:\/\/veteran.az\/index.php?rest_route=\/wp\/v2\/media\/14938"}],"wp:attachment":[{"href":"https:\/\/veteran.az\/index.php?rest_route=%2Fwp%2Fv2%2Fmedia&parent=14928"}],"wp:term":[{"taxonomy":"category","embeddable":true,"href":"https:\/\/veteran.az\/index.php?rest_route=%2Fwp%2Fv2%2Fcategories&post=14928"},{"taxonomy":"post_tag","embeddable":true,"href":"https:\/\/veteran.az\/index.php?rest_route=%2Fwp%2Fv2%2Ftags&post=14928"}],"curies":[{"name":"wp","href":"https:\/\/api.w.org\/{rel}","templated":true}]}}