{"id":14847,"date":"2022-02-11T00:07:56","date_gmt":"2022-02-10T20:07:56","guid":{"rendered":"http:\/\/veteran.az\/?p=14847"},"modified":"2022-02-11T00:07:58","modified_gmt":"2022-02-10T20:07:58","slug":"h%c9%99bsd%c9%99n-cixan-s%c9%99hid-atasi-oglu-il%c9%99-son-gorusund%c9%99n-danisdi","status":"publish","type":"post","link":"https:\/\/veteran.az\/?p=14847","title":{"rendered":"H\u0259bsd\u0259n \u00e7\u0131xan \u015f\u0259hid atas\u0131 o\u011flu il\u0259 son g\u00f6r\u00fc\u015f\u00fcnd\u0259n dan\u0131\u015fd\u0131"},"content":{"rendered":"\n<p><strong>&#171;Prezidentin tap\u015f\u0131r\u0131\u011f\u0131 il\u0259 azadl\u0131\u011fa burax\u0131lan d\u00f6rd \u015f\u0259hid atas\u0131ndan biri oldum\u201d.<\/strong><\/p>\n\n\n\n<p><br>Bunu Baku TV-d\u0259 yay\u0131mlanan &#171;Arzunun vaxt\u0131\u201d verili\u015find\u0259 \u015f\u0259hid \u015eahg\u00fcnd\u00fcz Cabbarovun atas\u0131 Kamil Cabbarov deyib.<\/p>\n\n\n\n<p>V\u0259t\u0259n m\u00fcharib\u0259sinin ba\u015flamas\u0131n\u0131 da, \u00f6vlad\u0131n\u0131n \u015f\u0259hidlik x\u0259b\u0259rini d\u0259 h\u0259bsd\u0259 e\u015fid\u0259n ata o\u011flu il\u0259 son g\u00f6r\u00fc\u015f\u00fcnd\u0259n dan\u0131\u015f\u0131b.\u00a0<\/p>\n\n\n\n<p><br>&#171;\u015eahg\u00fcnd\u00fczl\u0259 s\u00f6hb\u0259tl\u0259rimizin \u0259sas m\u00f6vzusu Qaraba\u011f idi. V\u0259t\u0259n\u0259 yax\u015f\u0131 o\u011ful olmaq ist\u0259yirdi v\u0259 bunu bacard\u0131\u201d, &#8212; dey\u0259 o qeyd edib.<\/p>\n\n\n\n<p><br>\u015e\u0259hid atas\u0131 onunla birlikd\u0259 m\u0259hkumluq h\u0259yat\u0131 ya\u015fayanlar\u0131n m\u00fcharib\u0259nin ba\u015flamas\u0131na reaksiyas\u0131ndan, d\u00f6y\u00fc\u015f\u0259 getm\u0259k \u00fc\u00e7\u00fcn \u0259riz\u0259 il\u0259 m\u00fcraci\u0259t etm\u0259sind\u0259n d\u0259 b\u0259hs edib.<\/p>\n\n\n\n<figure class=\"wp-block-embed is-type-video is-provider-youtube wp-block-embed-youtube wp-embed-aspect-16-9 wp-has-aspect-ratio\"><div class=\"wp-block-embed__wrapper\">\n<iframe loading=\"lazy\" title=\"H\u0259bsd\u0259n \u00e7\u0131xan \u015f\u0259hid atas\u0131 - ARZUNUN VAXTI | BAKU TV\" width=\"640\" height=\"360\" src=\"https:\/\/www.youtube.com\/embed\/BQxulYcKSfo?feature=oembed\" frameborder=\"0\" allow=\"accelerometer; autoplay; clipboard-write; encrypted-media; gyroscope; picture-in-picture; web-share\" referrerpolicy=\"strict-origin-when-cross-origin\" allowfullscreen><\/iframe>\n<\/div><\/figure>\n","protected":false},"excerpt":{"rendered":"<p>&#171;Prezidentin tap\u015f\u0131r\u0131\u011f\u0131 il\u0259 azadl\u0131\u011fa burax\u0131lan d\u00f6rd \u015f\u0259hid atas\u0131ndan biri oldum\u201d. Bunu Baku TV-d\u0259 yay\u0131mlanan &#171;Arzunun&#8230;<\/p>\n","protected":false},"author":3,"featured_media":14848,"comment_status":"closed","ping_status":"closed","sticky":false,"template":"","format":"standard","meta":{"footnotes":""},"categories":[6],"tags":[],"class_list":["post-14847","post","type-post","status-publish","format-standard","has-post-thumbnail","hentry","category-cmiyyt"],"featured_image_urls":{"full":["https:\/\/veteran.az\/wp-content\/uploads\/2022\/02\/1644513762_untitled-1.jpg",800,450,false],"thumbnail":["https:\/\/veteran.az\/wp-content\/uploads\/2022\/02\/1644513762_untitled-1-150x150.jpg",150,150,true],"medium":["https:\/\/veteran.az\/wp-content\/uploads\/2022\/02\/1644513762_untitled-1-300x169.jpg",300,169,true],"medium_large":["https:\/\/veteran.az\/wp-content\/uploads\/2022\/02\/1644513762_untitled-1-768x432.jpg",640,360,true],"large":["https:\/\/veteran.az\/wp-content\/uploads\/2022\/02\/1644513762_untitled-1.jpg",640,360,false],"1536x1536":["https:\/\/veteran.az\/wp-content\/uploads\/2022\/02\/1644513762_untitled-1.jpg",800,450,false],"2048x2048":["https:\/\/veteran.az\/wp-content\/uploads\/2022\/02\/1644513762_untitled-1.jpg",800,450,false],"covernews-slider-full":["https:\/\/veteran.az\/wp-content\/uploads\/2022\/02\/1644513762_untitled-1.jpg",800,450,false],"covernews-slider-center":["https:\/\/veteran.az\/wp-content\/uploads\/2022\/02\/1644513762_untitled-1.jpg",800,450,false],"covernews-featured":["https:\/\/veteran.az\/wp-content\/uploads\/2022\/02\/1644513762_untitled-1.jpg",800,450,false],"covernews-medium":["https:\/\/veteran.az\/wp-content\/uploads\/2022\/02\/1644513762_untitled-1-720x380.jpg",540,285,true],"covernews-medium-square":["https:\/\/veteran.az\/wp-content\/uploads\/2022\/02\/1644513762_untitled-1-675x450.jpg",375,250,true]},"author_info":{"display_name":"Veteran.az","author_link":"https:\/\/veteran.az\/?author=3"},"category_info":"<a href=\"https:\/\/veteran.az\/?cat=6\" rel=\"category\">C\u0259miyy\u0259t<\/a>","tag_info":"C\u0259miyy\u0259t","comment_count":"0","_links":{"self":[{"href":"https:\/\/veteran.az\/index.php?rest_route=\/wp\/v2\/posts\/14847","targetHints":{"allow":["GET"]}}],"collection":[{"href":"https:\/\/veteran.az\/index.php?rest_route=\/wp\/v2\/posts"}],"about":[{"href":"https:\/\/veteran.az\/index.php?rest_route=\/wp\/v2\/types\/post"}],"author":[{"embeddable":true,"href":"https:\/\/veteran.az\/index.php?rest_route=\/wp\/v2\/users\/3"}],"replies":[{"embeddable":true,"href":"https:\/\/veteran.az\/index.php?rest_route=%2Fwp%2Fv2%2Fcomments&post=14847"}],"version-history":[{"count":1,"href":"https:\/\/veteran.az\/index.php?rest_route=\/wp\/v2\/posts\/14847\/revisions"}],"predecessor-version":[{"id":14849,"href":"https:\/\/veteran.az\/index.php?rest_route=\/wp\/v2\/posts\/14847\/revisions\/14849"}],"wp:featuredmedia":[{"embeddable":true,"href":"https:\/\/veteran.az\/index.php?rest_route=\/wp\/v2\/media\/14848"}],"wp:attachment":[{"href":"https:\/\/veteran.az\/index.php?rest_route=%2Fwp%2Fv2%2Fmedia&parent=14847"}],"wp:term":[{"taxonomy":"category","embeddable":true,"href":"https:\/\/veteran.az\/index.php?rest_route=%2Fwp%2Fv2%2Fcategories&post=14847"},{"taxonomy":"post_tag","embeddable":true,"href":"https:\/\/veteran.az\/index.php?rest_route=%2Fwp%2Fv2%2Ftags&post=14847"}],"curies":[{"name":"wp","href":"https:\/\/api.w.org\/{rel}","templated":true}]}}