{"id":14771,"date":"2022-02-05T02:16:43","date_gmt":"2022-02-04T22:16:43","guid":{"rendered":"http:\/\/veteran.az\/?p=14771"},"modified":"2022-02-05T02:16:44","modified_gmt":"2022-02-04T22:16:44","slug":"v%c9%99t%c9%99n-muharib%c9%99sind%c9%99n-sonra-mina-partlayisinda-36-n%c9%99f%c9%99r-h%c9%99lak-olub","status":"publish","type":"post","link":"https:\/\/veteran.az\/?p=14771","title":{"rendered":"V\u0259t\u0259n m\u00fcharib\u0259sind\u0259n sonra mina partlay\u0131\u015f\u0131nda 36 n\u0259f\u0259r h\u0259lak olub"},"content":{"rendered":"\n<p><strong>V\u0259t\u0259n m\u00fcharib\u0259sind\u0259n indiy\u0259d\u0259k mina partlay\u0131\u015f\u0131nda 36 n\u0259f\u0259r h\u0259lak olub.<\/strong><\/p>\n\n\n\n<p>Bunu Prezident \u0130lham \u018fliyev Fransa Prezidenti Emmanuel Makronun, Avropa \u0130ttifaq\u0131 \u015euras\u0131n\u0131n Prezidenti \u015earl Mi\u015felin v\u0259 Erm\u0259nistan Respublikas\u0131n\u0131n ba\u015f naziri Nikol Pa\u015finyan\u0131n i\u015ftirak\u0131 il\u0259 videoformatda ke\u00e7iril\u0259n g\u00f6r\u00fc\u015fd\u0259 deyib.<\/p>\n\n\n\n<p>M\u00fczakir\u0259l\u0259r zaman\u0131 Prezident \u0130lham \u018fliyev Birinci Qaraba\u011f m\u00fcharib\u0259si zaman\u0131 itkin d\u00fc\u015fm\u00fc\u015f \u015f\u0259xsl\u0259rin taleyinin, k\u00fctl\u0259vi m\u0259zarl\u0131qlar\u0131n yerinin m\u00fc\u0259yy\u0259nl\u0259\u015fdirilm\u0259si, i\u015f\u011faldan azad edilmi\u015f \u0259razil\u0259rin minalardan t\u0259mizl\u0259nm\u0259si sah\u0259sind\u0259 Az\u0259rbaycana beyn\u0259lxalq d\u0259st\u0259yin art\u0131r\u0131lmas\u0131, d\u0259mir yolu v\u0259 avtomobil yolu il\u0259 n\u0259qliyyat d\u0259hlizinin a\u00e7\u0131lmas\u0131 m\u0259s\u0259l\u0259sin\u0259 x\u00fcsusi olaraq diqq\u0259t verib.<\/p>\n\n\n\n<p>D\u00f6vl\u0259timizin ba\u015f\u00e7\u0131s\u0131 Birinci Qaraba\u011f m\u00fcharib\u0259si zaman\u0131 71-i u\u015faq, 267-si qad\u0131n v\u0259 326-s\u0131 ah\u0131l olmaqla \u00fcmumilikd\u0259 3890 Az\u0259rbaycan v\u0259t\u0259nda\u015f\u0131n\u0131n itkin d\u00fc\u015fm\u0259sini qabard\u0131b.<\/p>\n\n\n\n<p>Prezident \u0130lham \u018fliyev qeyd edib ki, V\u0259t\u0259n m\u00fcharib\u0259sinin ba\u015fa \u00e7atmas\u0131ndan b\u0259ri mina partlay\u0131\u015f\u0131 n\u0259tic\u0259sind\u0259 36 n\u0259f\u0259r Az\u0259rbaycan v\u0259t\u0259nda\u015f\u0131 h\u0259lak olub, 165 n\u0259f\u0259r is\u0259 yaralan\u0131b.<\/p>\n","protected":false},"excerpt":{"rendered":"<p>V\u0259t\u0259n m\u00fcharib\u0259sind\u0259n indiy\u0259d\u0259k mina partlay\u0131\u015f\u0131nda 36 n\u0259f\u0259r h\u0259lak olub. Bunu Prezident \u0130lham \u018fliyev Fransa Prezidenti&#8230;<\/p>\n","protected":false},"author":3,"featured_media":14772,"comment_status":"closed","ping_status":"closed","sticky":false,"template":"","format":"standard","meta":{"footnotes":""},"categories":[6],"tags":[],"class_list":["post-14771","post","type-post","status-publish","format-standard","has-post-thumbnail","hentry","category-cmiyyt"],"featured_image_urls":{"full":["https:\/\/veteran.az\/wp-content\/uploads\/2022\/02\/1643991409_fa-715x400-1.jpg",715,400,false],"thumbnail":["https:\/\/veteran.az\/wp-content\/uploads\/2022\/02\/1643991409_fa-715x400-1-150x150.jpg",150,150,true],"medium":["https:\/\/veteran.az\/wp-content\/uploads\/2022\/02\/1643991409_fa-715x400-1-300x168.jpg",300,168,true],"medium_large":["https:\/\/veteran.az\/wp-content\/uploads\/2022\/02\/1643991409_fa-715x400-1.jpg",640,358,false],"large":["https:\/\/veteran.az\/wp-content\/uploads\/2022\/02\/1643991409_fa-715x400-1.jpg",640,358,false],"1536x1536":["https:\/\/veteran.az\/wp-content\/uploads\/2022\/02\/1643991409_fa-715x400-1.jpg",715,400,false],"2048x2048":["https:\/\/veteran.az\/wp-content\/uploads\/2022\/02\/1643991409_fa-715x400-1.jpg",715,400,false],"covernews-slider-full":["https:\/\/veteran.az\/wp-content\/uploads\/2022\/02\/1643991409_fa-715x400-1.jpg",715,400,false],"covernews-slider-center":["https:\/\/veteran.az\/wp-content\/uploads\/2022\/02\/1643991409_fa-715x400-1.jpg",715,400,false],"covernews-featured":["https:\/\/veteran.az\/wp-content\/uploads\/2022\/02\/1643991409_fa-715x400-1.jpg",715,400,false],"covernews-medium":["https:\/\/veteran.az\/wp-content\/uploads\/2022\/02\/1643991409_fa-715x400-1-715x380.jpg",540,287,true],"covernews-medium-square":["https:\/\/veteran.az\/wp-content\/uploads\/2022\/02\/1643991409_fa-715x400-1-675x400.jpg",400,237,true]},"author_info":{"display_name":"Veteran.az","author_link":"https:\/\/veteran.az\/?author=3"},"category_info":"<a href=\"https:\/\/veteran.az\/?cat=6\" rel=\"category\">C\u0259miyy\u0259t<\/a>","tag_info":"C\u0259miyy\u0259t","comment_count":"0","_links":{"self":[{"href":"https:\/\/veteran.az\/index.php?rest_route=\/wp\/v2\/posts\/14771","targetHints":{"allow":["GET"]}}],"collection":[{"href":"https:\/\/veteran.az\/index.php?rest_route=\/wp\/v2\/posts"}],"about":[{"href":"https:\/\/veteran.az\/index.php?rest_route=\/wp\/v2\/types\/post"}],"author":[{"embeddable":true,"href":"https:\/\/veteran.az\/index.php?rest_route=\/wp\/v2\/users\/3"}],"replies":[{"embeddable":true,"href":"https:\/\/veteran.az\/index.php?rest_route=%2Fwp%2Fv2%2Fcomments&post=14771"}],"version-history":[{"count":1,"href":"https:\/\/veteran.az\/index.php?rest_route=\/wp\/v2\/posts\/14771\/revisions"}],"predecessor-version":[{"id":14773,"href":"https:\/\/veteran.az\/index.php?rest_route=\/wp\/v2\/posts\/14771\/revisions\/14773"}],"wp:featuredmedia":[{"embeddable":true,"href":"https:\/\/veteran.az\/index.php?rest_route=\/wp\/v2\/media\/14772"}],"wp:attachment":[{"href":"https:\/\/veteran.az\/index.php?rest_route=%2Fwp%2Fv2%2Fmedia&parent=14771"}],"wp:term":[{"taxonomy":"category","embeddable":true,"href":"https:\/\/veteran.az\/index.php?rest_route=%2Fwp%2Fv2%2Fcategories&post=14771"},{"taxonomy":"post_tag","embeddable":true,"href":"https:\/\/veteran.az\/index.php?rest_route=%2Fwp%2Fv2%2Ftags&post=14771"}],"curies":[{"name":"wp","href":"https:\/\/api.w.org\/{rel}","templated":true}]}}