{"id":14752,"date":"2022-02-03T12:42:23","date_gmt":"2022-02-03T08:42:23","guid":{"rendered":"http:\/\/veteran.az\/?p=14752"},"modified":"2022-02-03T12:42:24","modified_gmt":"2022-02-03T08:42:24","slug":"s%c9%99hid-jurnalistl%c9%99rin-ordenl%c9%99ri-ail%c9%99l%c9%99rin%c9%99-t%c9%99qdim-edilib","status":"publish","type":"post","link":"https:\/\/veteran.az\/?p=14752","title":{"rendered":"\u015e\u0259hid jurnalistl\u0259rin ordenl\u0259ri ail\u0259l\u0259rin\u0259 t\u0259qdim edilib"},"content":{"rendered":"\n<p><strong>K\u0259lb\u0259c\u0259r rayonunun Susuzluq k\u0259ndi yax\u0131nl\u0131qlar\u0131nda ba\u015f ver\u0259n mina partlay\u0131\u015f\u0131 n\u0259tic\u0259sind\u0259 \u015f\u0259hid olan jurnalistl\u0259r Sirac Ab\u0131\u015fov v\u0259 M\u0259h\u0259rr\u0259m \u0130brahimovun ail\u0259l\u0259rin\u0259 Prezident \u0130lham \u018fliyevin s\u0259r\u0259ncam\u0131 il\u0259 veril\u0259n 3-c\u00fc d\u0259r\u0259c\u0259li &#171;V\u0259t\u0259n\u0259 xidm\u0259t\u0259 g\u00f6r\u0259&#187; ordeni t\u0259qdim edilib.<\/strong><\/p>\n\n\n\n<p>Ordenl\u0259r Prezident Administrasiyas\u0131n\u0131n n\u00fcmay\u0259nd\u0259si Kamran H\u0259s\u0259nov v\u0259 Median\u0131n \u0130nki\u015faf\u0131 Agentliyinin r\u0259hb\u0259ri \u018fhm\u0259d \u0130smay\u0131lov t\u0259r\u0259find\u0259n verilib.<br><br>Qeyd ed\u0259k ki, Sirac Ab\u0131\u015f o\u011flu Ab\u0131\u015fov 29 avqust 1989-cu il tarixind\u0259 Qubadl\u0131 rayonunun Dondarl\u0131 k\u0259ndind\u0259 anadan olub. Sirac Birinci Qaraba\u011f m\u00fcharib\u0259si zaman\u0131 ail\u0259si il\u0259 birlikd\u0259 evl\u0259rind\u0259n did\u0259rgin d\u00fc\u015f\u00fcb, Sumqay\u0131t \u015f\u0259h\u0259rind\u0259 ya\u015fama\u011fa ba\u015flay\u0131b.<br><br>4 iyun 2021-ci ild\u0259 K\u0259lb\u0259c\u0259r rayonunun Susuzluq k\u0259ndin\u0259 ged\u0259n yolda minaya d\u00fc\u015f\u0259r\u0259k \u015f\u0259hid olub. 5 iyunda Sumqay\u0131t \u015f\u0259h\u0259r \u015e\u0259hidl\u0259r xiyaban\u0131nda d\u0259fn edilib. M\u0259rasimd\u0259 \u015f\u0259hidin ail\u0259 \u00fczvl\u0259ri, yax\u0131nlar\u0131 il\u0259 yana\u015f\u0131 Prezidentin k\u00f6m\u0259k\u00e7isi, Prezident Administrasiyas\u0131 xarici siyas\u0259t m\u0259s\u0259l\u0259l\u0259ri \u015f\u00f6b\u0259sinin m\u00fcdiri Hikm\u0259t Hac\u0131yev, Median\u0131n \u0130nki\u015faf\u0131 Agentliyinin (MED\u0130A) \u0130cra\u00e7\u0131 direktoru \u018fhm\u0259d \u0130smay\u0131lov, \u201cAz\u0259rbaycan Televiziya v\u0259 Radio Verili\u015fl\u0259ri\u201d Qapal\u0131 S\u0259hmdar C\u0259miyy\u0259tinin s\u0259dri R\u00f6v\u015f\u0259n M\u0259mm\u0259dov v\u0259 ictimaiyy\u0259t n\u00fcmay\u0259nd\u0259l\u0259ri i\u015ftirak edibl\u0259r.<br><br>\u201cS\u0259rh\u0259dsiz Reportyorlar\u201d T\u0259\u015fkilat\u0131 (SRT) 2021-ci ild\u0259 v\u0259zif\u0259 borcunu yerin\u0259 yetir\u0259rk\u0259n h\u0259lak olan jurnalistl\u0259rin siyah\u0131s\u0131na M\u0259h\u0259rr\u0259m \u0130brahimovu v\u0259 Sirac Ab\u0131\u015fovu ad\u0131n\u0131 sal\u0131b.<br><br>Az\u0259rbaycan Prezidenti \u0130lham \u018fliyevin iyunun 14-d\u0259 imzalad\u0131\u011f\u0131 S\u0259r\u0259ncamla i\u015f\u011faldan azad olunan \u0259razil\u0259rd\u0259 v\u0259zif\u0259 borcunu yerin\u0259 yetirmi\u015f Ab\u0131\u015fov Sirac Ab\u0131\u015f o\u011flu &#171;3-c\u00fc d\u0259r\u0259c\u0259li &#171;V\u0259t\u0259n\u0259 xidm\u0259t\u0259 g\u00f6r\u0259&#187; ordeni il\u0259 t\u0259ltif edilib. H\u0259m\u00e7inin, Sirac Ab\u0131\u015fov S\u0259f\u0259rb\u0259rlik v\u0259 H\u0259rbi Xidm\u0259t\u0259 \u00c7a\u011f\u0131r\u0131\u015f \u00fczr\u0259 D\u00f6vl\u0259t Xidm\u0259tinin r\u0259isi Arzu R\u0259himovun \u0259mri il\u0259 \u201cH\u0259rbi v\u0259t\u0259np\u0259rv\u0259rlik t\u0259rbiy\u0259sind\u0259 xidm\u0259tl\u0259r\u0259 g\u00f6r\u0259\u201d medal\u0131 il\u0259 t\u0259ltif edilib.<br><br>M\u0259h\u0259rr\u0259m \u018fli o\u011flu \u0130brahimov 1982-ci il aprelin 16-da Erm\u0259nistan\u0131n Krasnoselsk rayonunun (G\u00f6y\u00e7\u0259 mahal\u0131n\u0131n \u00c7\u0259mb\u0259r\u0259k rayonu) Ardan\u0131\u015f k\u0259ndind\u0259 anadan olub. 1989-cu ild\u0259 Ardan\u0131\u015f k\u0259nd orta m\u0259kt\u0259binin birinci sinfin\u0259 gedib. 1999-cu ild\u0259 100 n\u00f6mr\u0259li orta m\u0259kt\u0259bi bitir\u0259r\u0259k h\u0259min il Ali \u0130ctimai-Siyasi Kollecin Jurnalistika fak\u00fclt\u0259sin\u0259 daxil olub. 2003-c\u00fc ild\u0259 ali m\u0259kt\u0259bi bitir\u0259r\u0259k iyulun 15-d\u0259 Bin\u0259q\u0259di Rayon H\u0259rbi Komissarl\u0131\u011f\u0131ndan h\u0259qiqi h\u0259rbi xidm\u0259t\u0259 \u00e7a\u011f\u0131r\u0131l\u0131b. 2004-c\u00fc il iyulun 15-d\u0259 h\u0259qiqi h\u0259rbi xidm\u0259tini Az\u0259rbaycan Respublikas\u0131n\u0131n Daxili \u0130\u015fl\u0259r Nazirliyi Daxili Qo\u015funlar\u0131nda ba\u015fa vurub.<br><br>2004-c\u00fc il sentyabr\u0131n 1-d\u0259n Az\u0259rbaycan D\u00f6vl\u0259t \u0130nformasiya Agentliyind\u0259 (indiki AZ\u018fRTAC) m\u00fcxbir, 2007-ci il yanvar\u0131n 16-dan apar\u0131c\u0131 m\u00fcxbir v\u0259zif\u0259sind\u0259 \u00e7al\u0131\u015f\u0131b.<br><br>2021-ci ilin iyunun 4-d\u0259 K\u0259lb\u0259c\u0259r rayonunun Susuzluq k\u0259ndin\u0259 ged\u0259n yolda minaya d\u00fc\u015f\u0259r\u0259k \u015f\u0259hid olub. \u0130ki \u00f6vlad\u0131 olan M.\u0130brahimov iyunun 5-d\u0259 Ab\u015feron rayonu, M\u00fc\u015ffiqabad q\u0259s\u0259b\u0259sind\u0259ki q\u0259biristanl\u0131qda, valideynl\u0259rinin yan\u0131nda d\u0259fn edilib.<br><br>Az\u0259rbaycan Prezidenti \u0130lham \u018fliyevin iyunun 14-d\u0259 imzalad\u0131\u011f\u0131 S\u0259r\u0259ncamla i\u015f\u011faldan azad olunan \u0259razil\u0259rd\u0259 v\u0259zif\u0259 borcunu yerin\u0259 yetirmi\u015f \u0130brahimov M\u0259h\u0259rr\u0259m \u018fli o\u011flu 3-c\u00fc d\u0259r\u0259c\u0259li \u201cV\u0259t\u0259n\u0259 xidm\u0259t\u0259 g\u00f6r\u0259\u201d ordeni il\u0259 t\u0259ltif edilib.<br><\/p>\n","protected":false},"excerpt":{"rendered":"<p>K\u0259lb\u0259c\u0259r rayonunun Susuzluq k\u0259ndi yax\u0131nl\u0131qlar\u0131nda ba\u015f ver\u0259n mina partlay\u0131\u015f\u0131 n\u0259tic\u0259sind\u0259 \u015f\u0259hid olan jurnalistl\u0259r Sirac Ab\u0131\u015fov&#8230;<\/p>\n","protected":false},"author":3,"featured_media":14753,"comment_status":"closed","ping_status":"closed","sticky":false,"template":"","format":"standard","meta":{"footnotes":""},"categories":[6],"tags":[],"class_list":["post-14752","post","type-post","status-publish","format-standard","has-post-thumbnail","hentry","category-cmiyyt"],"featured_image_urls":{"full":["https:\/\/veteran.az\/wp-content\/uploads\/2022\/02\/53818189.jpg",654,428,false],"thumbnail":["https:\/\/veteran.az\/wp-content\/uploads\/2022\/02\/53818189-150x150.jpg",150,150,true],"medium":["https:\/\/veteran.az\/wp-content\/uploads\/2022\/02\/53818189-300x196.jpg",300,196,true],"medium_large":["https:\/\/veteran.az\/wp-content\/uploads\/2022\/02\/53818189.jpg",640,419,false],"large":["https:\/\/veteran.az\/wp-content\/uploads\/2022\/02\/53818189.jpg",640,419,false],"1536x1536":["https:\/\/veteran.az\/wp-content\/uploads\/2022\/02\/53818189.jpg",654,428,false],"2048x2048":["https:\/\/veteran.az\/wp-content\/uploads\/2022\/02\/53818189.jpg",654,428,false],"covernews-slider-full":["https:\/\/veteran.az\/wp-content\/uploads\/2022\/02\/53818189.jpg",654,428,false],"covernews-slider-center":["https:\/\/veteran.az\/wp-content\/uploads\/2022\/02\/53818189.jpg",654,428,false],"covernews-featured":["https:\/\/veteran.az\/wp-content\/uploads\/2022\/02\/53818189.jpg",654,428,false],"covernews-medium":["https:\/\/veteran.az\/wp-content\/uploads\/2022\/02\/53818189-654x380.jpg",540,314,true],"covernews-medium-square":["https:\/\/veteran.az\/wp-content\/uploads\/2022\/02\/53818189.jpg",382,250,false]},"author_info":{"display_name":"Veteran.az","author_link":"https:\/\/veteran.az\/?author=3"},"category_info":"<a href=\"https:\/\/veteran.az\/?cat=6\" rel=\"category\">C\u0259miyy\u0259t<\/a>","tag_info":"C\u0259miyy\u0259t","comment_count":"0","_links":{"self":[{"href":"https:\/\/veteran.az\/index.php?rest_route=\/wp\/v2\/posts\/14752","targetHints":{"allow":["GET"]}}],"collection":[{"href":"https:\/\/veteran.az\/index.php?rest_route=\/wp\/v2\/posts"}],"about":[{"href":"https:\/\/veteran.az\/index.php?rest_route=\/wp\/v2\/types\/post"}],"author":[{"embeddable":true,"href":"https:\/\/veteran.az\/index.php?rest_route=\/wp\/v2\/users\/3"}],"replies":[{"embeddable":true,"href":"https:\/\/veteran.az\/index.php?rest_route=%2Fwp%2Fv2%2Fcomments&post=14752"}],"version-history":[{"count":1,"href":"https:\/\/veteran.az\/index.php?rest_route=\/wp\/v2\/posts\/14752\/revisions"}],"predecessor-version":[{"id":14754,"href":"https:\/\/veteran.az\/index.php?rest_route=\/wp\/v2\/posts\/14752\/revisions\/14754"}],"wp:featuredmedia":[{"embeddable":true,"href":"https:\/\/veteran.az\/index.php?rest_route=\/wp\/v2\/media\/14753"}],"wp:attachment":[{"href":"https:\/\/veteran.az\/index.php?rest_route=%2Fwp%2Fv2%2Fmedia&parent=14752"}],"wp:term":[{"taxonomy":"category","embeddable":true,"href":"https:\/\/veteran.az\/index.php?rest_route=%2Fwp%2Fv2%2Fcategories&post=14752"},{"taxonomy":"post_tag","embeddable":true,"href":"https:\/\/veteran.az\/index.php?rest_route=%2Fwp%2Fv2%2Ftags&post=14752"}],"curies":[{"name":"wp","href":"https:\/\/api.w.org\/{rel}","templated":true}]}}