{"id":14721,"date":"2022-02-02T00:39:12","date_gmt":"2022-02-01T20:39:12","guid":{"rendered":"http:\/\/veteran.az\/?p=14721"},"modified":"2022-02-02T00:39:12","modified_gmt":"2022-02-01T20:39:12","slug":"qriqoryan-bmt-c%c9%99tiri-altinda-az%c9%99rbaycana-hucum-edir-onu-niy%c9%99-dur-demirl%c9%99r","status":"publish","type":"post","link":"https:\/\/veteran.az\/?p=14721","title":{"rendered":"Qriqoryan BMT \u00e7\u0259tiri alt\u0131nda Az\u0259rbaycana h\u00fccum edir: onu niy\u0259 \u201cdur\u201d demirl\u0259r?"},"content":{"rendered":"\n<p><strong>BMT-nin \u0130nki\u015faf Proqram\u0131n\u0131n \u015eimali Makedoniya \u00fczr\u0259 Rezident N\u00fcmay\u0259nd\u0259si Armen Qriqoryan Az\u0259rbaycana qar\u015f\u0131 kampaniya apar\u0131r. O, 2021-ci ilin 11 oktyabr tarixind\u0259 bu v\u0259zif\u0259y\u0259 t\u0259yin olunub. Armen 2015-ci ild\u0259n 2021-ci il\u0259d\u0259k- \u015eimali Makedoniyaya ged\u0259n\u0259 q\u0259d\u0259r BMT-nin \u0130stanbul Regional M\u0259rk\u0259zind\u0259 \u0130nki\u015faf Proqram\u0131n\u0131n \u0130stanbul Regional M\u0259rk\u0259zind\u0259 \u00e7al\u0131\u015f\u0131b.<\/strong><\/p>\n\n\n\n<p>T\u0259rc\u00fcmeyi-hal\u0131na baxd\u0131qda BMT-d\u0259 \u201cf\u0259al \u0259m\u0259kda\u015flardan\u201d oldu\u011fu g\u00f6r\u00fcn\u00fcr. Problem onun erm\u0259ni olmas\u0131nda yox, BMT-nin \u0259m\u0259kda\u015f\u0131 oldu\u011fu halda Az\u0259rbaycan v\u0259 T\u00fcrkiy\u0259y\u0259 qar\u015f\u0131 t\u0259bli\u011fat aparmas\u0131ndad\u0131r.<\/p>\n\n\n\n<p>44 g\u00fcnl\u00fck m\u00fcharib\u0259d\u0259 Armen Qriqoryan sosial \u015f\u0259b\u0259k\u0259l\u0259rd\u0259 aktiv \u015f\u0259kild\u0259 erm\u0259nil\u0259ri m\u00fcdafi\u0259 edir, Az\u0259rbaycan v\u0259 T\u00fcrkiy\u0259nin \u0259leyhin\u0259 kampaniya apar\u0131rd\u0131. M\u00fcharib\u0259d\u0259n \u00f6nc\u0259 is\u0259 o, qondarma \u201cdqr\u201d\u0259 s\u0259f\u0259rl\u0259ri t\u0259bli\u011f ed\u0259n materiallar\u0131 yay\u0131mlay\u0131b.<\/p>\n\n\n\n<p>Armen Qriqoryan bir erm\u0259ni kimi bunu ed\u0259 bil\u0259r, amma BMT \u0259m\u0259kda\u015f\u0131 kimi yox.<\/p>\n\n\n\n<p>Birincisi, bu, BMT-nin \u0259m\u0259kda\u015flar\u0131 \u00fc\u00e7\u00fcn n\u0259z\u0259rd\u0259 tutdu\u011fu etik kodeks\u0259 ziddir: kodeksd\u0259 bildirilir ki, \u201cBMT \u0130nki\u015faf Propqram\u0131nda etika prinsipial olaraq, BMT\u0130P-in v\u0259 xidm\u0259t etdiyimiz ictimaiyy\u0259tin maraqlar\u0131n\u0131 \u015f\u0259xsi maraqlar\u0131m\u0131zdan \u00fcst\u00fcn tutmamaqd\u0131r\u201d v\u0259 s;<\/p>\n\n\n\n<p>\u0130kincisi, BMT T\u0259hl\u00fck\u0259sizlik \u015euras\u0131n\u0131n Erm\u0259nistan\u0131n Az\u0259rbaycan torpaqlar\u0131n\u0131n i\u015f\u011fal etm\u0259si il\u0259 ba\u011fl\u0131 4 q\u0259tnam\u0259si var: qurumun \u0259m\u0259kda\u015f\u0131 is\u0259 n\u0259inki bu q\u0259tnam\u0259l\u0259ri diqq\u0259t\u0259 alm\u0131r, \u0259ksin\u0259, Erm\u0259nistan\u0131n Az\u0259rbaycan v\u0259 T\u00fcrkiy\u0259y\u0259 qar\u015f\u0131 \u0259razi iddialar\u0131n\u0131 d\u0259st\u0259kl\u0259yir, bununla ba\u011fl\u0131 t\u0259bli\u011fat apar\u0131r;<\/p>\n\n\n\n<p>A.Qriqoryan\u0131n \u0259m\u0259kda\u015f\u0131 oldu\u011fu BMT prinsipl\u0259rini pozmas\u0131ndan sonra g\u00f6zl\u0259nil\u0259n idi ki, onun f\u0259aliyy\u0259tin\u0259 imkan verilm\u0259m\u0259li, yaxud \u0259n az\u0131ndan t\u0259dbir g\u00f6r\u00fclm\u0259li idi. Lakin m\u00fcharib\u0259d\u0259n sonra A.Qriqoryan\u0131n BMT-d\u0259 v\u0259zif\u0259si b\u00f6y\u00fcd\u00fcld\u00fc: \u0130stanbulda m\u00fc\u015favir idis\u0259, \u015eimali Makedoniyada Rezident N\u00fcmay\u0259nd\u0259 t\u0259yin olundu; Qriqoryan BMT \u00e7\u0259tirind\u0259n qalxan kimi istifad\u0259 etm\u0259kl\u0259 Az\u0259rbaycan v\u0259 T\u00fcrkiy\u0259y\u0259 qar\u015f\u0131 f\u0259aliyy\u0259tini qald\u0131\u011f\u0131 yerd\u0259n davam etdirir;<\/p>\n\n\n\n<p>BMT-nin \u00f6z nizamnam\u0259sini pozan \u0259m\u0259kda\u015f\u0131 il\u0259 ba\u011fl\u0131 t\u0259dbir g\u00f6rm\u0259si h\u0259l\u0259 d\u0259 g\u00f6zl\u0259nti olaraq qal\u0131r. Az\u0259rbaycan v\u0259 T\u00fcrkiy\u0259nin BMT-d\u0259ki n\u00fcmay\u0259nd\u0259liyi d\u0259 bu m\u0259s\u0259l\u0259ni diqq\u0259td\u0259 saxlamal\u0131, \u0259n az\u0131 Armenin f\u0259aliyy\u0259tinin ara\u015fd\u0131r\u0131lmas\u0131n\u0131 t\u0259l\u0259b etm\u0259lidir.<\/p>\n\n\n\n<p>M\u0259nb\u0259: Alp.az<\/p>\n","protected":false},"excerpt":{"rendered":"<p>BMT-nin \u0130nki\u015faf Proqram\u0131n\u0131n \u015eimali Makedoniya \u00fczr\u0259 Rezident N\u00fcmay\u0259nd\u0259si Armen Qriqoryan Az\u0259rbaycana qar\u015f\u0131 kampaniya apar\u0131r. O,&#8230;<\/p>\n","protected":false},"author":3,"featured_media":14722,"comment_status":"closed","ping_status":"closed","sticky":false,"template":"","format":"standard","meta":{"footnotes":""},"categories":[10],"tags":[],"class_list":["post-14721","post","type-post","status-publish","format-standard","has-post-thumbnail","hentry","category-avmvib"],"featured_image_urls":{"full":["https:\/\/veteran.az\/wp-content\/uploads\/2022\/02\/media-c1dd01bf4bd866b9a2005ca1d14b4b01-uh0wncs5ktfe3bal21gj-620x326-1.jpg",620,326,false],"thumbnail":["https:\/\/veteran.az\/wp-content\/uploads\/2022\/02\/media-c1dd01bf4bd866b9a2005ca1d14b4b01-uh0wncs5ktfe3bal21gj-620x326-1-150x150.jpg",150,150,true],"medium":["https:\/\/veteran.az\/wp-content\/uploads\/2022\/02\/media-c1dd01bf4bd866b9a2005ca1d14b4b01-uh0wncs5ktfe3bal21gj-620x326-1-300x158.jpg",300,158,true],"medium_large":["https:\/\/veteran.az\/wp-content\/uploads\/2022\/02\/media-c1dd01bf4bd866b9a2005ca1d14b4b01-uh0wncs5ktfe3bal21gj-620x326-1.jpg",620,326,false],"large":["https:\/\/veteran.az\/wp-content\/uploads\/2022\/02\/media-c1dd01bf4bd866b9a2005ca1d14b4b01-uh0wncs5ktfe3bal21gj-620x326-1.jpg",620,326,false],"1536x1536":["https:\/\/veteran.az\/wp-content\/uploads\/2022\/02\/media-c1dd01bf4bd866b9a2005ca1d14b4b01-uh0wncs5ktfe3bal21gj-620x326-1.jpg",620,326,false],"2048x2048":["https:\/\/veteran.az\/wp-content\/uploads\/2022\/02\/media-c1dd01bf4bd866b9a2005ca1d14b4b01-uh0wncs5ktfe3bal21gj-620x326-1.jpg",620,326,false],"covernews-slider-full":["https:\/\/veteran.az\/wp-content\/uploads\/2022\/02\/media-c1dd01bf4bd866b9a2005ca1d14b4b01-uh0wncs5ktfe3bal21gj-620x326-1.jpg",620,326,false],"covernews-slider-center":["https:\/\/veteran.az\/wp-content\/uploads\/2022\/02\/media-c1dd01bf4bd866b9a2005ca1d14b4b01-uh0wncs5ktfe3bal21gj-620x326-1.jpg",620,326,false],"covernews-featured":["https:\/\/veteran.az\/wp-content\/uploads\/2022\/02\/media-c1dd01bf4bd866b9a2005ca1d14b4b01-uh0wncs5ktfe3bal21gj-620x326-1.jpg",620,326,false],"covernews-medium":["https:\/\/veteran.az\/wp-content\/uploads\/2022\/02\/media-c1dd01bf4bd866b9a2005ca1d14b4b01-uh0wncs5ktfe3bal21gj-620x326-1.jpg",540,284,false],"covernews-medium-square":["https:\/\/veteran.az\/wp-content\/uploads\/2022\/02\/media-c1dd01bf4bd866b9a2005ca1d14b4b01-uh0wncs5ktfe3bal21gj-620x326-1.jpg",400,210,false]},"author_info":{"display_name":"Veteran.az","author_link":"https:\/\/veteran.az\/?author=3"},"category_info":"<a href=\"https:\/\/veteran.az\/?cat=10\" rel=\"category\">AVMV\u0130B<\/a>","tag_info":"AVMV\u0130B","comment_count":"0","_links":{"self":[{"href":"https:\/\/veteran.az\/index.php?rest_route=\/wp\/v2\/posts\/14721","targetHints":{"allow":["GET"]}}],"collection":[{"href":"https:\/\/veteran.az\/index.php?rest_route=\/wp\/v2\/posts"}],"about":[{"href":"https:\/\/veteran.az\/index.php?rest_route=\/wp\/v2\/types\/post"}],"author":[{"embeddable":true,"href":"https:\/\/veteran.az\/index.php?rest_route=\/wp\/v2\/users\/3"}],"replies":[{"embeddable":true,"href":"https:\/\/veteran.az\/index.php?rest_route=%2Fwp%2Fv2%2Fcomments&post=14721"}],"version-history":[{"count":1,"href":"https:\/\/veteran.az\/index.php?rest_route=\/wp\/v2\/posts\/14721\/revisions"}],"predecessor-version":[{"id":14723,"href":"https:\/\/veteran.az\/index.php?rest_route=\/wp\/v2\/posts\/14721\/revisions\/14723"}],"wp:featuredmedia":[{"embeddable":true,"href":"https:\/\/veteran.az\/index.php?rest_route=\/wp\/v2\/media\/14722"}],"wp:attachment":[{"href":"https:\/\/veteran.az\/index.php?rest_route=%2Fwp%2Fv2%2Fmedia&parent=14721"}],"wp:term":[{"taxonomy":"category","embeddable":true,"href":"https:\/\/veteran.az\/index.php?rest_route=%2Fwp%2Fv2%2Fcategories&post=14721"},{"taxonomy":"post_tag","embeddable":true,"href":"https:\/\/veteran.az\/index.php?rest_route=%2Fwp%2Fv2%2Ftags&post=14721"}],"curies":[{"name":"wp","href":"https:\/\/api.w.org\/{rel}","templated":true}]}}